{"id":516352,"date":"2026-05-31T02:47:15","date_gmt":"2026-05-31T02:47:15","guid":{"rendered":"https:\/\/www.europesays.com\/it\/516352\/"},"modified":"2026-05-31T02:47:15","modified_gmt":"2026-05-31T02:47:15","slug":"bezzecchi-in-pole-con-il-nuovo-record-del-mugello-nella-grande-tripletta-aprilia","status":"publish","type":"post","link":"https:\/\/www.europesays.com\/it\/516352\/","title":{"rendered":"Bezzecchi in pole con il nuovo record del Mugello nella grande tripletta Aprilia"},"content":{"rendered":"<p>Se ieri le Ducati avevano fatto la voce grossa, stamattina le Aprilia hanno ruggito ancora pi\u00f9 forte. Le RS-GP hanno infatti monopolizzato la prima fila del Gran Premio d&#8217;Italia di MotoGP, con <a href=\"https:\/\/it.motorsport.com\/driver\/marco-bezzecchi\/177443\/\" target=\"_blank\" rel=\"noopener nofollow\">Marco Bezzecchi<\/a> che ha letteralmente polverizzato il record del Mugello.<\/p>\n<p>Il leader del Mondiale, che ha regalato un bellissimo tributo alla memoria di Alex Zanardi con il casco speciale che ha realizzato per questo fine settimana, \u00e8 diventato il primo nella storia a riuscire ad infrangere il muro dell&#8217;1&#8217;44&#8221; con uno strepitoso 1&#8217;43&#8243;921 che gli ha regalato la sua prima pole position sul saliscendi toscano.<\/p>\n<p>Alle sue spalle, staccato di 224 millesimi, c&#8217;\u00e8 uno strepitoso <a href=\"https:\/\/it.motorsport.com\/driver\/raul-fernandez\/443087\/\" target=\"_blank\" rel=\"noopener nofollow\">Raul Fernandez<\/a>. Il pilota del Trackhouse Racing non si \u00e8 accontentato solo di passare il taglio della Q1, ma poi si \u00e8 issato addirittura in seconda posizione, concretizzando un passo avanti davvero enorme rispetto alla giornata di venerd\u00ec.<\/p>\n<p>Per la Casa di Noale \u00e8 stata in generale una mattinata da record e non solo per la prima fila tutta sua. A concluderla c&#8217;\u00e8 <a href=\"https:\/\/it.motorsport.com\/driver\/jorge-martin\/164619\/\" target=\"_blank\" rel=\"noopener nofollow\">Jorge Martin<\/a>, che ha chiuso a 363 millesimi dal compagno di box. &#8220;Martinator&#8221; per\u00f2 ha a sua volta scritto una pagina di storia nella FP2, quando ha fatto segnare la nuova velocit\u00e0 record della MotoGP, toccando addirittura i 368,6 km\/h.<\/p>\n<p>In casa Ducati, dunque, per il momento devono leccarsi le ferite, anche se a seguire ci sono ben quattro Desmosedici GP. E\u00a0<a href=\"https:\/\/it.motorsport.com\/driver\/marc-marquez\/159980\/\" target=\"_blank\" rel=\"noopener nofollow\">Marc Marquez<\/a>, a dispetto della prudenza mostrata nei giorni scorsi, sembra essere tornato a tutti gli effetti. E&#8217; lui infatti il migliore tra i portacolori della Casa di Borgo Panigale, con il quarto tempo in 1&#8217;44&#8243;294, in barba alla recente doppia operazione al piede destro ed alla spalla destra.<\/p>\n<p>Molto interessante anche la prestazione sfoderata da <a href=\"https:\/\/it.motorsport.com\/driver\/fermin-aldeguer\/945238\/\" target=\"_blank\" rel=\"noopener nofollow\">Fermin Aldeguer<\/a>, che con la vecchia GP25 del <a href=\"https:\/\/it.motorsport.com\/team\/gresini-moto2\/2362\/\" target=\"_blank\" rel=\"noopener nofollow\">Gresini Racing<\/a> si \u00e8 infilato tra le due GP26 rosse, precedendo un Pecco Bagnaia che \u00e8 riuscito ad essere velocissimo nei primi due settori, ma poi ha perso tantissimo nel T3 nel suo giro migliore, ritrovandosi cos\u00ec sesto ad oltre mezzo secondo dalla pole di Bezzecchi.<\/p>\n<p>Dopo essere stato primo in ognuno dei turni di prove libere di questo weekend, sicuramente non pu\u00f2 essere soddisfatto della terza fila <a href=\"https:\/\/it.motorsport.com\/driver\/fabio-di-giannantonio\/177448\/\" target=\"_blank\" rel=\"noopener nofollow\">Fabio Di Giannantonio<\/a>. Il pilota della Pertamina Enduro VR46 per\u00f2 deve aver pagato probabilmente il problema tecnico accusato in FP2, che lo ha lasciato con una sola moto a disposizione, e quindi \u00e8 settimo in 1&#8217;44&#8243;498.<\/p>\n<p>Dietro di lui c&#8217;\u00e8 forse la vera rivelazione di queste qualifiche, ovvero <a href=\"https:\/\/it.motorsport.com\/driver\/diogo-moreira\/945124\/\" target=\"_blank\" rel=\"noopener nofollow\">Diogo Moreira<\/a>. Non solo il rookie brasiliano \u00e8 stato l&#8217;unico pilota Honda a centrare la Q2, ma si \u00e8 anche regalato un ottimo ottavo posto in griglia, davanti alla Ducati GP25 di <a href=\"https:\/\/it.motorsport.com\/driver\/franco-morbidelli\/314760\/\" target=\"_blank\" rel=\"noopener nofollow\">Franco Morbidelli<\/a>, che completa la terza fila.<\/p>\n<p>La Honda quindi stavolta \u00e8 andata meglio delle KTM, che si sono dovute accontentare della decima e dell&#8217;11\u00b0 piazza, con <a href=\"https:\/\/it.motorsport.com\/driver\/pedro-acosta\/458181\/\" target=\"_blank\" rel=\"noopener nofollow\">Pedro Acosta<\/a> che dopo essere stato costretto a passare dalla Q1 si \u00e8 preso almeno la palma di migliore tra le RC16, infilandosi davanti ad <a href=\"https:\/\/it.motorsport.com\/driver\/enea-bastianini-2-1445006891\/164612\/\" target=\"_blank\" rel=\"noopener nofollow\">Enea Bastianini<\/a> per un paio di decimi. La quarta fila si chiude poi con <a href=\"https:\/\/it.motorsport.com\/driver\/alex-rins\/164598\/\" target=\"_blank\" rel=\"noopener nofollow\">Alex Rins<\/a>, che ieri si era guadagnato la Q2 diretta con la sua Yamaha, ma stamani ha rimediato oltre un secondo di gap.<\/p>\n<p>Vista la la grande tripletta delle Aprilia, stona un po&#8217; l&#8217;eliminazione in Q1 di <a href=\"https:\/\/it.motorsport.com\/driver\/ai-ogura\/471464\/\" target=\"_blank\" rel=\"noopener nofollow\">Ai Ogura<\/a>, seppur arrivata\u00a0per appena 87 millesimi. Il pilota del Trackhouse Racing sar\u00e0 quindi obbligato ad andare a schierarsi in 13\u00b0 posizione. Accanto al giapponese, in 14\u00b0 piazza, ci sar\u00e0 la KTM di <a href=\"https:\/\/it.motorsport.com\/driver\/brad-binder\/164627\/\" target=\"_blank\" rel=\"noopener nofollow\">Brad Binder<\/a>, a sua volta rimasto fuori per appena poco pi\u00f9 di un decimo nei confronti del compagno di squadra Acosta.<\/p>\n<p>Molto attardate le due Honda ufficiali, con <a href=\"https:\/\/it.motorsport.com\/driver\/joan-mir\/289394\/\" target=\"_blank\" rel=\"noopener nofollow\">Joan Mir<\/a> e <a href=\"https:\/\/it.motorsport.com\/driver\/luca-marini\/314649\/\" target=\"_blank\" rel=\"noopener nofollow\">Luca Marini<\/a> che non sono mai stati realmente in lizza per passare il taglio e alla fine si sono dovuti accontentare di piazzare le loro RC213V in 15\u00b0 e 16\u00b0 posizione.<\/p>\n<p>E&#8217; stata particolarmente deludente anche la qualifica di <a href=\"https:\/\/it.motorsport.com\/driver\/fabio-quartararo\/164609\/\" target=\"_blank\" rel=\"noopener nofollow\">Fabio Quartararo<\/a>, che si ritrova addirittura in 18\u00b0 posizione. Per una volta, &#8220;El Diablo&#8221; \u00e8 la terza delle M1, perch\u00e9 appena davanti a lui c&#8217;\u00e8 anche quella con i colori del Prima <a href=\"https:\/\/it.motorsport.com\/team\/pramac-racing\/2223\/\" target=\"_blank\" rel=\"noopener nofollow\">Pramac Racing<\/a> affidata a <a href=\"https:\/\/it.motorsport.com\/driver\/jack-miller\/163734\/\" target=\"_blank\" rel=\"noopener nofollow\">Jack Miller<\/a>. Il francese, dunque, si \u00e8 messo dietro solo il rookie <a href=\"https:\/\/it.motorsport.com\/driver\/toprak-razgatlioglu\/177801\/\" target=\"_blank\" rel=\"noopener nofollow\">Toprak Razgatlioglu<\/a>, 20\u00b0 ed autore di una scivolata alla Bucine nel finale.<\/p>\n<p>Tra le Yamaha si \u00e8 infilata in 19\u00b0 piazza anche la KTM Tech3 di Maverick Vinales, che rimane ancora piuttosto distante dalle altre RC16 pur avendo avuto buone sensazioni dalla spalla sinistra rioperata poche settimane fa. Il gruppo poi si conclude con i due sostituti degli infortunati <a href=\"https:\/\/it.motorsport.com\/driver\/alex-marquez\/163635\/\" target=\"_blank\" rel=\"noopener nofollow\">Alex Marquez<\/a> e <a href=\"https:\/\/it.motorsport.com\/driver\/johann-zarco\/163420\/\" target=\"_blank\" rel=\"noopener nofollow\">Johann Zarco<\/a>, con\u00a0<a href=\"https:\/\/it.motorsport.com\/driver\/michele-pirro\/154217\/\" target=\"_blank\" rel=\"noopener nofollow\">Michele Pirro<\/a> che con la Ducati del Gresini Racing ha avuto la meglio sulla Honda LCR di <a href=\"https:\/\/it.motorsport.com\/driver\/cal-crutchlow\/151929\/\" target=\"_blank\" rel=\"noopener nofollow\">Cal Crutchlow<\/a>. L&#8217;italiano si \u00e8 anche reso protagonista di una caduta alla Biondetti, fortunatamente senza conseguenze, nel corso della FP2.<\/p>\n<p>La classifica della Q2<br \/>\nTutte le statistiche<\/p>\n<p>La classifica della Q1<br \/>\nTutte le statistiche<\/p>\n<p>            Vogliamo la vostra opinione!<\/p>\n<p class=\"mt-auto\">Cosa vorresti vedere su Motorsport.com?<\/p>\n<p>            <a href=\"#\" class=\"ms-link text-link font-bold\">Partecipate al nostro sondaggio di 5 minuti.<\/a><\/p>\n<p class=\"mt-1 text-body\">&#8211; Il team di Motorsport.com<\/p>\n","protected":false},"excerpt":{"rendered":"Se ieri le Ducati avevano fatto la voce grossa, stamattina le Aprilia hanno ruggito ancora pi\u00f9 forte. Le&hellip;\n","protected":false},"author":3,"featured_media":516353,"comment_status":"","ping_status":"","sticky":false,"template":"","format":"standard","meta":{"footnotes":"","_share_on_mastodon":"0"},"categories":[176],"tags":[8479,1537,90,89,3005,1785,285368,5513,245,244],"class_list":["post-516352","post","type-post","status-publish","format-standard","has-post-thumbnail","category-sport","tag-aprilia-racing-team","tag-it","tag-italia","tag-italy","tag-marco-bezzecchi","tag-motogp","tag-motogp-bezzecchi-in-pole-con-il-nuovo-record-del-mugello-nella-grande-tripletta-aprilia","tag-mugello","tag-sport","tag-sports"],"share_on_mastodon":{"url":"https:\/\/pubeurope.com\/@it\/116666908515156856","error":""},"_links":{"self":[{"href":"https:\/\/www.europesays.com\/it\/wp-json\/wp\/v2\/posts\/516352","targetHints":{"allow":["GET"]}}],"collection":[{"href":"https:\/\/www.europesays.com\/it\/wp-json\/wp\/v2\/posts"}],"about":[{"href":"https:\/\/www.europesays.com\/it\/wp-json\/wp\/v2\/types\/post"}],"author":[{"embeddable":true,"href":"https:\/\/www.europesays.com\/it\/wp-json\/wp\/v2\/users\/3"}],"replies":[{"embeddable":true,"href":"https:\/\/www.europesays.com\/it\/wp-json\/wp\/v2\/comments?post=516352"}],"version-history":[{"count":0,"href":"https:\/\/www.europesays.com\/it\/wp-json\/wp\/v2\/posts\/516352\/revisions"}],"wp:featuredmedia":[{"embeddable":true,"href":"https:\/\/www.europesays.com\/it\/wp-json\/wp\/v2\/media\/516353"}],"wp:attachment":[{"href":"https:\/\/www.europesays.com\/it\/wp-json\/wp\/v2\/media?parent=516352"}],"wp:term":[{"taxonomy":"category","embeddable":true,"href":"https:\/\/www.europesays.com\/it\/wp-json\/wp\/v2\/categories?post=516352"},{"taxonomy":"post_tag","embeddable":true,"href":"https:\/\/www.europesays.com\/it\/wp-json\/wp\/v2\/tags?post=516352"}],"curies":[{"name":"wp","href":"https:\/\/api.w.org\/{rel}","templated":true}]}}