{"id":51661,"date":"2025-08-16T22:31:09","date_gmt":"2025-08-16T22:31:09","guid":{"rendered":"https:\/\/www.europesays.com\/it\/51661\/"},"modified":"2025-08-16T22:31:09","modified_gmt":"2025-08-16T22:31:09","slug":"giro-di-danimarca-2025-mads-pedersen-cala-il-tris-allo-sprint-e-chiude-in-trionfo","status":"publish","type":"post","link":"https:\/\/www.europesays.com\/it\/51661\/","title":{"rendered":"Giro di Danimarca 2025, Mads Pedersen cala il tris allo sprint e chiude in trionfo"},"content":{"rendered":"<p>Il danese <strong>Mads Pedersen vince anche la quinta e ultima tappa del Giro di Danimarca<\/strong>, la <strong>Hobro-Silkeborg <\/strong>\u00a0di 157,4 chilometri, vince con pieno merito l\u2019edizione 2025 della corsa e conquista la terza tappa sulle cinque disputate. Sul traguardo l\u2019alfiere della Lidl-Trek, dodicesimo successo stagionale per lui, precede il francese <strong>Axel Zingle <\/strong>della Team Visma | Lease a Bike e lo svedese <strong>Jakob S\u00f6derqvist <\/strong>\u00a0della Lidl \u2013 Trek Future Racing.<\/p>\n<p>In classifica generale <strong>Mads Pedersen<\/strong> chiude al primo posto con un minuto e ventotto secondi di vantaggio su <strong>Jakob S\u00f6derqvist<\/strong>\u00a0della Lidl \u2013 Trek Future Racing. Conclude in terza posizione lo svedese <strong>Niklas Larsen <\/strong>della BHS \u2013 PL Beton Bornholm, mentre si piazza in quarta posizione lo slovacco <strong>Luk\u00e1\u0161 Kubi\u0161 <\/strong>della Unibet Tietema Rockets.<\/p>\n<p>Nelle fasi iniziali di corsa parte la fuga che caratterizza la giornata. I nove uomini che escono dal gruppo sono il danese <strong>Jakob Fuglsang<\/strong>, il norvegese <strong>Marius Innhaug Dahl<\/strong> e il danese <strong>Daniel Weis Nielsen<\/strong> della Decathlon AG2R La Mondiale Development Team, il danese <strong>Mads Andersen <\/strong>della Airtox \u2013 Carl Ras, <strong>Filippo Ridolfo<\/strong> della Team Novo Nordisk, i danesi <strong>Conrad Haugsted <\/strong>e <strong>Anders Vos S\u00f8rensen<\/strong> della Team ColoQuick, il danese <strong>Mads Landbo<\/strong> della Team Give Steel \u2013 2M Cycling Elite e il connazionale <strong>Mads W\u00fcrtz Schmidt <\/strong>della PAS Racing. Il loro vantaggio massimo non supera i due minuti.<\/p>\n<p><strong>Nel finale di gara Mads Pedersen decide di scaldare l\u2019atmosfera<\/strong> e di rendere la corsa selettiva. <strong>Il leader della classifica generale attacca a poco pi\u00f9 di dieci chilometri dal termine<\/strong> e porta via il gruppetto di corridori che arriva fino alla fine per giocarsi il successo di giornata.<\/p>\n","protected":false},"excerpt":{"rendered":"Il danese Mads Pedersen vince anche la quinta e ultima tappa del Giro di Danimarca, la Hobro-Silkeborg \u00a0di&hellip;\n","protected":false},"author":3,"featured_media":51662,"comment_status":"","ping_status":"","sticky":false,"template":"","format":"standard","meta":{"footnotes":"","_share_on_mastodon":"0"},"categories":[1456],"tags":[43314,1824,1825,20959,1537,90,89,29893,245,244],"class_list":["post-51661","post","type-post","status-publish","format-standard","has-post-thumbnail","category-ciclismo","tag-axel-zingle","tag-ciclismo","tag-cycling","tag-giro-di-danimarca-2025","tag-it","tag-italia","tag-italy","tag-mads-pedersen","tag-sport","tag-sports"],"share_on_mastodon":{"url":"","error":""},"_links":{"self":[{"href":"https:\/\/www.europesays.com\/it\/wp-json\/wp\/v2\/posts\/51661","targetHints":{"allow":["GET"]}}],"collection":[{"href":"https:\/\/www.europesays.com\/it\/wp-json\/wp\/v2\/posts"}],"about":[{"href":"https:\/\/www.europesays.com\/it\/wp-json\/wp\/v2\/types\/post"}],"author":[{"embeddable":true,"href":"https:\/\/www.europesays.com\/it\/wp-json\/wp\/v2\/users\/3"}],"replies":[{"embeddable":true,"href":"https:\/\/www.europesays.com\/it\/wp-json\/wp\/v2\/comments?post=51661"}],"version-history":[{"count":0,"href":"https:\/\/www.europesays.com\/it\/wp-json\/wp\/v2\/posts\/51661\/revisions"}],"wp:featuredmedia":[{"embeddable":true,"href":"https:\/\/www.europesays.com\/it\/wp-json\/wp\/v2\/media\/51662"}],"wp:attachment":[{"href":"https:\/\/www.europesays.com\/it\/wp-json\/wp\/v2\/media?parent=51661"}],"wp:term":[{"taxonomy":"category","embeddable":true,"href":"https:\/\/www.europesays.com\/it\/wp-json\/wp\/v2\/categories?post=51661"},{"taxonomy":"post_tag","embeddable":true,"href":"https:\/\/www.europesays.com\/it\/wp-json\/wp\/v2\/tags?post=51661"}],"curies":[{"name":"wp","href":"https:\/\/api.w.org\/{rel}","templated":true}]}}