{"id":516827,"date":"2026-05-31T11:34:31","date_gmt":"2026-05-31T11:34:31","guid":{"rendered":"https:\/\/www.europesays.com\/it\/516827\/"},"modified":"2026-05-31T11:34:31","modified_gmt":"2026-05-31T11:34:31","slug":"spb-siamo-di-nuovo-in-serie-b-foto-newsbiella-it","status":"publish","type":"post","link":"https:\/\/www.europesays.com\/it\/516827\/","title":{"rendered":"SPB, &#8220;Siamo di nuovo in Serie B!&#8221; FOTO\u00a0&#8211;\u00a0Newsbiella.it"},"content":{"rendered":"<p>Missione compiuta: la <strong>Scuola Pallavolo Biellese Monteleone Trasporti <\/strong>\u00e8 di nuovo in Serie B!<\/p>\n<p>La prima squadra ha scartato ai <strong>Playoff<\/strong> il regalo che aveva gi\u00e0 impacchettato in campionato, chiuso con 12 punti di vantaggio sulle inseguitrici.<\/p>\n<p>All\u2019impresa di Acqui Terme \u00e8 seguito il <strong>3-1<\/strong> casalingo nel solito derby contro il GS Pavic Volley dei tanti ex, in un PalaPajetta gremito e rumorosissimo. Una prestazione in crescendo, dopo due set iniziali equilibrati e combattuti.<\/p>\n<p>Il peso era tutto sulle spalle della <strong>Ilario Ormezzano Sai SPB<\/strong>, mentre i novaresi &#8211; gi\u00e0 tagliati fuori dai giochi &#8211; hanno approcciato con pi\u00f9 serenit\u00e0 la gara, sbagliando poco al servizio e in attacco. Il primo parziale \u00e8 andato meritatamente a loro, mentre il secondo &#8211; a conti fatti, quello decisivo &#8211; si \u00e8 risolto con un 30-28 per cuori fortissimi.<\/p>\n<p>Con l\u2019aumentare del caldo e della fatica, a far la differenza \u00e8 stato il duro lavoro degli scorsi mesi: alla lunga il Pavic \u00e8 sceso di giri mentre gli arancioblu hanno cambiato marcia. Dopo la spallata netta nel finale di terzo set, nel quarto non c\u2019\u00e8 stata storia.<\/p>\n<p><strong>Pu\u00f2 partire la festa: Biella \u00e8 in Serie B!<\/strong><\/p>\n<p>COMMENTI<\/p>\n<p>Il commento di coach Milo ZANARDO: \u00ab<strong>Questo \u00e8 sicuramente il risultato del nostro gigantesco impegno in palestra, fatto di quattro allenamenti alla settimana<\/strong>. Acqui Terme ci aveva gi\u00e0 insegnato che a questo punto <strong>nessuno ti regala niente<\/strong>, dovevamo conquistare tutto con le nostre sole mani e cos\u00ec \u00e8 stato. Dopo l\u2019ultimo pallone ero abbastanza incredulo, <strong>non c\u2019\u00e8 stato un momento di pausa nelle ultime due settimane<\/strong>. Stare 15 giorni senza giocare ha inciso certamente, ma alla fine \u00e8 andato tutto bene.<strong> Ce l\u2019abbiamo fatta!<\/strong>\u00bb.<\/p>\n<p>Aggiunge capitan Filippo AGOSTINI: \u00abLa partita \u00e8 stata veramente tirata. Ci aspettavamo da loro questo tipo di aggressivit\u00e0, perch\u00e9 venivano a Biella senza nulla da perdere e infatti hanno giocato sciolti, facendo vedere che sono una squadra fortissima. Hanno difeso buttandosi ovunque e all\u2019inizio abbiamo ovviamente pagato lo scotto di questa loro mentalit\u00e0. Come ad Acqui Terme <strong>siamo riusciti a unirci, a fare gruppo e siamo andati avanti compatti lottando su ogni palla<\/strong>. Abbiamo cominciato a vincere le azioni lunghe, poi il Pavic ha mollato fisicamente: <strong>d\u2019altronde ci alleniamo dall\u2019inizio della stagione con sessioni quasi quotidiane, anche di due ore e mezza. Il lavoro paga sempre, bravi tutti!<\/strong> Qualcuno non aveva mai giocato i Playoff ma ha reagito benissimo. Lo staff e i dirigenti ci hanno sempre seguito, \u00e8 una bellissima emozione. <strong>Grazie di cuore a tutti!<\/strong>\u00bb.<\/p>\n<p>Il direttore sportivo Oscar ZARAMELLA: \u00abAbbiamo giocato questi Playoff con ragazzi alla prima esperienza, non tutti sapevano gestire questo tipo di pressione. Abbiamo sfidato due ottime squadre, <strong>noi eravamo consapevoli dei nostri mezzi<\/strong>. Avevamo un po\u2019 il freno a mano tirato ma ci pu\u00f2 stare. <strong>Questo \u00e8 un premio alla citt\u00e0 di Biella e alla nostra societ\u00e0, che ci sostiene<\/strong>. Ora festeggiamo e nei prossimi giorni ripartiremo. Grazie di cuore al numerosissimo <strong>pubblico<\/strong>, si \u00e8 fatto sentire!<strong> Le premesse per fare bene in Serie B ci sono<\/strong>, dovremo potenziarci ma confidiamo di crescere ancora e costruire una squadra che possa fare un campionato dignitoso. Complimenti ai ragazzi!\u00bb.<\/p>\n<p>La coordinatrice Giusi CENEDESE: \u00abQuesta stagione non \u00e8 iniziata in maniera semplice, per tutta una serie di motivi. <strong>Siamo riusciti ad arrivare fino in fondo<\/strong>, giocando dei Playoff con una formula parecchio impegnativa: sono state due gare decisamente toste, i ragazzi erano preparati ma hanno comunque patito un pizzico di emozione, ad Acqui Terme ma anche contro il Pavic. Complimenti anche a loro, sono stati dei validi avversari. <strong>Siamo di nuovo in Serie B, speriamo di fare un bel percorso<\/strong>. Ci penseremo, grazie a tutti per il supporto!\u00bb.<\/p>\n<p>TABELLINO<\/p>\n<p>PLAYOFF di Serie C \u2013 3\u00b0 giornata<\/p>\n<p>PalaPajetta di Biella<\/p>\n<p><strong>ILARIO ORMEZZANO SAI SPB &#8211; Erreesse GS Pavic Volley 3-1<\/strong><\/p>\n<p>(20-25\/<strong>30-28<\/strong>\/<strong>25-22<\/strong>\/<strong>25-13<\/strong>)<\/p>\n<p><strong>ILARIO ORMEZZANO SAI SPB<\/strong>: Berteletti 2, Vicario 2, Agostini 25, Sensi 14, Stragiotti, Antonov 9, Maretti, Graziano 7, Despaigne 28, Castrovilli, Carlotto (L1), Murdaca (L2).<\/p>\n<p>Coach Milo Zanardo, vice Simone Nicolo.<\/p>\n<p>CLASSIFICA<\/p>\n<p><strong>Girone PLAYOFF \u2013 Serie C 2025\/26<\/strong><\/p>\n<tr>\n<td>\n<p><strong>Squadra<\/strong><\/p>\n<\/td>\n<td>\n<p><strong>Punti<\/strong><\/p>\n<\/td>\n<td>\n<p><strong>Partite giocate<\/strong><\/p>\n<\/td>\n<td>\n<p><strong>Quoziente set<\/strong><\/p>\n<\/td>\n<\/tr>\n<tr>\n<td>\n<p>\u00a0<\/p>\n<\/td>\n<td>\n<p>\u00a0<\/p>\n<\/td>\n<td>\n<p>\u00a0<\/p>\n<\/td>\n<td>\n<p>\u00a0<\/p>\n<\/td>\n<\/tr>\n<tr>\n<td>\n<p><strong>Ilario Ormezzano Sai SPB<\/strong><\/p>\n<\/td>\n<td>\n<p><strong>5<\/strong><\/p>\n<\/td>\n<td>\n<p><strong>2<\/strong><\/p>\n<\/td>\n<td>\n<p><strong>2<\/strong><\/p>\n<\/td>\n<\/tr>\n<tr>\n<td>\n<p>La Bollente Acqui Terme<\/p>\n<\/td>\n<td>\n<p>4<\/p>\n<\/td>\n<td>\n<p>2<\/p>\n<\/td>\n<td>\n<p>1.25<\/p>\n<\/td>\n<\/tr>\n<tr>\n<td>\n<p>Gs Pavic Volley\u00a0<\/p>\n<\/td>\n<td>\n<p>0<\/p>\n<\/td>\n<td>\n<p>2<\/p>\n<\/td>\n<td>\n<p>0.333<\/p>\n<\/td>\n<\/tr>\n<tr>\n<td>\n<p>\u00a0<\/p>\n<\/td>\n<td>\n<p>\u00a0<\/p>\n<\/td>\n<td>\n<p>\u00a0<\/p>\n<\/td>\n<td>\n<p>\u00a0<\/p>\n<\/td>\n<\/tr>\n<p><a href=\"https:\/\/www.newsbiella.it\/typo3temp\/pics\/s_a178b2a539.jpg\" title=\"SPB, &quot;Siamo di nuovo in Serie B!&quot; FOTO per newsbiella.it di Nicola Rasolo\" rel=\"lightbox[lb3294276] nofollow noopener\" target=\"_blank\"><img loading=\"lazy\" decoding=\"async\" src=\"https:\/\/www.europesays.com\/it\/wp-content\/uploads\/2026\/05\/s_5e5e6dda12.jpg\" width=\"113\" height=\"85\" border=\"0\" alt=\"SPB, &quot;Siamo di nuovo in Serie B!&quot; FOTO per newsbiella.it di Nicola Rasolo\" title=\"SPB, &quot;Siamo di nuovo in Serie B!&quot; FOTO per newsbiella.it di Nicola Rasolo\"\/><\/a><\/p>\n<p class=\"news-single-imgcaption\" style=\"width:113px;\">SPB, &#8220;Siamo di nuovo in Serie B!&#8221; FOTO per newsbiella.it di Nicola Rasolo<\/p>\n<p><a href=\"https:\/\/www.newsbiella.it\/typo3temp\/pics\/s_7c5d0492ba.jpg\" title=\"SPB, &quot;Siamo di nuovo in Serie B!&quot; FOTO per newsbiella.it di Nicola Rasolo\" rel=\"lightbox[lb3294276] nofollow noopener\" target=\"_blank\"><img loading=\"lazy\" decoding=\"async\" src=\"https:\/\/www.europesays.com\/it\/wp-content\/uploads\/2026\/05\/s_e60301892b.jpg\" width=\"113\" height=\"85\" border=\"0\" alt=\"SPB, &quot;Siamo di nuovo in Serie B!&quot; FOTO per newsbiella.it di Nicola Rasolo\" title=\"SPB, &quot;Siamo di nuovo in Serie B!&quot; FOTO per newsbiella.it di Nicola Rasolo\"\/><\/a><\/p>\n<p class=\"news-single-imgcaption\" style=\"width:113px;\">SPB, &#8220;Siamo di nuovo in Serie B!&#8221; FOTO per newsbiella.it di Nicola Rasolo<\/p>\n<p><a href=\"https:\/\/www.newsbiella.it\/typo3temp\/pics\/s_91f7d3f1ca.jpg\" title=\"SPB, &quot;Siamo di nuovo in Serie B!&quot; FOTO per newsbiella.it di Nicola Rasolo\" rel=\"lightbox[lb3294276] nofollow noopener\" target=\"_blank\"><img loading=\"lazy\" decoding=\"async\" src=\"https:\/\/www.europesays.com\/it\/wp-content\/uploads\/2026\/05\/s_45a853d38c.jpg\" width=\"113\" height=\"85\" border=\"0\" alt=\"SPB, &quot;Siamo di nuovo in Serie B!&quot; FOTO per newsbiella.it di Nicola Rasolo\" title=\"SPB, &quot;Siamo di nuovo in Serie B!&quot; FOTO per newsbiella.it di Nicola Rasolo\"\/><\/a><\/p>\n<p class=\"news-single-imgcaption\" style=\"width:113px;\">SPB, &#8220;Siamo di nuovo in Serie B!&#8221; FOTO per newsbiella.it di Nicola Rasolo<\/p>\n<p><a href=\"https:\/\/www.newsbiella.it\/typo3temp\/pics\/s_c1f83d0a6b.jpg\" title=\"SPB, &quot;Siamo di nuovo in Serie B!&quot; FOTO per newsbiella.it di Nicola Rasolo\" rel=\"lightbox[lb3294276] nofollow noopener\" target=\"_blank\"><img loading=\"lazy\" decoding=\"async\" src=\"https:\/\/www.europesays.com\/it\/wp-content\/uploads\/2026\/05\/s_e3c467ceb5.jpg\" width=\"113\" height=\"85\" border=\"0\" alt=\"SPB, &quot;Siamo di nuovo in Serie B!&quot; FOTO per newsbiella.it di Nicola Rasolo\" title=\"SPB, &quot;Siamo di nuovo in Serie B!&quot; FOTO per newsbiella.it di Nicola Rasolo\"\/><\/a><\/p>\n<p class=\"news-single-imgcaption\" style=\"width:113px;\">SPB, &#8220;Siamo di nuovo in Serie B!&#8221; FOTO per newsbiella.it di Nicola Rasolo<\/p>\n<p><a href=\"https:\/\/www.newsbiella.it\/typo3temp\/pics\/s_e3135cc878.jpg\" title=\"SPB, &quot;Siamo di nuovo in Serie B!&quot; FOTO per newsbiella.it di Nicola Rasolo\" rel=\"lightbox[lb3294276] nofollow noopener\" target=\"_blank\"><img loading=\"lazy\" decoding=\"async\" src=\"https:\/\/www.europesays.com\/it\/wp-content\/uploads\/2026\/05\/s_66bfd9168d.jpg\" width=\"113\" height=\"85\" border=\"0\" alt=\"SPB, &quot;Siamo di nuovo in Serie B!&quot; FOTO per newsbiella.it di Nicola Rasolo\" title=\"SPB, &quot;Siamo di nuovo in Serie B!&quot; FOTO per newsbiella.it di Nicola Rasolo\"\/><\/a><\/p>\n<p class=\"news-single-imgcaption\" style=\"width:113px;\">SPB, &#8220;Siamo di nuovo in Serie B!&#8221; FOTO per newsbiella.it di Nicola Rasolo<\/p>\n<p><a href=\"https:\/\/www.newsbiella.it\/typo3temp\/pics\/s_a0ebf76540.jpg\" title=\"SPB, &quot;Siamo di nuovo in Serie B!&quot; FOTO per newsbiella.it di Nicola Rasolo\" rel=\"lightbox[lb3294276] nofollow noopener\" target=\"_blank\"><img loading=\"lazy\" decoding=\"async\" src=\"https:\/\/www.europesays.com\/it\/wp-content\/uploads\/2026\/05\/s_17384943ce.jpg\" width=\"113\" height=\"85\" border=\"0\" alt=\"SPB, &quot;Siamo di nuovo in Serie B!&quot; FOTO per newsbiella.it di Nicola Rasolo\" title=\"SPB, &quot;Siamo di nuovo in Serie B!&quot; FOTO per newsbiella.it di Nicola Rasolo\"\/><\/a><\/p>\n<p class=\"news-single-imgcaption\" style=\"width:113px;\">SPB, &#8220;Siamo di nuovo in Serie B!&#8221; FOTO per newsbiella.it di Nicola Rasolo<\/p>\n<p><a href=\"https:\/\/www.newsbiella.it\/typo3temp\/pics\/s_12e35783b2.jpg\" title=\"SPB, &quot;Siamo di nuovo in Serie B!&quot; FOTO per newsbiella.it di Nicola Rasolo\" rel=\"lightbox[lb3294276] nofollow noopener\" target=\"_blank\"><img loading=\"lazy\" decoding=\"async\" src=\"https:\/\/www.europesays.com\/it\/wp-content\/uploads\/2026\/05\/s_3367198bf4.jpg\" width=\"113\" height=\"85\" border=\"0\" alt=\"SPB, &quot;Siamo di nuovo in Serie B!&quot; FOTO per newsbiella.it di Nicola Rasolo\" title=\"SPB, &quot;Siamo di nuovo in Serie B!&quot; FOTO per newsbiella.it di Nicola Rasolo\"\/><\/a><\/p>\n<p class=\"news-single-imgcaption\" style=\"width:113px;\">SPB, &#8220;Siamo di nuovo in Serie B!&#8221; FOTO per newsbiella.it di Nicola Rasolo<\/p>\n<p><a href=\"https:\/\/www.newsbiella.it\/typo3temp\/pics\/s_bbfd3bd4a7.jpg\" title=\"SPB, &quot;Siamo di nuovo in Serie B!&quot; FOTO per newsbiella.it di Nicola Rasolo\" rel=\"lightbox[lb3294276] nofollow noopener\" target=\"_blank\"><img loading=\"lazy\" decoding=\"async\" src=\"https:\/\/www.europesays.com\/it\/wp-content\/uploads\/2026\/05\/s_499c565d47.jpg\" width=\"113\" height=\"85\" border=\"0\" alt=\"SPB, &quot;Siamo di nuovo in Serie B!&quot; FOTO per newsbiella.it di Nicola Rasolo\" title=\"SPB, &quot;Siamo di nuovo in Serie B!&quot; FOTO per newsbiella.it di Nicola Rasolo\"\/><\/a><\/p>\n<p class=\"news-single-imgcaption\" style=\"width:113px;\">SPB, &#8220;Siamo di nuovo in Serie B!&#8221; FOTO per newsbiella.it di Nicola Rasolo<\/p>\n<p><a href=\"https:\/\/www.newsbiella.it\/typo3temp\/pics\/s_b06302cb1f.jpg\" title=\"SPB, &quot;Siamo di nuovo in Serie B!&quot; FOTO per newsbiella.it di Nicola Rasolo\" rel=\"lightbox[lb3294276] nofollow noopener\" target=\"_blank\"><img loading=\"lazy\" decoding=\"async\" src=\"https:\/\/www.europesays.com\/it\/wp-content\/uploads\/2026\/05\/s_6bc8b728ed.jpg\" width=\"113\" height=\"85\" border=\"0\" alt=\"SPB, &quot;Siamo di nuovo in Serie B!&quot; FOTO per newsbiella.it di Nicola Rasolo\" title=\"SPB, &quot;Siamo di nuovo in Serie B!&quot; FOTO per newsbiella.it di Nicola Rasolo\"\/><\/a><\/p>\n<p class=\"news-single-imgcaption\" style=\"width:113px;\">SPB, &#8220;Siamo di nuovo in Serie B!&#8221; FOTO per newsbiella.it di Nicola Rasolo<\/p>\n<p><a href=\"https:\/\/www.newsbiella.it\/typo3temp\/pics\/s_98fed9cd30.jpg\" title=\"SPB, &quot;Siamo di nuovo in Serie B!&quot; FOTO per newsbiella.it di Nicola Rasolo\" rel=\"lightbox[lb3294276] nofollow noopener\" target=\"_blank\"><img loading=\"lazy\" decoding=\"async\" src=\"https:\/\/www.europesays.com\/it\/wp-content\/uploads\/2026\/05\/s_d1bbef0bec.jpg\" width=\"113\" height=\"85\" border=\"0\" alt=\"SPB, &quot;Siamo di nuovo in Serie B!&quot; FOTO per newsbiella.it di Nicola Rasolo\" title=\"SPB, &quot;Siamo di nuovo in Serie B!&quot; FOTO per newsbiella.it di Nicola Rasolo\"\/><\/a><\/p>\n<p class=\"news-single-imgcaption\" style=\"width:113px;\">SPB, &#8220;Siamo di nuovo in Serie B!&#8221; FOTO per newsbiella.it di Nicola Rasolo<\/p>\n<p><a href=\"https:\/\/www.newsbiella.it\/typo3temp\/pics\/s_213a0e8119.jpg\" title=\"SPB, &quot;Siamo di nuovo in Serie B!&quot; FOTO per newsbiella.it di Nicola Rasolo\" rel=\"lightbox[lb3294276] nofollow noopener\" target=\"_blank\"><img loading=\"lazy\" decoding=\"async\" src=\"https:\/\/www.europesays.com\/it\/wp-content\/uploads\/2026\/05\/s_28a6e77abc.jpg\" width=\"113\" height=\"85\" border=\"0\" alt=\"SPB, &quot;Siamo di nuovo in Serie B!&quot; FOTO per newsbiella.it di Nicola Rasolo\" title=\"SPB, &quot;Siamo di nuovo in Serie B!&quot; FOTO per newsbiella.it di Nicola Rasolo\"\/><\/a><\/p>\n<p class=\"news-single-imgcaption\" style=\"width:113px;\">SPB, &#8220;Siamo di nuovo in Serie B!&#8221; FOTO per newsbiella.it di Nicola Rasolo<\/p>\n<p><a href=\"https:\/\/www.newsbiella.it\/typo3temp\/pics\/s_d6e57f9f17.jpg\" title=\"SPB, &quot;Siamo di nuovo in Serie B!&quot; FOTO per newsbiella.it di Nicola Rasolo\" rel=\"lightbox[lb3294276] nofollow noopener\" target=\"_blank\"><img loading=\"lazy\" decoding=\"async\" src=\"https:\/\/www.europesays.com\/it\/wp-content\/uploads\/2026\/05\/s_b88336869c.jpg\" width=\"113\" height=\"85\" border=\"0\" alt=\"SPB, &quot;Siamo di nuovo in Serie B!&quot; FOTO per newsbiella.it di Nicola Rasolo\" title=\"SPB, &quot;Siamo di nuovo in Serie B!&quot; FOTO per newsbiella.it di Nicola Rasolo\"\/><\/a><\/p>\n<p class=\"news-single-imgcaption\" style=\"width:113px;\">SPB, &#8220;Siamo di nuovo in Serie B!&#8221; FOTO per newsbiella.it di Nicola Rasolo<\/p>\n<p><a href=\"https:\/\/www.newsbiella.it\/typo3temp\/pics\/s_7fcca7977d.jpg\" title=\"SPB, &quot;Siamo di nuovo in Serie B!&quot; FOTO per newsbiella.it di Nicola Rasolo\" rel=\"lightbox[lb3294276] nofollow noopener\" target=\"_blank\"><img loading=\"lazy\" decoding=\"async\" src=\"https:\/\/www.europesays.com\/it\/wp-content\/uploads\/2026\/05\/s_3f635945ae.jpg\" width=\"113\" height=\"85\" border=\"0\" alt=\"SPB, &quot;Siamo di nuovo in Serie B!&quot; FOTO per newsbiella.it di Nicola Rasolo\" title=\"SPB, &quot;Siamo di nuovo in Serie B!&quot; FOTO per newsbiella.it di Nicola Rasolo\"\/><\/a><\/p>\n<p class=\"news-single-imgcaption\" style=\"width:113px;\">SPB, &#8220;Siamo di nuovo in Serie B!&#8221; FOTO per newsbiella.it di Nicola Rasolo<\/p>\n<p><a href=\"https:\/\/www.newsbiella.it\/typo3temp\/pics\/s_30b306b0af.jpg\" title=\"SPB, &quot;Siamo di nuovo in Serie B!&quot; FOTO per newsbiella.it di Nicola Rasolo\" rel=\"lightbox[lb3294276] nofollow noopener\" target=\"_blank\"><img loading=\"lazy\" decoding=\"async\" src=\"https:\/\/www.europesays.com\/it\/wp-content\/uploads\/2026\/05\/s_77e05b0c4d.jpg\" width=\"113\" height=\"85\" border=\"0\" alt=\"SPB, &quot;Siamo di nuovo in Serie B!&quot; FOTO per newsbiella.it di Nicola Rasolo\" title=\"SPB, &quot;Siamo di nuovo in Serie B!&quot; FOTO per newsbiella.it di Nicola Rasolo\"\/><\/a><\/p>\n<p class=\"news-single-imgcaption\" style=\"width:113px;\">SPB, &#8220;Siamo di nuovo in Serie B!&#8221; FOTO per newsbiella.it di Nicola Rasolo<\/p>\n<p><a href=\"https:\/\/www.newsbiella.it\/typo3temp\/pics\/s_48cf95c148.jpg\" title=\"SPB, &quot;Siamo di nuovo in Serie B!&quot; FOTO per newsbiella.it di Nicola Rasolo\" rel=\"lightbox[lb3294276] nofollow noopener\" target=\"_blank\"><img loading=\"lazy\" decoding=\"async\" src=\"https:\/\/www.europesays.com\/it\/wp-content\/uploads\/2026\/05\/s_9ddc9eb5a5.jpg\" width=\"113\" height=\"85\" border=\"0\" alt=\"SPB, &quot;Siamo di nuovo in Serie B!&quot; FOTO per newsbiella.it di Nicola Rasolo\" title=\"SPB, &quot;Siamo di nuovo in Serie B!&quot; FOTO per newsbiella.it di Nicola Rasolo\"\/><\/a><\/p>\n<p class=\"news-single-imgcaption\" style=\"width:113px;\">SPB, &#8220;Siamo di nuovo in Serie B!&#8221; FOTO per newsbiella.it di Nicola Rasolo<\/p>\n<p><a href=\"https:\/\/www.newsbiella.it\/typo3temp\/pics\/s_1bf8401996.jpg\" title=\"SPB, &quot;Siamo di nuovo in Serie B!&quot; FOTO per newsbiella.it di Nicola Rasolo\" rel=\"lightbox[lb3294276] nofollow noopener\" target=\"_blank\"><img loading=\"lazy\" decoding=\"async\" src=\"https:\/\/www.europesays.com\/it\/wp-content\/uploads\/2026\/05\/s_059524f70c.jpg\" width=\"113\" height=\"85\" border=\"0\" alt=\"SPB, &quot;Siamo di nuovo in Serie B!&quot; FOTO per newsbiella.it di Nicola Rasolo\" title=\"SPB, &quot;Siamo di nuovo in Serie B!&quot; FOTO per newsbiella.it di Nicola Rasolo\"\/><\/a><\/p>\n<p class=\"news-single-imgcaption\" style=\"width:113px;\">SPB, &#8220;Siamo di nuovo in Serie B!&#8221; FOTO per newsbiella.it di Nicola Rasolo<\/p>\n<p><a href=\"https:\/\/www.newsbiella.it\/typo3temp\/pics\/s_afc8e7073e.jpg\" title=\"SPB, &quot;Siamo di nuovo in Serie B!&quot; FOTO per newsbiella.it di Nicola Rasolo\" rel=\"lightbox[lb3294276] nofollow noopener\" target=\"_blank\"><img loading=\"lazy\" decoding=\"async\" src=\"https:\/\/www.europesays.com\/it\/wp-content\/uploads\/2026\/05\/s_ea07a5d730.jpg\" width=\"113\" height=\"85\" border=\"0\" alt=\"SPB, &quot;Siamo di nuovo in Serie B!&quot; FOTO per newsbiella.it di Nicola Rasolo\" title=\"SPB, &quot;Siamo di nuovo in Serie B!&quot; FOTO per newsbiella.it di Nicola Rasolo\"\/><\/a><\/p>\n<p class=\"news-single-imgcaption\" style=\"width:113px;\">SPB, &#8220;Siamo di nuovo in Serie B!&#8221; FOTO per newsbiella.it di Nicola Rasolo<\/p>\n<p><a href=\"https:\/\/www.newsbiella.it\/typo3temp\/pics\/s_4e5e6435c7.jpg\" title=\"SPB, &quot;Siamo di nuovo in Serie B!&quot; FOTO per newsbiella.it di Nicola Rasolo\" rel=\"lightbox[lb3294276] nofollow noopener\" target=\"_blank\"><img loading=\"lazy\" decoding=\"async\" src=\"https:\/\/www.europesays.com\/it\/wp-content\/uploads\/2026\/05\/s_978b8e26e1.jpg\" width=\"113\" height=\"85\" border=\"0\" alt=\"SPB, &quot;Siamo di nuovo in Serie B!&quot; FOTO per newsbiella.it di Nicola Rasolo\" title=\"SPB, &quot;Siamo di nuovo in Serie B!&quot; FOTO per newsbiella.it di Nicola Rasolo\"\/><\/a><\/p>\n<p class=\"news-single-imgcaption\" style=\"width:113px;\">SPB, &#8220;Siamo di nuovo in Serie B!&#8221; FOTO per newsbiella.it di Nicola Rasolo<\/p>\n<p><a href=\"https:\/\/www.newsbiella.it\/fileadmin\/archivio\/newsbiella\/2026\/05\/spb_serie_b__2_.jpg\" title=\"SPB, &quot;Siamo di nuovo in Serie B!&quot; FOTO per newsbiella.it di Nicola Rasolo\" rel=\"lightbox[lb3294276] nofollow noopener\" target=\"_blank\"><img loading=\"lazy\" decoding=\"async\" src=\"https:\/\/www.europesays.com\/it\/wp-content\/uploads\/2026\/05\/s_c3ee53a9b1.jpg\" width=\"113\" height=\"85\" border=\"0\" alt=\"SPB, &quot;Siamo di nuovo in Serie B!&quot; FOTO per newsbiella.it di Nicola Rasolo\" title=\"SPB, &quot;Siamo di nuovo in Serie B!&quot; FOTO per newsbiella.it di Nicola Rasolo\"\/><\/a><\/p>\n<p class=\"news-single-imgcaption\" style=\"width:113px;\">SPB, &#8220;Siamo di nuovo in Serie B!&#8221; FOTO per newsbiella.it di Nicola Rasolo<\/p>\n<p><a href=\"https:\/\/www.newsbiella.it\/fileadmin\/archivio\/newsbiella\/2026\/05\/spb_serie_b__1_.jpg\" title=\"SPB, &quot;Siamo di nuovo in Serie B!&quot; FOTO per newsbiella.it di Nicola Rasolo\" rel=\"lightbox[lb3294276] nofollow noopener\" target=\"_blank\"><img loading=\"lazy\" decoding=\"async\" src=\"https:\/\/www.europesays.com\/it\/wp-content\/uploads\/2026\/05\/s_acc1d5c35e.jpg\" width=\"113\" height=\"85\" border=\"0\" alt=\"SPB, &quot;Siamo di nuovo in Serie B!&quot; FOTO per newsbiella.it di Nicola Rasolo\" title=\"SPB, &quot;Siamo di nuovo in Serie B!&quot; FOTO per newsbiella.it di Nicola Rasolo\"\/><\/a><\/p>\n<p class=\"news-single-imgcaption\" style=\"width:113px;\">SPB, &#8220;Siamo di nuovo in Serie B!&#8221; FOTO per newsbiella.it di Nicola Rasolo<\/p>\n<p> uff.st. spb monteleone traspoorti, s.zo.<\/p>\n","protected":false},"excerpt":{"rendered":"Missione compiuta: la Scuola Pallavolo Biellese Monteleone Trasporti \u00e8 di nuovo in Serie B! La prima squadra ha&hellip;\n","protected":false},"author":3,"featured_media":516828,"comment_status":"","ping_status":"","sticky":false,"template":"","format":"standard","meta":{"footnotes":"","_share_on_mastodon":"0"},"categories":[1474],"tags":[285630,50762,50127,1537,90,89,2347,2061,1821,245,244,1869],"class_list":["post-516827","post","type-post","status-publish","format-standard","has-post-thumbnail","category-volley","tag-apb","tag-b","tag-biellese","tag-it","tag-italia","tag-italy","tag-pallavolo","tag-scuola","tag-serie","tag-sport","tag-sports","tag-volley"],"share_on_mastodon":{"url":"https:\/\/pubeurope.com\/@it\/116668981735515138","error":""},"_links":{"self":[{"href":"https:\/\/www.europesays.com\/it\/wp-json\/wp\/v2\/posts\/516827","targetHints":{"allow":["GET"]}}],"collection":[{"href":"https:\/\/www.europesays.com\/it\/wp-json\/wp\/v2\/posts"}],"about":[{"href":"https:\/\/www.europesays.com\/it\/wp-json\/wp\/v2\/types\/post"}],"author":[{"embeddable":true,"href":"https:\/\/www.europesays.com\/it\/wp-json\/wp\/v2\/users\/3"}],"replies":[{"embeddable":true,"href":"https:\/\/www.europesays.com\/it\/wp-json\/wp\/v2\/comments?post=516827"}],"version-history":[{"count":0,"href":"https:\/\/www.europesays.com\/it\/wp-json\/wp\/v2\/posts\/516827\/revisions"}],"wp:featuredmedia":[{"embeddable":true,"href":"https:\/\/www.europesays.com\/it\/wp-json\/wp\/v2\/media\/516828"}],"wp:attachment":[{"href":"https:\/\/www.europesays.com\/it\/wp-json\/wp\/v2\/media?parent=516827"}],"wp:term":[{"taxonomy":"category","embeddable":true,"href":"https:\/\/www.europesays.com\/it\/wp-json\/wp\/v2\/categories?post=516827"},{"taxonomy":"post_tag","embeddable":true,"href":"https:\/\/www.europesays.com\/it\/wp-json\/wp\/v2\/tags?post=516827"}],"curies":[{"name":"wp","href":"https:\/\/api.w.org\/{rel}","templated":true}]}}