{"id":516857,"date":"2026-05-31T12:03:27","date_gmt":"2026-05-31T12:03:27","guid":{"rendered":"https:\/\/www.europesays.com\/it\/516857\/"},"modified":"2026-05-31T12:03:27","modified_gmt":"2026-05-31T12:03:27","slug":"roland-garros-il-programma-di-lunedi-il-tabellone-e-gli-azzurri-in-campo","status":"publish","type":"post","link":"https:\/\/www.europesays.com\/it\/516857\/","title":{"rendered":"Roland Garros, il programma di luned\u00ec: il tabellone e gli azzurri in campo"},"content":{"rendered":"<p>                                Al Roland Garros tre azzurri in campo per gli ottavi. Sul centrale alle 20.15 Sabalenka contro Osaka<\/p>\n<p>\n                                                                    Pellegrino Dell&#8217;Anno\n                            <\/p>\n<p>                    31 maggio 2026 (modifica alle 13:02)  &#8211; MILANO<\/p>\n<p class=\"paragraph\" spellcheck=\"true\">Sar\u00e0 grande Italia domani al Roland Garros. In tre dei quattro ottavi di singolare maschile ci sar\u00e0 protagonista un giocatore italiano. Il primo sar\u00e0 Flavio Cobolli, n.10 del tabellone e da molti considerato il favorito per la finale della parte alta. Entrer\u00e0 in campo alle 11, primo match di giornata sul Philippe Chatrier, contro Zachary Svajda. Il romano ha vinto l&#8217;unico precedente, disputatosi sul cemento di Delray Beach nel 2024. In palio il quarto di finale contro chi la spunter\u00e0 tra Felix Auger-Aliassime e Alejandro Tabilo, terzo match sullo Chatrier dalle 11, non prima delle 15.30.\u00a0<\/p>\n<p>        <img decoding=\"async\" loading=\"lazy\" alt=\"epa13004250 Matteo Berrettini of Italy during his Men's 3rd round match against Francisco Comesana of Argentina at the French Open Grand Slam tennis tournament at Roland Garros in Paris, France, 30 May 2026.  EPA\/CHRISTOPHE PETIT TESSON\" src=\"https:\/\/dimages2.gazzettaobjects.it\/files\/image_527_789_h\/uploads\/2026\/05\/31\/6a1c1008a8cac.jpeg\" data-full-src=\"https:\/\/www.europesays.com\/it\/wp-content\/uploads\/2026\/05\/6a1c1008a8cac.jpeg\"\/><\/p>\n<p>    azzurri\u2014 \u00a0<\/p>\n<p class=\"paragraph is-inline\" spellcheck=\"true\">In campo, per\u00f2, sognando i quarti di finale, ci saranno altri due nostri rappresentanti. Entrambi sul Suzanne Lenglen. Il primo a scendere in campo, terzo match dalle 11, sar\u00e0 Matteo Berrettini. Sfider\u00e0 intorno alle 15 Juan Manuel Cerundolo. Entrambi sono reduci da battaglie di cinque set, con l&#8217;argentino che ha vinto la terza partita pi\u00f9 lunga nella storia del torneo. Sar\u00e0 il primo incrocio tra i due, secondo match di fila contro un argentino dopo l&#8217;impresa su Comesana per l&#8217;azzurro. Vengono anche da cinque set anche Matteo Arnaldi e Frances Tiafoe, n.19 del seeding, che chiuderanno il programma del Lenglen, nella partita dopo Berrettini. Giocheranno alle 18 circa, il loro terzo incrocio: una vittoria a testa, per Arnaldi sulla terra (Madrid), per Tiafoe in uno Slam (Wimbledon). I vincitori di queste due partite si sfideranno ai quarti.\u00a0<\/p>\n<p>        <img decoding=\"async\" loading=\"lazy\" alt=\"Italy's Matteo Arnaldi plays a forehand return to Belgium's Raphael Collignon during their men's singles match on day 7 of the French Open tennis tournament at the Roland-Garros Complex in Paris on May 30, 2026. (Photo by Thomas SAMSON \/ AFP)\" src=\"https:\/\/dimages2.gazzettaobjects.it\/files\/image_527_789_h\/uploads\/2026\/05\/31\/6a1c101e2a7a1.jpeg\" data-full-src=\"https:\/\/www.europesays.com\/it\/wp-content\/uploads\/2026\/05\/6a1c101e2a7a1.jpeg\"\/><\/p>\n<p>    programma\u2014 \u00a0<\/p>\n<p class=\"paragraph is-inline\" spellcheck=\"true\">Per la prima volta in questa edizione del torneo ci sar\u00e0 una partita femminile in sessione serale sullo Chatrier. E che partita! Non prima delle 20.15 Aryna Sabalenka, n.1 del mondo, sfider\u00e0 un&#8217;ex leader della classifica come Naomi Osaka, n. 16 del tabellone. Nel pomeriggio, secondo match sul campo principale, la padrona di casa Diane Parry sfider\u00e0 la sorprendente mancina Maja Chwalinska: una grande occasione per entrambe. Sul Lenglen, invece, i match femminili apriranno il programma. Alle 11 sar\u00e0 sfida tra Anastasia Potapova, che ha eliminato la campionessa in carica Coco Gauff, e Anna Kalinskaya. A seguire, intorno alle 13, l&#8217;intrigante sfida tra due grandi colpitrici come Diana Shnaider e l&#8217;ex campionessa dell&#8217;Australian Open Madison Keys, teste di serie n. 25 e n. 19.<\/p>\n<p class=\"is-copyright\">\u00a9 RIPRODUZIONE RISERVATA<\/p>\n","protected":false},"excerpt":{"rendered":"Al Roland Garros tre azzurri in campo per gli ottavi. Sul centrale alle 20.15 Sabalenka contro Osaka Pellegrino&hellip;\n","protected":false},"author":3,"featured_media":516858,"comment_status":"","ping_status":"","sticky":false,"template":"","format":"standard","meta":{"footnotes":"","_share_on_mastodon":"0"},"categories":[1457],"tags":[11611,7916,4700,53732,7920,3049,19478,921,251033,631,120300,20222,1426,3650,25997,1537,90,89,14849,1894,114,30209,34979,1290,897,4426,34331,245,244,1273,4960],"class_list":["post-516857","post","type-post","status-publish","format-standard","has-post-thumbnail","category-tennis","tag-argentino","tag-arnaldi","tag-azzurri","tag-azzurri-campo","tag-azzurro","tag-berrettini","tag-campionessa","tag-campo","tag-chatrier","tag-cinque","tag-cinque-set","tag-cobolli","tag-finale","tag-garros","tag-incrocio","tag-it","tag-italia","tag-italy","tag-lenglen","tag-match","tag-matteo","tag-osaka","tag-ottavi","tag-partita","tag-programma","tag-quarti","tag-sfidera","tag-sport","tag-sports","tag-tennis","tag-terzo"],"share_on_mastodon":{"url":"https:\/\/pubeurope.com\/@it\/116669094804563119","error":""},"_links":{"self":[{"href":"https:\/\/www.europesays.com\/it\/wp-json\/wp\/v2\/posts\/516857","targetHints":{"allow":["GET"]}}],"collection":[{"href":"https:\/\/www.europesays.com\/it\/wp-json\/wp\/v2\/posts"}],"about":[{"href":"https:\/\/www.europesays.com\/it\/wp-json\/wp\/v2\/types\/post"}],"author":[{"embeddable":true,"href":"https:\/\/www.europesays.com\/it\/wp-json\/wp\/v2\/users\/3"}],"replies":[{"embeddable":true,"href":"https:\/\/www.europesays.com\/it\/wp-json\/wp\/v2\/comments?post=516857"}],"version-history":[{"count":0,"href":"https:\/\/www.europesays.com\/it\/wp-json\/wp\/v2\/posts\/516857\/revisions"}],"wp:featuredmedia":[{"embeddable":true,"href":"https:\/\/www.europesays.com\/it\/wp-json\/wp\/v2\/media\/516858"}],"wp:attachment":[{"href":"https:\/\/www.europesays.com\/it\/wp-json\/wp\/v2\/media?parent=516857"}],"wp:term":[{"taxonomy":"category","embeddable":true,"href":"https:\/\/www.europesays.com\/it\/wp-json\/wp\/v2\/categories?post=516857"},{"taxonomy":"post_tag","embeddable":true,"href":"https:\/\/www.europesays.com\/it\/wp-json\/wp\/v2\/tags?post=516857"}],"curies":[{"name":"wp","href":"https:\/\/api.w.org\/{rel}","templated":true}]}}