{"id":516983,"date":"2026-05-31T13:57:15","date_gmt":"2026-05-31T13:57:15","guid":{"rendered":"https:\/\/www.europesays.com\/it\/516983\/"},"modified":"2026-05-31T13:57:15","modified_gmt":"2026-05-31T13:57:15","slug":"juve-federico-spalletti-al-genoa-il-figlio-osservatore-di-luciano-lascia-torino","status":"publish","type":"post","link":"https:\/\/www.europesays.com\/it\/516983\/","title":{"rendered":"Juve, Federico Spalletti al Genoa: il figlio osservatore di Luciano lascia Torino"},"content":{"rendered":"<p>                                Secondogenito dell&#8217;allenatore juventino, era stato inserito nello staff degli osservatori bianconeri da Giuntoli nel 2024<\/p>\n<p class=\"paragraph\" spellcheck=\"true\">Spalletti lascia la Juve. Non si tratta, per\u00f2, di Luciano n\u00e9\u00a0di un terremoto tecnico, ma di Federico e di una semplice scelta di carriera. Il figlio secondogenito dell&#8217;allenatore toscano, <a href=\"https:\/\/www.gazzetta.it\/Calcio\/Serie-A\/Juventus\/28-10-2025\/spalletti-juventus-a-torino-troverebbe-il-figlio-federico-scout-bianconero-dal-2024.shtml?intcmp=hyperlink-articolo-gazit\" title=\"Spalletti-Juve, affare di famiglia: nel club troverebbe il figlio Federico, osservatore bianconero dal 2024\" rel=\"nofollow noopener\" target=\"_blank\">di professione osservatore<\/a>, entrato nell&#8217;organico juventino nel 2024 sotto la guida di Giuntoli, da luglio si trasferir\u00e0 al Genoa.\u00a0<\/p>\n<p>    chi \u00e8 federico, figlio di spalletti\u2014 \u00a0<\/p>\n<p class=\"paragraph is-inline\" spellcheck=\"true\">Classe 1995, Federico Spalletti, chiamato &#8220;Chicco&#8221; da amici e parenti e capace di parlare ben 5 lingue, si \u00e8 laureato in filosofia al Kalamazoo College, in Michigan, e poi ha conseguito un Master in filosofia analitica in Svizzera. &#8220;In questo lasso di tempo &#8211; scrive su LinkedIn &#8211; la mia passione per il calcio non mi ha mai abbandonato, ho anzi sempre pi\u00f9 coadiuvato calcio e filosofia, tramite studio di tattica, statistica e analisi dei giocatori&#8221;. Diplomatosi al corso per osservatore a Coverciano nell&#8217;autunno del 2022, aveva avuto la sua prima esperienza professionale all&#8217;Udinese nel 2023, prima della chiamata della Juve, dove, da novembre a oggi, ha incrociato il padre. Considerato molto valido,\u00a0a Torino si \u00e8 occupato in particolare del settore giovanile. Adesso, per lui, \u00e8 tempo di una nuova avventura. Di nuovo lontano dal pap\u00e0.<\/p>\n","protected":false},"excerpt":{"rendered":"Secondogenito dell&#8217;allenatore juventino, era stato inserito nello staff degli osservatori bianconeri da Giuntoli nel 2024 Spalletti lascia la&hellip;\n","protected":false},"author":3,"featured_media":516984,"comment_status":"","ping_status":"","sticky":false,"template":"","format":"standard","meta":{"footnotes":"","_share_on_mastodon":"0"},"categories":[1452],"tags":[1960,721,7217,285718,2716,15343,1740,6298,28831,1537,90,89,565,24448,2735,3418,136945,57495,1739,24806,245,244],"class_list":["post-516983","post","type-post","status-publish","format-standard","has-post-thumbnail","category-calcio","tag-allenatore","tag-calcio","tag-federico","tag-federico-figlio","tag-figlio","tag-filosofia","tag-football","tag-genoa","tag-giuntoli","tag-it","tag-italia","tag-italy","tag-juve","tag-juventino","tag-lascia","tag-luciano","tag-osservatore","tag-secondogenito","tag-soccer","tag-spalletti","tag-sport","tag-sports"],"share_on_mastodon":{"url":"https:\/\/pubeurope.com\/@it\/116669543010244993","error":""},"_links":{"self":[{"href":"https:\/\/www.europesays.com\/it\/wp-json\/wp\/v2\/posts\/516983","targetHints":{"allow":["GET"]}}],"collection":[{"href":"https:\/\/www.europesays.com\/it\/wp-json\/wp\/v2\/posts"}],"about":[{"href":"https:\/\/www.europesays.com\/it\/wp-json\/wp\/v2\/types\/post"}],"author":[{"embeddable":true,"href":"https:\/\/www.europesays.com\/it\/wp-json\/wp\/v2\/users\/3"}],"replies":[{"embeddable":true,"href":"https:\/\/www.europesays.com\/it\/wp-json\/wp\/v2\/comments?post=516983"}],"version-history":[{"count":0,"href":"https:\/\/www.europesays.com\/it\/wp-json\/wp\/v2\/posts\/516983\/revisions"}],"wp:featuredmedia":[{"embeddable":true,"href":"https:\/\/www.europesays.com\/it\/wp-json\/wp\/v2\/media\/516984"}],"wp:attachment":[{"href":"https:\/\/www.europesays.com\/it\/wp-json\/wp\/v2\/media?parent=516983"}],"wp:term":[{"taxonomy":"category","embeddable":true,"href":"https:\/\/www.europesays.com\/it\/wp-json\/wp\/v2\/categories?post=516983"},{"taxonomy":"post_tag","embeddable":true,"href":"https:\/\/www.europesays.com\/it\/wp-json\/wp\/v2\/tags?post=516983"}],"curies":[{"name":"wp","href":"https:\/\/api.w.org\/{rel}","templated":true}]}}