{"id":517118,"date":"2026-05-31T15:50:22","date_gmt":"2026-05-31T15:50:22","guid":{"rendered":"https:\/\/www.europesays.com\/it\/517118\/"},"modified":"2026-05-31T15:50:22","modified_gmt":"2026-05-31T15:50:22","slug":"pordenone-il-1-giugno-su-rai1-dopo-il-tg-delle-20","status":"publish","type":"post","link":"https:\/\/www.europesays.com\/it\/517118\/","title":{"rendered":"Pordenone il 1\u00b0 giugno su Rai1 dopo il tg delle 20"},"content":{"rendered":"<p>\t\t<a href=\"https:\/\/ilpopolopordenone.it\/appuntamenti\/\" rel=\"category nofollow noopener\" target=\"_blank\">Appuntamenti<\/a><\/p>\n<p>\t\t\t31 Maggio 2026 &#8211;<br \/>\n\t\t\t10:25\t\t<\/p>\n<p>\t\t\t\t\t<img loading=\"lazy\" width=\"10\" height=\"851\" src=\"https:\/\/www.europesays.com\/it\/wp-content\/uploads\/2026\/05\/municipio-credit-alice-sannia.png\" class=\" post__figure__thumbnail lazyload wp-post-image\" alt=\"\" data-fancybox=\"fancybox-main-thumb\" decoding=\"async\"  \/>\t\t\t\t<\/p>\n<p>\t\t\t\u00d7<\/p>\n<p>\n\t\t Link copiato negli appunti\n\t<\/p>\n<p>Per gli ottant\u2019anni della Repubblica italiana, il Governo ha scelto Pordenone come location del video istituzionale per la Festa Nazionale del 2 giugno. <strong>Le riprese andranno in onda luned\u00ec 1 giugno su Rai Uno al termine del Tg1 delle 20:00<\/strong>, portando la citt\u00e0 nelle case di milioni di italiani in una delle serate pi\u00f9 simboliche del calendario civile del Paese. Un riconoscimento straordinario per una citt\u00e0 che, proprio in questi anni, sta costruendo la propria proiezione nazionale.<\/p>\n<p>\u00ab\u00c8 un onore che Pordenone rappresenti l\u2019Italia intera in una ricorrenza cos\u00ec significativa \u2014 dichiara il Sindaco Alessandro Basso \u2014 e questa scelta racconta qualcosa di autentico sulla nostra citt\u00e0, sulla sua capacit\u00e0 di essere luogo vivo, riconoscibile e capace di offrire un racconto visivo di qualit\u00e0. Voglio ringraziare il Ministro Luca Ciriani, che ha proposto Pordenone al Ministero della Cultura e a quello del Turismo ottenendone il pieno sostegno: un gesto concreto di attenzione istituzionale che testimonia come la citt\u00e0 sia parte di una rete pi\u00f9 ampia, che ne riconosce il valore e il potenziale. Pordenone non si presenta all\u2019Italia come una ipotesi futura, ma come una realt\u00e0 gi\u00e0 in cammino, capace di incarnare i valori della Repubblica e guardare con fiducia verso il 2027, quando saremo capitale italiana della Cultura\u00bb.<\/p>\n<p>Essere protagonista del video istituzionale del 2 giugno significa aprire una finestra sulla citt\u00e0 per milioni di spettatori: un\u2019occasione di visibilit\u00e0 autentica, che nessuna campagna di comunicazione potrebbe replicare. Per l\u2019amministrazione comunale, \u00e8 la conferma che il percorso intrapreso sta producendo risultati concreti anche sul piano del riconoscimento nazionale.<\/p>\n","protected":false},"excerpt":{"rendered":"Appuntamenti 31 Maggio 2026 &#8211; 10:25 \u00d7 Link copiato negli appunti Per gli ottant\u2019anni della Repubblica italiana, il&hellip;\n","protected":false},"author":3,"featured_media":517119,"comment_status":"","ping_status":"","sticky":false,"template":"","format":"standard","meta":{"footnotes":"","_share_on_mastodon":"0"},"categories":[1444],"tags":[203,204,1537,90,89,14940,64986,253],"class_list":["post-517118","post","type-post","status-publish","format-standard","has-post-thumbnail","category-tv","tag-entertainment","tag-intrattenimento","tag-it","tag-italia","tag-italy","tag-pordenone","tag-tg1","tag-tv"],"share_on_mastodon":{"url":"https:\/\/pubeurope.com\/@it\/116669987826201338","error":""},"_links":{"self":[{"href":"https:\/\/www.europesays.com\/it\/wp-json\/wp\/v2\/posts\/517118","targetHints":{"allow":["GET"]}}],"collection":[{"href":"https:\/\/www.europesays.com\/it\/wp-json\/wp\/v2\/posts"}],"about":[{"href":"https:\/\/www.europesays.com\/it\/wp-json\/wp\/v2\/types\/post"}],"author":[{"embeddable":true,"href":"https:\/\/www.europesays.com\/it\/wp-json\/wp\/v2\/users\/3"}],"replies":[{"embeddable":true,"href":"https:\/\/www.europesays.com\/it\/wp-json\/wp\/v2\/comments?post=517118"}],"version-history":[{"count":0,"href":"https:\/\/www.europesays.com\/it\/wp-json\/wp\/v2\/posts\/517118\/revisions"}],"wp:featuredmedia":[{"embeddable":true,"href":"https:\/\/www.europesays.com\/it\/wp-json\/wp\/v2\/media\/517119"}],"wp:attachment":[{"href":"https:\/\/www.europesays.com\/it\/wp-json\/wp\/v2\/media?parent=517118"}],"wp:term":[{"taxonomy":"category","embeddable":true,"href":"https:\/\/www.europesays.com\/it\/wp-json\/wp\/v2\/categories?post=517118"},{"taxonomy":"post_tag","embeddable":true,"href":"https:\/\/www.europesays.com\/it\/wp-json\/wp\/v2\/tags?post=517118"}],"curies":[{"name":"wp","href":"https:\/\/api.w.org\/{rel}","templated":true}]}}