{"id":517134,"date":"2026-05-31T16:04:15","date_gmt":"2026-05-31T16:04:15","guid":{"rendered":"https:\/\/www.europesays.com\/it\/517134\/"},"modified":"2026-05-31T16:04:15","modified_gmt":"2026-05-31T16:04:15","slug":"tragedia-a-nazioni-70enne-stroncato-da-un-malore-in-mare","status":"publish","type":"post","link":"https:\/\/www.europesays.com\/it\/517134\/","title":{"rendered":"Tragedia a Nazioni: 70enne stroncato da un malore in mare"},"content":{"rendered":"<p>Lido delle Nazioni. Tragedia nella tarda mattinata di domenica 31 maggio, lungo il litorale di Lido delle Nazioni. Stefano Benati, settantenne di Ravarino (in provincia di Modena), \u00e8 deceduto dopo essere stato colto da un malore mentre si trovava in acqua all\u2019altezza del Bagno Oasi.<\/p>\n<p>L\u2019allarme \u00e8 scattato dopo poco mezzogiorno. Ad accorgersi delle difficolt\u00e0 dell\u2019uomo sono stati i bagnini di salvataggio che sono immediatamente intervenuti, riuscendo a recuperarlo e a portarlo a riva. Una volta sulla battigia sono iniziate le manovre di rianimazione in attesa dell\u2019arrivo dei soccorsi sanitari.<\/p>\n<p>Sul posto \u00e8 intervenuto il personale del 118 insieme all\u2019elisoccorso decollato da Ravenna. Nonostante i tentativi di rianimazione protrattisi per diversi minuti, per il settantenne non c\u2019\u00e8 stato nulla da fare. Il medico non ha potuto fare altro che constatarne il decesso.<\/p>\n<p>L\u2019uomo si trovava al mare insieme alla moglie e alla figlia, presenti nei drammatici momenti successivi al malore.<\/p>\n<p>Informato dell\u2019accaduto, il pm di turno ha disposto la restituzione della salma ai familiari.<\/p>\n<p>\t\t\t\tGrazie per aver letto questo articolo&#8230;<\/p>\n<p>Da 20 anni\u00a0<a class=\"vglnk\" href=\"https:\/\/www.estense.com\/\" rel=\"nofollow noopener\" target=\"_blank\">Estense.com<\/a>\u00a0offre una informazione indipendente ai suoi lettori e non ha mai accettato fondi pubblici per non pesare nemmeno un centesimo sulle spalle della collettivit\u00e0. Il lavoro che svolgiamo ha un costo economico non indifferente e la pubblicit\u00e0 dei privati non sempre \u00e8 sufficiente.<br \/>Per questo chiediamo a chi quotidianamente ci legge e, speriamo, ci apprezza di darci un piccolo contributo in base alle proprie possibilit\u00e0. Anche un piccolo sostegno, moltiplicato per le decine di migliaia di ferraresi che ci leggono ogni giorno, pu\u00f2 diventare fondamentale.<\/p>\n<p>\u00a0<\/p>\n<p><strong>OPPURE <\/strong>se preferisci non usare PayPal ma un normale bonifico bancario (anche periodico) puoi intestarlo a:<\/p>\n<p><strong>Scoop Media Edit<br \/><\/strong>IBAN:\u00a0<strong>IT06D0538713004000000035119 <\/strong>(Banca BPER)<br \/>Causale:\u00a0<strong>Donazione per\u00a0<a class=\"vglnk\" href=\"https:\/\/www.estense.com\/\" rel=\"nofollow noopener\" target=\"_blank\">Estense.com<\/a><\/strong><\/p>\n","protected":false},"excerpt":{"rendered":"Lido delle Nazioni. Tragedia nella tarda mattinata di domenica 31 maggio, lungo il litorale di Lido delle Nazioni.&hellip;\n","protected":false},"author":3,"featured_media":517135,"comment_status":"","ping_status":"","sticky":false,"template":"","format":"standard","meta":{"footnotes":"","_share_on_mastodon":"0"},"categories":[79],"tags":[2659,14,93,94,1537,90,89,7,15,11,84,91,12,85,92],"class_list":["post-517134","post","type-post","status-publish","format-standard","has-post-thumbnail","category-italia","tag-comacchio","tag-cronaca","tag-cronaca-italiana","tag-cronacaitaliana","tag-it","tag-italia","tag-italy","tag-news","tag-notizie","tag-ultime-notizie","tag-ultime-notizie-e-news-di-oggi","tag-ultime-notizie-italia","tag-ultimenotizie","tag-ultimenotizieenewsdioggi","tag-ultimenotizieitalia"],"share_on_mastodon":{"url":"https:\/\/pubeurope.com\/@it\/116670042506385622","error":""},"_links":{"self":[{"href":"https:\/\/www.europesays.com\/it\/wp-json\/wp\/v2\/posts\/517134","targetHints":{"allow":["GET"]}}],"collection":[{"href":"https:\/\/www.europesays.com\/it\/wp-json\/wp\/v2\/posts"}],"about":[{"href":"https:\/\/www.europesays.com\/it\/wp-json\/wp\/v2\/types\/post"}],"author":[{"embeddable":true,"href":"https:\/\/www.europesays.com\/it\/wp-json\/wp\/v2\/users\/3"}],"replies":[{"embeddable":true,"href":"https:\/\/www.europesays.com\/it\/wp-json\/wp\/v2\/comments?post=517134"}],"version-history":[{"count":0,"href":"https:\/\/www.europesays.com\/it\/wp-json\/wp\/v2\/posts\/517134\/revisions"}],"wp:featuredmedia":[{"embeddable":true,"href":"https:\/\/www.europesays.com\/it\/wp-json\/wp\/v2\/media\/517135"}],"wp:attachment":[{"href":"https:\/\/www.europesays.com\/it\/wp-json\/wp\/v2\/media?parent=517134"}],"wp:term":[{"taxonomy":"category","embeddable":true,"href":"https:\/\/www.europesays.com\/it\/wp-json\/wp\/v2\/categories?post=517134"},{"taxonomy":"post_tag","embeddable":true,"href":"https:\/\/www.europesays.com\/it\/wp-json\/wp\/v2\/tags?post=517134"}],"curies":[{"name":"wp","href":"https:\/\/api.w.org\/{rel}","templated":true}]}}