{"id":517173,"date":"2026-05-31T16:41:19","date_gmt":"2026-05-31T16:41:19","guid":{"rendered":"https:\/\/www.europesays.com\/it\/517173\/"},"modified":"2026-05-31T16:41:19","modified_gmt":"2026-05-31T16:41:19","slug":"giro-ditalia-live-21a-tappa-roma-roma-vincitore-e-ordine-darrivo","status":"publish","type":"post","link":"https:\/\/www.europesays.com\/it\/517173\/","title":{"rendered":"Giro d&#8217;Italia LIVE 21\u00aa tappa Roma-Roma | Vincitore e ordine d&#8217;arrivo"},"content":{"rendered":"<p>                la tappa\u2014 \u00a0<\/p>\n<p class=\"paragraph\">Partenza alle 15.40 dall\u2019Eur, zona del Colosseo Quadrato. Come avviene dal 2023, gran finale nella Capitale con il circuito dei Fori Imperiali. Tappa finale divisa in due parti: da Roma si va verso il litorale e Ostia, con doppio passaggio all\u2019altezza della Fontana dello Zodiaco, quindi si ritorna in zona partenza e in seguito si percorre il circuito finale di 9,5 chilometri da ripetere otto volte all\u2019interno della Capitale. Il fondo stradale \u00e8 prevalentemente asfaltato con alcuni brevi tratti in pav\u00e9 (i tipici sanpietrini). Il traguardo Red Bull KM con abbuoni validi per la classifica (6&#8243;, 4&#8243; e 2&#8243;) \u00e8 al km 77, all&#8217;interno del terzo giro. I corridori sfileranno davanti ad alcuni simboli della grande bellezza romana: viale delle Terme di Caracalla, Colosseo, Fori Imperiali, Piazza Venezia, con il traguardo \u2013 attorno alle 18.45, considerando una media di 44 all\u2019ora \u2013 in via del Circo Massimo come lo scorso anno. Retta finale di 350 metri su asfalto, a met\u00e0 dell\u2019ultimo chilometro la pendenza \u00e8 del 5%. Per lo spazio delle premiazioni, in uno degli scenari pi\u00f9 belli del mondo, sar\u00e0 confermato quello dello scorso anno, il Belvedere Romolo e Remo con il Palatino e le Terme di Caracalla sullo sfondo. Come sempre, al traguardo ci sono gli abbuoni per la classifica generale: 10&#8243;, 6&#8243; e 4&#8243; ai primi tre.<\/p>\n","protected":false},"excerpt":{"rendered":"la tappa\u2014 \u00a0 Partenza alle 15.40 dall\u2019Eur, zona del Colosseo Quadrato. Come avviene dal 2023, gran finale nella&hellip;\n","protected":false},"author":3,"featured_media":517174,"comment_status":"","ping_status":"","sticky":false,"template":"","format":"standard","meta":{"footnotes":"","_share_on_mastodon":"0"},"categories":[1456],"tags":[12367,1824,12721,1825,6236,285815,3369,32871,1537,90,89,245,244,252],"class_list":["post-517173","post","type-post","status-publish","format-standard","has-post-thumbnail","category-ciclismo","tag-abbonamento","tag-ciclismo","tag-circuito","tag-cycling","tag-giri","tag-giri-circuito","tag-giro","tag-giro-italia","tag-it","tag-italia","tag-italy","tag-sport","tag-sports","tag-streaming"],"share_on_mastodon":{"url":"https:\/\/pubeurope.com\/@it\/116670187854230155","error":""},"_links":{"self":[{"href":"https:\/\/www.europesays.com\/it\/wp-json\/wp\/v2\/posts\/517173","targetHints":{"allow":["GET"]}}],"collection":[{"href":"https:\/\/www.europesays.com\/it\/wp-json\/wp\/v2\/posts"}],"about":[{"href":"https:\/\/www.europesays.com\/it\/wp-json\/wp\/v2\/types\/post"}],"author":[{"embeddable":true,"href":"https:\/\/www.europesays.com\/it\/wp-json\/wp\/v2\/users\/3"}],"replies":[{"embeddable":true,"href":"https:\/\/www.europesays.com\/it\/wp-json\/wp\/v2\/comments?post=517173"}],"version-history":[{"count":0,"href":"https:\/\/www.europesays.com\/it\/wp-json\/wp\/v2\/posts\/517173\/revisions"}],"wp:featuredmedia":[{"embeddable":true,"href":"https:\/\/www.europesays.com\/it\/wp-json\/wp\/v2\/media\/517174"}],"wp:attachment":[{"href":"https:\/\/www.europesays.com\/it\/wp-json\/wp\/v2\/media?parent=517173"}],"wp:term":[{"taxonomy":"category","embeddable":true,"href":"https:\/\/www.europesays.com\/it\/wp-json\/wp\/v2\/categories?post=517173"},{"taxonomy":"post_tag","embeddable":true,"href":"https:\/\/www.europesays.com\/it\/wp-json\/wp\/v2\/tags?post=517173"}],"curies":[{"name":"wp","href":"https:\/\/api.w.org\/{rel}","templated":true}]}}