{"id":517193,"date":"2026-05-31T16:56:21","date_gmt":"2026-05-31T16:56:21","guid":{"rendered":"https:\/\/www.europesays.com\/it\/517193\/"},"modified":"2026-05-31T16:56:21","modified_gmt":"2026-05-31T16:56:21","slug":"kymco-micare-125-2026-nuovo-scooter-economico-e-leggero-per-la-citta","status":"publish","type":"post","link":"https:\/\/www.europesays.com\/it\/517193\/","title":{"rendered":"Kymco Micare 125 2026: nuovo scooter economico e leggero per la citt\u00e0"},"content":{"rendered":"<p>                                Il costruttore taiwanese presenta un nuovo scooter a ruota bassa compatto e accessibile, con pedana piatta, consumi vicini ai 50 km\/l e un prezzo di listino di 2.190 euro, subito scontato per il debutto<\/p>\n<p>\n                                                                    Adriano Bestetti\n                            <\/p>\n<p>                    31 maggio &#8211; 12:03  &#8211; MILANO<\/p>\n<p class=\"paragraph\" spellcheck=\"true\">Il mercato degli scooter 125 si prepara ad accogliere un nuovo protagonista, il nuovo <b>Micare 125<\/b> di casa <b>Kymco<\/b>, un mezzo leggero, economico e chiaramente concepito per affrontare il traffico cittadino su base quotidiana. Con appena 108 kg di peso in ordine di marcia e un prezzo d\u2019attacco piuttosto aggressivo di\u00a0<b>2.190 euro <\/b>(gi\u00e0 in promozione a 2.090 euro), questa nuova proposta del marchio taiwanese punta infatti ad affermarsi nella fascia entry-level anche in virt\u00f9 di una spiccata versatilit\u00e0, di un look sufficientemente accattivante e di consumi decisamente ridotti.<\/p>\n<p>    design arzillo\u2014 \u00a0<\/p>\n<p class=\"paragraph is-inline\" spellcheck=\"true\">In termini di <b>design<\/b>, il Micare 125 sembra scegliere un approccio piuttosto pragmatico, che strizza l\u2019occhio sia ai pendolari che a chi utilizza lo scooter come mezzo principale per muoversi nel traffico urbano. Le sue linee affilate, che gi\u00e0 avevamo visto all&#8217;ultimo salone <a href=\"https:\/\/www.gazzetta.it\/motori\/la-mia-moto\/eicma\/09-11-2025\/kymco-a-eicma-2025-tutte-le-novita-presentate-a-milano.shtml?intcmp=hyperlink-articolo-gazit\" title=\"Kymco a Eicma 2025: tutte le novit\u00e0 presentate a Milano\" target=\"_blank\" rel=\"nofollow noopener\">Eicma<\/a>, gli conferiscono un colpo d\u2019occhio dinamico e aggressivo, molto giovanile, ma senza eccessi. Le sue <b>proporzioni <\/b>sono comunque compatte, da \u201ccittadino\u201d puro. A testimonianza di questa sua impostazione c\u2019\u00e8 anche l\u2019ampia pedana piatta, che permette di caricare borse o piccoli oggetti con maggior facilit\u00e0, e il portapacchi incluso nell\u2019equipaggiamento di serie, altro fattore che ne incrementa la vivibilit\u00e0 quotidiana. In tema capacit\u00e0 di carico, si segnalano un vano sottosella con chiusura a chiave che pu\u00f2 ospitare un casco jet e un doppio vano portaoggetti nel retroscudo. Completano il quadro la presa Usb, il doppio cavalletto, la fanaleria full Led e un ampio display Lcd monocolore a fare da strumentazione.<\/p>\n<p>    MOTORE frugale\u00a0\u2014 \u00a0<\/p>\n<p class=\"paragraph is-inline\" spellcheck=\"true\">Il motore monocilindrico 4 tempi da <b>124 cc<\/b>, raffreddato ad aria e omologato <a href=\"https:\/\/www.gazzetta.it\/motori\/la-mia-moto\/12-12-2024\/euro-5-emissioni-cosa-cambia-per-i-motociclisti-dal-1-gennaio-2025.shtml?intcmp=hyperlink-articolo-gazit\" title=\"Euro 5+, che cosa cambia per i motociclisti\" target=\"_blank\" rel=\"nofollow noopener\">Euro 5+<\/a>, si propone come un propulsore semplice da sfruttare, affidabile e dai bassi costi di gestione. La potenza massima dichiarata \u00e8 di <b>8,8 Cv<\/b> a 7.000 giri\/min e il picco di coppia di 9,8 Nm si manifesta a 6.000 giri\/min. Secondo quanto comunicato da Kymco, sarebbe in grado di spingere il Micare 125 fino a una velocit\u00e0 massima di 90 km\/h, sufficiente per percorsi extra-urbani brevi e anche per le tangenziali a cui la sua cilindrata ha ora accesso. Il dato pi\u00f9 impressionante \u00e8 per\u00f2 quello dei <b>consumi<\/b>: 50 km\/l, con un\u2019autonomia quindi vicina ai 250 km grazie ai 4,9 litri di capacit\u00e0 del serbatoio. Numeri che lo qualificano tra gli scooter pi\u00f9 parsimoniosi della sua categoria.<\/p>\n<p>    Ciclistica asciutta\u2014 \u00a0<\/p>\n<p class=\"paragraph is-inline\" spellcheck=\"true\">La ciclistica segue la filosofia generale del mezzo incentrata su semplicit\u00e0, leggerezza ed efficacia. Il <b>telaio<\/b> in tubi di acciaio e piastre stampate promette una buona rigidit\u00e0 senza incidere troppo sul peso complessivo, mentre la forcella telescopica da 26 mm lavora insieme all\u2019unico ammortizzatore posteriore, regolabile nel precarico per assorbire meglio buche e pav\u00e9 cittadini. I <b>cerchi <\/b>a 5 raggi sono entrambi da 14\u201d e abbinati a dischi frenanti da 240 mm all\u2019anteriore e 190 mm al posteriore, il tutto supportato da un sistema Cbs di frenata combinata.<\/p>\n<p><a class=\"is-partner-link\" href=\"https:\/\/www.wefan.it\/tours\/formula-1-experience-gp-catalunya?utm_source=gazzetta&amp;utm_medium=native&amp;utm_campaign=formula-1-06-2026&amp;utm_content=pack_210\" rel=\"nofollow noopener\" target=\"_blank\">Vivi un\u2019esperienza unica: GP di Catalunya dal vivo. Parti ora con Gazzetta Motori!<\/a><\/p>\n<p>    Scheda Tecnica\u2014 \u00a0<\/p>\n<p class=\"paragraph is-inline\" spellcheck=\"true\">Queste le principali <b>specifiche tecniche<\/b> del nuovo Micare 125 divulgate da Kymco:<\/p>\n<p>    Kymco Micare 125 2026 &#8211; Scheda Tecnica<\/p>\n<tr>\n<\/tr>\n<tr class=\"tile-table_row__content bck-tile-table_row table-title-color  row-add-remove-button \" id=\"m33598-33597-33599\">\n<td class=\"tile-table-td__content--text hide-add-remove-button\"><b>MOTORE<\/b><\/td>\n<td class=\"tile-table-td__content--text hide-add-remove-button\">\u00a0<\/td>\n<\/tr>\n<tr class=\"tile-table_row__content bck-tile-table_row table-title-color  row-add-remove-button \" id=\"m33603-33602-33604\">\n<td class=\"tile-table-td__content--text hide-add-remove-button\">Tipo<\/td>\n<td class=\"tile-table-td__content--text hide-add-remove-button\">Monocilindrico 4 tempi, raffreddamento ad aria, distribuzione monoalbero a camme in testa, 2 valvole<\/td>\n<\/tr>\n<tr class=\"tile-table_row__content bck-tile-table_row table-title-color  row-add-remove-button \" id=\"m33608-33607-33609\">\n<td class=\"tile-table-td__content--text hide-add-remove-button\">Cilindrata<\/td>\n<td class=\"tile-table-td__content--text hide-add-remove-button\">124 cc<\/td>\n<\/tr>\n<tr class=\"tile-table_row__content bck-tile-table_row table-title-color  row-add-remove-button \" id=\"m33613-33612-33614\">\n<td class=\"tile-table-td__content--text hide-add-remove-button\">Alesaggio x corsa<\/td>\n<td class=\"tile-table-td__content--text hide-add-remove-button\">52,5 x 57,4 mm<\/td>\n<\/tr>\n<tr class=\"tile-table_row__content bck-tile-table_row table-title-color  row-add-remove-button \" id=\"m33618-33617-33619\">\n<td class=\"tile-table-td__content--text hide-add-remove-button\">Rapporto di compressione<\/td>\n<td class=\"tile-table-td__content--text hide-add-remove-button\">10,3:1<\/td>\n<\/tr>\n<tr class=\"tile-table_row__content bck-tile-table_row table-title-color  row-add-remove-button \" id=\"m33623-33622-33624\">\n<td class=\"tile-table-td__content--text hide-add-remove-button\">Potenza max<\/td>\n<td class=\"tile-table-td__content--text hide-add-remove-button\">6,5 kW (8,8 Cv) a 7.000 giri\/min<\/td>\n<\/tr>\n<tr class=\"tile-table_row__content bck-tile-table_row table-title-color  row-add-remove-button \" id=\"m33628-33627-33629\">\n<td class=\"tile-table-td__content--text hide-add-remove-button\">Coppia max<\/td>\n<td class=\"tile-table-td__content--text hide-add-remove-button\">9,8 Nm a 6.000 giri\/min<\/td>\n<\/tr>\n<tr class=\"tile-table_row__content bck-tile-table_row table-title-color  row-add-remove-button \" id=\"m33633-33632-33634\">\n<td class=\"tile-table-td__content--text hide-add-remove-button\"><b>CICLISTICA<\/b><\/td>\n<td class=\"tile-table-td__content--text hide-add-remove-button\">\u00a0<\/td>\n<\/tr>\n<tr class=\"tile-table_row__content bck-tile-table_row table-title-color  row-add-remove-button \" id=\"m33638-33637-33639\">\n<td class=\"tile-table-td__content--text hide-add-remove-button\">Telaio<\/td>\n<td class=\"tile-table-td__content--text hide-add-remove-button\">Tubi di acciaio e piastre stampate<\/td>\n<\/tr>\n<tr class=\"tile-table_row__content bck-tile-table_row table-title-color  row-add-remove-button \" id=\"m33643-33642-33644\">\n<td class=\"tile-table-td__content--text hide-add-remove-button\">Sospensione ant.<\/td>\n<td class=\"tile-table-td__content--text hide-add-remove-button\">Forcella telescopica idraulica \u00d8 26 mm<\/td>\n<\/tr>\n<tr class=\"tile-table_row__content bck-tile-table_row table-title-color  row-add-remove-button \" id=\"m33648-33647-33649\">\n<td class=\"tile-table-td__content--text hide-add-remove-button\">Sospensione post.<\/td>\n<td class=\"tile-table-td__content--text hide-add-remove-button\">Monobraccio oscillante e ammortizzatore idraulico regolabile<\/td>\n<\/tr>\n<tr class=\"tile-table_row__content bck-tile-table_row table-title-color  row-add-remove-button \" id=\"m33653-33652-33654\">\n<td class=\"tile-table-td__content--text hide-add-remove-button\">Freno ant.<\/td>\n<td class=\"tile-table-td__content--text hide-add-remove-button\">Disco \u00d8 240 mm,\u00a0frenata combinata CBS<\/td>\n<\/tr>\n<tr class=\"tile-table_row__content bck-tile-table_row table-title-color  row-add-remove-button \" id=\"m33658-33657-33659\">\n<td class=\"tile-table-td__content--text hide-add-remove-button\">Freno post.<\/td>\n<td class=\"tile-table-td__content--text hide-add-remove-button\">Disco \u00d8 190 mm,\u00a0frenata combinata CBS<\/td>\n<\/tr>\n<tr class=\"tile-table_row__content bck-tile-table_row table-title-color  row-add-remove-button \" id=\"m33663-33662-33664\">\n<td class=\"tile-table-td__content--text hide-add-remove-button\">Ruota ant.<\/td>\n<td class=\"tile-table-td__content--text hide-add-remove-button\">1.60&#215;14\u201d,\u00a080\/90-14<\/td>\n<\/tr>\n<tr class=\"tile-table_row__content bck-tile-table_row table-title-color  row-add-remove-button \" id=\"m33668-33667-33669\">\n<td class=\"tile-table-td__content--text hide-add-remove-button\">Ruota post.<\/td>\n<td class=\"tile-table-td__content--text hide-add-remove-button\">2.50&#215;14\u201d,\u00a0100\/80-14<\/td>\n<\/tr>\n<tr class=\"tile-table_row__content bck-tile-table_row table-title-color  row-add-remove-button \" id=\"m33673-33672-33674\">\n<td class=\"tile-table-td__content--text hide-add-remove-button\"><b>DIMENSIONI E PESO<\/b><\/td>\n<td class=\"tile-table-td__content--text hide-add-remove-button\">\u00a0<\/td>\n<\/tr>\n<tr class=\"tile-table_row__content bck-tile-table_row table-title-color  row-add-remove-button \" id=\"m33678-33677-33679\">\n<td class=\"tile-table-td__content--text hide-add-remove-button\">L x L x A<\/td>\n<td class=\"tile-table-td__content--text hide-add-remove-button\">1.830 x 700 x 1.088 mm<\/td>\n<\/tr>\n<tr class=\"tile-table_row__content bck-tile-table_row table-title-color  row-add-remove-button \" id=\"m33683-33682-33684\">\n<td class=\"tile-table-td__content--text hide-add-remove-button\">Interasse<\/td>\n<td class=\"tile-table-td__content--text hide-add-remove-button\">1.297 mm<\/td>\n<\/tr>\n<tr class=\"tile-table_row__content bck-tile-table_row table-title-color  row-add-remove-button \" id=\"m33688-33687-33689\">\n<td class=\"tile-table-td__content--text hide-add-remove-button\">Peso in o.d.m.<\/td>\n<td class=\"tile-table-td__content--text hide-add-remove-button\">108 kg<\/td>\n<\/tr>\n<tr class=\"tile-table_row__content bck-tile-table_row table-title-color  row-add-remove-button \" id=\"m33693-33692-33694\">\n<td class=\"tile-table-td__content--text hide-add-remove-button\"><b>PREZZO<\/b><\/td>\n<td class=\"tile-table-td__content--text hide-add-remove-button\">2.190 euro<\/td>\n<\/tr>\n<p class=\"is-copyright\">\u00a9 RIPRODUZIONE RISERVATA<\/p>\n","protected":false},"excerpt":{"rendered":"Il costruttore taiwanese presenta un nuovo scooter a ruota bassa compatto e accessibile, con pedana piatta, consumi vicini&hellip;\n","protected":false},"author":3,"featured_media":517194,"comment_status":"","ping_status":"","sticky":false,"template":"","format":"standard","meta":{"footnotes":"","_share_on_mastodon":"0"},"categories":[172],"tags":[268756,285845,285846,111540,285847,178,4595,177,1039,46721,2414,10679,1612,1906,724,6236,118687,1537,90,89,4639,285843,79060,1219,285842,100388,48073,1309,8040,20024,285844,11630,26553,4734,6149,9501,157131,1780,158147],"class_list":["post-517193","post","type-post","status-publish","format-standard","has-post-thumbnail","category-affari","tag-abbinati","tag-abbinati-dischi","tag-abbinati-dischi-frenanti","tag-accattivante","tag-accattivante-consumi","tag-affari","tag-aggressivo","tag-business","tag-capacita","tag-ciclistica","tag-cittadino","tag-consumi","tag-design","tag-doppio","tag-euro","tag-giri","tag-giri-min","tag-it","tag-italia","tag-italy","tag-km","tag-kymco","tag-leggero","tag-massima","tag-micare","tag-min","tag-mm","tag-motore","tag-occhio","tag-pedana","tag-pedana-piatta","tag-peso","tag-piatta","tag-prezzo","tag-quotidiana","tag-scooter","tag-taiwanese","tag-traffico","tag-vano"],"share_on_mastodon":{"url":"https:\/\/pubeurope.com\/@it\/116670246839159924","error":""},"_links":{"self":[{"href":"https:\/\/www.europesays.com\/it\/wp-json\/wp\/v2\/posts\/517193","targetHints":{"allow":["GET"]}}],"collection":[{"href":"https:\/\/www.europesays.com\/it\/wp-json\/wp\/v2\/posts"}],"about":[{"href":"https:\/\/www.europesays.com\/it\/wp-json\/wp\/v2\/types\/post"}],"author":[{"embeddable":true,"href":"https:\/\/www.europesays.com\/it\/wp-json\/wp\/v2\/users\/3"}],"replies":[{"embeddable":true,"href":"https:\/\/www.europesays.com\/it\/wp-json\/wp\/v2\/comments?post=517193"}],"version-history":[{"count":0,"href":"https:\/\/www.europesays.com\/it\/wp-json\/wp\/v2\/posts\/517193\/revisions"}],"wp:featuredmedia":[{"embeddable":true,"href":"https:\/\/www.europesays.com\/it\/wp-json\/wp\/v2\/media\/517194"}],"wp:attachment":[{"href":"https:\/\/www.europesays.com\/it\/wp-json\/wp\/v2\/media?parent=517193"}],"wp:term":[{"taxonomy":"category","embeddable":true,"href":"https:\/\/www.europesays.com\/it\/wp-json\/wp\/v2\/categories?post=517193"},{"taxonomy":"post_tag","embeddable":true,"href":"https:\/\/www.europesays.com\/it\/wp-json\/wp\/v2\/tags?post=517193"}],"curies":[{"name":"wp","href":"https:\/\/api.w.org\/{rel}","templated":true}]}}