{"id":517701,"date":"2026-06-01T00:36:16","date_gmt":"2026-06-01T00:36:16","guid":{"rendered":"https:\/\/www.europesays.com\/it\/517701\/"},"modified":"2026-06-01T00:36:16","modified_gmt":"2026-06-01T00:36:16","slug":"lestrazione-delle-contrade-per-il-palio-del-2-luglio","status":"publish","type":"post","link":"https:\/\/www.europesays.com\/it\/517701\/","title":{"rendered":"L&#8217;estrazione delle Contrade per il Palio del 2 luglio"},"content":{"rendered":"<p>Oggi (31 maggio 2026) in piazza del Campo vengono estratte le 4 Contrade che mancano per completare il quadro del Palio del 2 luglio. Gi\u00e0 alle trifore\u00a0<strong>Onda<\/strong>,\u00a0<strong>Civetta<\/strong>,\u00a0<strong>Giraffa<\/strong>,\u00a0<strong>Leocorno<\/strong>,\u00a0<strong>Aquila<\/strong>\u00a0e\u00a0<strong>Torre <\/strong>(con il <strong>Nicchio <\/strong>che sconta la squalifica ed \u00e8 esposto al piano di sopra), sperano\u00a0<strong>Lupa<\/strong>,\u00a0<strong>Selva<\/strong>,\u00a0<strong>Chiocciola<\/strong>,\u00a0<strong>Oca<\/strong>,\u00a0<strong>Istrice<\/strong>,\u00a0<strong>Bruco<\/strong>,\u00a0<strong>Tartuca<\/strong>,\u00a0<strong>Valdimontone<\/strong>,\u00a0<strong>Drago<\/strong>\u00a0e\u00a0<strong>Pantera<\/strong><\/p>\n<p><strong>Ore 19:<\/strong> squillano le chiarine per l&#8217;inizio delle operazioni<\/p>\n<p><strong>Ore 19.09:<\/strong> le trifore si aprono di nuovo. Tornano i trombetti, \u00e8 il momento di capire chi \u00e8 stato baciato dalla fortuna. La prima bandiera \u00e8 quella del Bruco. Il secondo popolo a festeggiare \u00e8 quello del Drago, per la gioia della comparsa davanti al Palazzo Pubblico. Poi tocca al Valdimontone, fresco di vittoria nello scorso agosto. Infine l&#8217;ultima gioia \u00e8 riservata all&#8217;Oca, a sua volta vittoriosa nel luglio 2025. Si va cos\u00ec a creare un&#8217;altra rivalit\u00e0, oltre a quelle Civetta-Leocorno e Onda-Torre. Salicotto cos\u00ec dovr\u00e0 guardarsi anche da Fontebranda.<\/p>\n<p>Al piano superiore si accomodano le deluse, che correranno di diritto il Provenzano 2027: Istrice, Selva, Pantera, Chiocciola, Lupa, Tartuca, oltre al gi\u00e0 citato Nicchio.<\/p>\n","protected":false},"excerpt":{"rendered":"Oggi (31 maggio 2026) in piazza del Campo vengono estratte le 4 Contrade che mancano per completare il&hellip;\n","protected":false},"author":3,"featured_media":517702,"comment_status":"","ping_status":"","sticky":false,"template":"","format":"standard","meta":{"footnotes":"","_share_on_mastodon":"0"},"categories":[174],"tags":[39928,203,9844,204,1537,90,89,27056,11909],"class_list":["post-517701","post","type-post","status-publish","format-standard","has-post-thumbnail","category-intrattenimento","tag-contrade","tag-entertainment","tag-estrazione","tag-intrattenimento","tag-it","tag-italia","tag-italy","tag-palio","tag-siena"],"share_on_mastodon":{"url":"https:\/\/pubeurope.com\/@it\/116672055744171104","error":""},"_links":{"self":[{"href":"https:\/\/www.europesays.com\/it\/wp-json\/wp\/v2\/posts\/517701","targetHints":{"allow":["GET"]}}],"collection":[{"href":"https:\/\/www.europesays.com\/it\/wp-json\/wp\/v2\/posts"}],"about":[{"href":"https:\/\/www.europesays.com\/it\/wp-json\/wp\/v2\/types\/post"}],"author":[{"embeddable":true,"href":"https:\/\/www.europesays.com\/it\/wp-json\/wp\/v2\/users\/3"}],"replies":[{"embeddable":true,"href":"https:\/\/www.europesays.com\/it\/wp-json\/wp\/v2\/comments?post=517701"}],"version-history":[{"count":0,"href":"https:\/\/www.europesays.com\/it\/wp-json\/wp\/v2\/posts\/517701\/revisions"}],"wp:featuredmedia":[{"embeddable":true,"href":"https:\/\/www.europesays.com\/it\/wp-json\/wp\/v2\/media\/517702"}],"wp:attachment":[{"href":"https:\/\/www.europesays.com\/it\/wp-json\/wp\/v2\/media?parent=517701"}],"wp:term":[{"taxonomy":"category","embeddable":true,"href":"https:\/\/www.europesays.com\/it\/wp-json\/wp\/v2\/categories?post=517701"},{"taxonomy":"post_tag","embeddable":true,"href":"https:\/\/www.europesays.com\/it\/wp-json\/wp\/v2\/tags?post=517701"}],"curies":[{"name":"wp","href":"https:\/\/api.w.org\/{rel}","templated":true}]}}