{"id":517748,"date":"2026-06-01T01:25:17","date_gmt":"2026-06-01T01:25:17","guid":{"rendered":"https:\/\/www.europesays.com\/it\/517748\/"},"modified":"2026-06-01T01:25:17","modified_gmt":"2026-06-01T01:25:17","slug":"rai-kids-genovesi-e-la-tv-dei-ragazzi-totale-liberta-creativa-contenuti-multipiattaforma-il-fenomeno-pera-toons-e-il-ritorno-dei-puffi","status":"publish","type":"post","link":"https:\/\/www.europesays.com\/it\/517748\/","title":{"rendered":"Rai Kids, Genovesi e la tv dei ragazzi: \u201cTotale libert\u00e0 creativa, contenuti multipiattaforma\u201d. Il fenomeno Pera Toons e il ritorno dei Puffi"},"content":{"rendered":"<p>Pescara, 30 maggio 2026 \u2013\u00a0\u201cNulla sar\u00e0 come prima, stavolta\u00a0si cambia davvero\u201d. Non va gi\u00f9 piano, nel suo intervento a <strong>Cartoons on the Bay,<\/strong> il direttore di Rai Kids (che poi sarebbe Rai Ragazzi se non ci fosse questo\u00a0 continuo, e inutile, uso dell\u2019inglese), <strong>Roberto Genovesi<\/strong>. Il dettaglio di questo \u201ccambiamento radicale\u201d sar\u00e0 presentato\u00a0nei prossimi giorni al consiglio di amministrazione della Rai.\u00a0 Al centro ci sar\u00e0 la scelta di realizzare contenuti destinati a pi\u00f9 piattaforme.\u00a0\u00a0<\/p>\n<p> <img alt=\"Roberto Genovesi, direttore di Rai Kids\" loading=\"lazy\" width=\"4000\" height=\"2666\" decoding=\"async\" data-nimg=\"1\" style=\"color:transparent;max-width:100%;height:auto\"   src=\"https:\/\/www.europesays.com\/it\/wp-content\/uploads\/2026\/06\/roberto-genovesi-direttore-di-rai-kids.webp\"\/><\/p>\n<p>Roberto Genovesi, direttore di Rai Kids<\/p>\n<p>Al festival (che si chiude a Pescara, organizzato da Rai Com e diretto da Adriano Monti Buzzetti) si \u00e8 affrontato il tema dell\u2019intelligenza artificiale.<\/p>\n<p>Intelligenza artificiale <\/p>\n<p>\u201cL&#8217;intelligenza artificiale \u2013\u00a0dice Genovesi \u2013 deve restare al servizio della creativit\u00e0 umana, soprattutto in un&#8217;area, in un settore come quello dell&#8217;animazione che parla alle nuove generazioni, che sono molto sensibili non solo ai contenuti verbali ma anche ai contenuti visivi. Preferisco investire pi\u00f9 budget e spendere pi\u00f9 soldi per qualcosa di umano che spendere meno soldi per qualcosa di artificioso. Quindi l&#8217;etica per noi, per Rai Kids, viene sempre prima dei soldi. Questo non sar\u00e0 mai un problema&#8221;.<\/p>\n<p><a rel=\"follow nofollow noopener\" href=\"https:\/\/www.quotidiano.net\/magazine\/cinema-serie-tv\/cartoons-on-the-bay-tutti-i-premiati-j5c7qjaa\" target=\"_blank\"><strong>Tutti i premiati<\/strong><\/a><\/p>\n<p>Libert\u00e0 creativa <\/p>\n<p>\u201cLibert\u00e0 creativa totale. Basta con i paletti, basta con &#8220;questo non si pu\u00f2 dire&#8221;. Si pu\u00f2 dire tutto, purch\u00e9 si riesca a dirlo bene, con intelligenza, con cultura e con attenzione e sensibilit\u00e0&#8221;<\/p>\n<p>Fenomeno Pera Toons <\/p>\n<p>Un fenomeno di successo citato come esempio \u00e8 quello di <strong><a rel=\"follow nofollow noopener\" href=\"https:\/\/www.lanazione.it\/cultura-e-spettacoli\/cartoons-on-the-bay-trionfa-il-fenomeno-pera-toons-vrjcm144\" target=\"_blank\">Pera Toons con la serie \u201cProva a non ridere\u201d<\/a>,\u00a0<\/strong>presentando numeri record, con ascolti che hanno raggiunto i 110.000 su Rai Gulp, scalando la cima della classifica di RaiPlay nella categoria bambini, e posizionandosi tra i primi dieci titoli in assoluto sull\u2019intera piattaforma. \u201cUn risultato che dimostra come Rai Kids sappia intercettare i nuovi linguaggi del pubblico pi\u00f9 giovane e trasformandoli in contenuto televisivo di qualit\u00e0, senza perdere l\u2019identit\u00e0 del mezzo\u201d, dice Genovesi.<\/p>\n<p>I Puffi e l\u2019Albero Azzurro <\/p>\n<p>In autunno tornano\u00a0i <strong>Puffi,<\/strong> una delle serie pi\u00f9 amate dai bambini italiani di pi\u00f9 generazioni. Una serie in\u00a0computer grafica tra la tradizione puffa e la puffo-innovazione. I\u00a0personaggi creati da Peyo (il belga Pierre Culliford)\u00a0 sono sempre popolarissimi nel mondo e sono sulla breccia anche di fronte alle tecnologie digitali.<\/p>\n<p>Si rinnova anche\u00a0l<strong>\u2019Allbero Azzurro<\/strong>, una delle produzioni pi\u00f9 longeve e iconiche della Rai per i bambini in et\u00e0 prescolare: nata il 21 maggio 1990, conta 33 stagioni e 2.154 puntate. In questa edizione Dod\u00f2 \u00e8 affiancato da un nuovo personaggio, Capitan Giraventola, interpretato da Oreste Castagna.<\/p>\n<p>Ci sar\u00e0 anche \u201cE\u2019 un azzurro albero\u201d, spin-off musical dell\u2019omonimo programma: Dod\u00f2, Laura, Andrea e gli altri amici duettano con cantanti e artisti amati dai pi\u00f9 piccoli e non solo. A proposito di transmedialit\u00e0 ci sar\u00e0 il <strong>Dod\u00f2 Show<\/strong>, il primo vodcast per bambini e famiglie: Dod\u00f2 dialoga di emozioni e sentimenti con la filosofa Ilaria Gaspari. On air dal 20 maggio su RaiPlay e RaiPlay Sound, prodotto da Rai Radio 3 e Rai Kids, costruisce una mappatura emotiva che racconta le diverse sfumature del sentire in modo giocoso e inusuale.<\/p>\n<p>Mortina <\/p>\n<p>Con la seconda stagione <a rel=\"follow nofollow noopener\" href=\"https:\/\/www.lanazione.it\/firenze\/cronaca\/tv-per-bambini-vince-cartobaleno-a26ecad0\" target=\"_blank\">\u201c<strong>Mortina\u201d, dei mugellani di Cartobaleno<\/strong><\/a>, si conferma uno dei titoli pi\u00f9 amati del palinsesto Rai Kids: una protagonista positiva che porta divertimento e un messaggio importante per tutti i bambini. Essere diversi \u00e8 una ricchezza, perch\u00e9 ogni bambino \u00e8 unico e speciale. Amicizia, accettazione, coraggio: i temi universali di Mortina si intrecciano con i misteri pi\u00f9 strani e spaventosi che Villa Decadente abbia mai conosciuto.<\/p>\n","protected":false},"excerpt":{"rendered":"Pescara, 30 maggio 2026 \u2013\u00a0\u201cNulla sar\u00e0 come prima, stavolta\u00a0si cambia davvero\u201d. Non va gi\u00f9 piano, nel suo intervento&hellip;\n","protected":false},"author":3,"featured_media":517749,"comment_status":"","ping_status":"","sticky":false,"template":"","format":"standard","meta":{"footnotes":"","_share_on_mastodon":"0"},"categories":[1444],"tags":[13583,63633,203,1973,199216,204,1537,90,89,148163,2451,286044,280493,1699,2848,3675,286045,3803,253],"class_list":["post-517748","post","type-post","status-publish","format-standard","has-post-thumbnail","category-tv","tag-contenuti","tag-creativa","tag-entertainment","tag-fenomeno","tag-genovesi","tag-intrattenimento","tag-it","tag-italia","tag-italy","tag-kids","tag-liberta","tag-multipiattaforma","tag-pera","tag-ragazzi","tag-rai","tag-ritorno","tag-toons","tag-totale","tag-tv"],"share_on_mastodon":{"url":"https:\/\/pubeurope.com\/@it\/116672248784164756","error":""},"_links":{"self":[{"href":"https:\/\/www.europesays.com\/it\/wp-json\/wp\/v2\/posts\/517748","targetHints":{"allow":["GET"]}}],"collection":[{"href":"https:\/\/www.europesays.com\/it\/wp-json\/wp\/v2\/posts"}],"about":[{"href":"https:\/\/www.europesays.com\/it\/wp-json\/wp\/v2\/types\/post"}],"author":[{"embeddable":true,"href":"https:\/\/www.europesays.com\/it\/wp-json\/wp\/v2\/users\/3"}],"replies":[{"embeddable":true,"href":"https:\/\/www.europesays.com\/it\/wp-json\/wp\/v2\/comments?post=517748"}],"version-history":[{"count":0,"href":"https:\/\/www.europesays.com\/it\/wp-json\/wp\/v2\/posts\/517748\/revisions"}],"wp:featuredmedia":[{"embeddable":true,"href":"https:\/\/www.europesays.com\/it\/wp-json\/wp\/v2\/media\/517749"}],"wp:attachment":[{"href":"https:\/\/www.europesays.com\/it\/wp-json\/wp\/v2\/media?parent=517748"}],"wp:term":[{"taxonomy":"category","embeddable":true,"href":"https:\/\/www.europesays.com\/it\/wp-json\/wp\/v2\/categories?post=517748"},{"taxonomy":"post_tag","embeddable":true,"href":"https:\/\/www.europesays.com\/it\/wp-json\/wp\/v2\/tags?post=517748"}],"curies":[{"name":"wp","href":"https:\/\/api.w.org\/{rel}","templated":true}]}}