{"id":517899,"date":"2026-06-01T04:30:28","date_gmt":"2026-06-01T04:30:28","guid":{"rendered":"https:\/\/www.europesays.com\/it\/517899\/"},"modified":"2026-06-01T04:30:28","modified_gmt":"2026-06-01T04:30:28","slug":"guardiola-ct-dellitalia-la-pista-e-ancora-aperta-il-punto","status":"publish","type":"post","link":"https:\/\/www.europesays.com\/it\/517899\/","title":{"rendered":"Guardiola ct dell\u2019Italia, la pista \u00e8 ancora aperta: il punto"},"content":{"rendered":"<p>                                Lo spagnolo allenatore dell\u2019Italia \u00e8 pi\u00f9 di una suggestione e il ministro dello Sport accende le speranze. In attesa del nuovo presidente Figc, il punto sui progetti azzurri<\/p>\n<p>\n                                                                    Filippo Maria Ricci e Elisabetta Esposito\n                            <\/p>\n<p>                    31 maggio &#8211; 12:53  &#8211; MILANO<\/p>\n<p>        <a href=\"https:\/\/www.gazzetta.it\/en\/football\/national-team\/31-05-2026\/guardiola-as-italy-manager-the-door-is-still-open.shtml\" class=\"button button--link-dark\" rel=\"nofollow noopener\" target=\"_blank\"><\/p>\n<p>            English version<\/p>\n<p>        <\/a><\/p>\n<p class=\"paragraph\" spellcheck=\"true\">Quel nome, in realt\u00e0, non ha mai smesso di solleticare l\u2019interesse di chi sta immaginando un futuro (diverso) per il calcio italiano. L\u2019idea Pep Guardiola ct azzurro \u00e8 sempre stata qualcosa in pi\u00f9 di una suggestione, gi\u00e0 da quando &#8211; il 24 aprile scorso &#8211; la Gazzetta aveva titolato in prima pagina &#8220;Guardiola l\u2019italiano&#8221;. Lo spagnolo ha un profilo che piace non soltanto a Giovanni Malag\u00f2, candidato favorito alla presidenza Figc (l\u2019altro, Giancarlo Abete, ha gi\u00e0 fatto sapere che preferirebbe un italiano), ma anche a diverse personalit\u00e0, pure all\u2019interno della Lega Serie A, che nel mondo del pallone hanno voce in capitolo. L\u2019Italia che sar\u00e0 sta dunque pensando di provarci, nonostante Guardiola abbia gi\u00e0  detto di volersi riposare almeno per un po\u2019.\u00a0<\/p>\n<p>    parola al ministro\u2014 \u00a0<\/p>\n<p class=\"paragraph is-inline\" spellcheck=\"true\">La conferma \u00e8 arrivata ieri dal ministro per lo Sport e i Giovani, Andrea Abodi, che deve aver intercettato qualcosa: &#8220;Guardiola ct dell\u2019Italia? Bisogna capire se lui vuole permettersi l\u2019Italia. Non \u00e8 un sogno impossibile, fa parte delle soluzioni possibili. Allenatore e ct sono due mestieri diversi, occorre capire se vuole diventare anche un grande selezionatore. Ma un tecnico non fa una nazionale, bisogna associare un progetto di alto livello&#8221;, ha detto a SkyTg24.\u00a0<\/p>\n<p>    fascino azzurro\u2014 \u00a0<\/p>\n<p class=\"paragraph is-inline\" spellcheck=\"true\">Malag\u00f2 non si \u00e8 mai esposto sul nome del ct (&#8220;Sarei un irresponsabile a farlo&#8221;), ma ha parlato di &#8220;persone, pronte a mettersi in gioco di fronte a una situazione eccezionale&#8221;. Una volta poi \u00e8 sembrato rivolgersi direttamente a big come Guardiola: &#8220;Se la Nazionale  ha ancora il fascino per attirare grandi allenatori? Assolutamente s\u00ec, altrimenti non mi sarei messo in gioco. Poi bisogna saper motivare le persone, a reputazione e la credibilit\u00e0 possono fare la differenza&#8221;.<\/p>\n<p>    spiragli\u2014 \u00a0<\/p>\n<p class=\"paragraph is-inline\" spellcheck=\"true\">Insomma, qualcosa c\u2019\u00e8, ma la trattativa \u00e8 tutt\u2019altro che facile. Il tecnico da 12 \u201cscudetti\u201d e 3 Champions League nella sua conferenza di addio al Manchester City \u00e8 stato chiarissimo: &#8220;Ho bisogno di riposare. Devo vivere la mia vita ora, vedere che succede&#8221;. La speranza di chi sta pensando (anche) al suo nome \u00e8 che per uno come lui, abituato a mangiare il campo ogni giorno dell\u2019anno, a vivere il lavoro come una missione quotidiana, il passaggio a selezionatore sia in qualche modo un compromesso tra la necessit\u00e0 di rifiatare e l\u2019amore per quel rettangolo verde.  Qualche margine di apertura  c\u2019\u00e8 stato. Nel giorno in cui aveva ufficializzato di lasciare il City, l\u2019agenzia di stampa LaPresse aveva battuto questa notizia: &#8220;Secondo fonti vicine all\u2019allenatore, Guardiola si \u00e8 detto disponibile a discutere un suo possibile incarico di ct della Nazionale italiana&#8221;. Nessuna smentita. Ma come detto, non \u00e8 una trattativa facile.\u00a0<\/p>\n<p><a class=\"is-partner-link\" href=\"https:\/\/abbonamenti.gazzetta.it\/de-promo-mondiali\/?pwcmp=cta&amp;forceBrowser=true\" rel=\"nofollow noopener\" target=\"_blank\">Gazzetta Mondiale: ogni notte un\u2019edizione straordinaria esclusiva. Non perdertela, abbonati a 1\u20ac\/mese!<\/a><\/p>\n<p>        <img decoding=\"async\" loading=\"lazy\" alt=\"Antonio Conte, head coach of SSC Napoli, reacts during the Italian Serie A football match between Como and Napoli at the Giuseppe Sinigaglia Stadium in Como, Italy on May 2, 2026 (Photo by Piero CRUCIATTI \/ AFP)\" src=\"https:\/\/dimages2.gazzettaobjects.it\/files\/image_527_789_h\/uploads\/2026\/05\/31\/6a1be313287ae.jpeg\" data-full-src=\"https:\/\/www.europesays.com\/it\/wp-content\/uploads\/2026\/06\/6a1be313287ae.jpeg\"\/><\/p>\n<p>    gli altri\u2014 \u00a0<\/p>\n<p class=\"paragraph is-inline\" spellcheck=\"true\">Anche per questo continuano i sondaggi (altro non si potrebbe fare, visto che nessuno \u00e8 ancora  presidente) di gradimento e disponibilit\u00e0. Rispetto a qualche tempo fa le quotazioni di Conte sono leggermente in calo, ma l\u2019ex tecnico del Napoli \u00e8 comunque un nome forte. Sarebbe un ritorno, esattamente come quello di Roberto Mancini che per\u00f2 si porta dietro il peso di quella rottura mal gestita. Lo ha detto lui stesso: &#8220;Mi sono pentito, allenare l\u2019Italia \u00e8 la cosa pi\u00f9 bella che ci sia&#8221;. I bookie danno entrambi a 2. Guardiola dopo le conferme di Abodi \u00e8 arrivato a 9. Ma questi sono solo numeri. Come quelli degli ingaggi che, ciascuno in modo diverso, dovrebbero necessariamente  scendere in modo  importante. Quello che serve ora \u00e8 passione. Una passione capace di andare oltre ogni cosa.<\/p>\n<p class=\"is-copyright\">\u00a9 RIPRODUZIONE RISERVATA<\/p>\n","protected":false},"excerpt":{"rendered":"Lo spagnolo allenatore dell\u2019Italia \u00e8 pi\u00f9 di una suggestione e il ministro dello Sport accende le speranze. In&hellip;\n","protected":false},"author":3,"featured_media":517900,"comment_status":"","ping_status":"","sticky":false,"template":"","format":"standard","meta":{"footnotes":"","_share_on_mastodon":"0"},"categories":[1452],"tags":[144348,286193,286194,39420,1960,7920,3439,721,6880,173036,820,5886,100460,5225,2606,8793,23067,1740,2024,8631,256928,286191,1537,90,1599,89,63425,1693,1950,44637,135,115799,286192,1739,3665,245,244,19764,3375,2981,4006,4969],"class_list":["post-517899","post","type-post","status-publish","format-standard","has-post-thumbnail","category-calcio","tag-abete","tag-abete-sapere","tag-abete-sapere-preferirebbe","tag-abodi","tag-allenatore","tag-azzurro","tag-bisogna","tag-calcio","tag-capire","tag-capire-vuole","tag-city","tag-ct","tag-ct-azzurro","tag-diverso","tag-facile","tag-fascino","tag-figc","tag-football","tag-gioco","tag-guardiola","tag-guardiola-ct","tag-guardiola-ct-azzurro","tag-it","tag-italia","tag-italiano","tag-italy","tag-malago","tag-nome","tag-passione","tag-pensando","tag-presidente","tag-riposare","tag-selezionatore","tag-soccer","tag-spagnolo","tag-sport","tag-sports","tag-suggestione","tag-tecnico","tag-trattativa","tag-vivere","tag-vuole"],"share_on_mastodon":{"url":"https:\/\/pubeurope.com\/@it\/116672976372093758","error":""},"_links":{"self":[{"href":"https:\/\/www.europesays.com\/it\/wp-json\/wp\/v2\/posts\/517899","targetHints":{"allow":["GET"]}}],"collection":[{"href":"https:\/\/www.europesays.com\/it\/wp-json\/wp\/v2\/posts"}],"about":[{"href":"https:\/\/www.europesays.com\/it\/wp-json\/wp\/v2\/types\/post"}],"author":[{"embeddable":true,"href":"https:\/\/www.europesays.com\/it\/wp-json\/wp\/v2\/users\/3"}],"replies":[{"embeddable":true,"href":"https:\/\/www.europesays.com\/it\/wp-json\/wp\/v2\/comments?post=517899"}],"version-history":[{"count":0,"href":"https:\/\/www.europesays.com\/it\/wp-json\/wp\/v2\/posts\/517899\/revisions"}],"wp:featuredmedia":[{"embeddable":true,"href":"https:\/\/www.europesays.com\/it\/wp-json\/wp\/v2\/media\/517900"}],"wp:attachment":[{"href":"https:\/\/www.europesays.com\/it\/wp-json\/wp\/v2\/media?parent=517899"}],"wp:term":[{"taxonomy":"category","embeddable":true,"href":"https:\/\/www.europesays.com\/it\/wp-json\/wp\/v2\/categories?post=517899"},{"taxonomy":"post_tag","embeddable":true,"href":"https:\/\/www.europesays.com\/it\/wp-json\/wp\/v2\/tags?post=517899"}],"curies":[{"name":"wp","href":"https:\/\/api.w.org\/{rel}","templated":true}]}}