{"id":517937,"date":"2026-06-01T05:24:25","date_gmt":"2026-06-01T05:24:25","guid":{"rendered":"https:\/\/www.europesays.com\/it\/517937\/"},"modified":"2026-06-01T05:24:25","modified_gmt":"2026-06-01T05:24:25","slug":"capello-litalia-deve-copiare-la-voglia-di-sacrificio-del-psg","status":"publish","type":"post","link":"https:\/\/www.europesays.com\/it\/517937\/","title":{"rendered":"Capello: &#8216;L&#8217;Italia deve copiare la voglia di sacrificio del Psg&#8217;"},"content":{"rendered":"<p>Nel VIDEO Fabio Capello &#8211; nel post partita della finale di Champions da Budapest &#8211; fa un&#8217;analisi della gara del Psg: &#8220;Non ha giocato una grande partita, non hanno mai tirato in porta, per\u00f2 quando perdevano palla tutti rincorrevano l&#8217;avversario. Questo mi piacerebbe vederlo nel calcio italiano. Vorrei che copiassero l&#8217;umilt\u00e0, il sacrificio e la voglia di aiutarsi. Loro avranno pi\u00f9 tecnica, ma non possono avere anche pi\u00f9 voglia di sacrificio&#8221;<\/p>\n<p><a href=\"https:\/\/sport.sky.it\/calcio\/champions-league\/partite\/2025\/finale\/paris-saint-germain-arsenal\/video-highlights\" rel=\"nofollow noopener\" target=\"_blank\">GLI HIGHLIGHTS DI PSG-ARSENAL<\/a>\u00a0&#8211;\u00a0\u00a0<a href=\"https:\/\/sport.sky.it\/calcio\/champions-league\/2026\/05\/30\/psg-arsenal-finale-champions-foto\" rel=\"nofollow noopener\" target=\"_blank\">IL FILM DELLA FINALE<\/a> &#8211; <a href=\"https:\/\/sport.sky.it\/calcio\/champions-league\/2026\/05\/30\/psg-arsenal-pagelle\" rel=\"nofollow noopener\" target=\"_blank\">LE PAGELLE<\/a><\/p>\n","protected":false},"excerpt":{"rendered":"Nel VIDEO Fabio Capello &#8211; nel post partita della finale di Champions da Budapest &#8211; fa un&#8217;analisi della&hellip;\n","protected":false},"author":3,"featured_media":517938,"comment_status":"","ping_status":"","sticky":false,"template":"","format":"standard","meta":{"footnotes":"","_share_on_mastodon":"0"},"categories":[1452],"tags":[5365,721,73744,53585,1740,1537,90,89,14393,1739,245,244,2392],"class_list":["post-517937","post","type-post","status-publish","format-standard","has-post-thumbnail","category-calcio","tag-arsenal","tag-calcio","tag-fabio-capello","tag-finale-champions","tag-football","tag-it","tag-italia","tag-italy","tag-psg","tag-soccer","tag-sport","tag-sports","tag-video"],"share_on_mastodon":{"url":"https:\/\/pubeurope.com\/@it\/116673188250021342","error":""},"_links":{"self":[{"href":"https:\/\/www.europesays.com\/it\/wp-json\/wp\/v2\/posts\/517937","targetHints":{"allow":["GET"]}}],"collection":[{"href":"https:\/\/www.europesays.com\/it\/wp-json\/wp\/v2\/posts"}],"about":[{"href":"https:\/\/www.europesays.com\/it\/wp-json\/wp\/v2\/types\/post"}],"author":[{"embeddable":true,"href":"https:\/\/www.europesays.com\/it\/wp-json\/wp\/v2\/users\/3"}],"replies":[{"embeddable":true,"href":"https:\/\/www.europesays.com\/it\/wp-json\/wp\/v2\/comments?post=517937"}],"version-history":[{"count":0,"href":"https:\/\/www.europesays.com\/it\/wp-json\/wp\/v2\/posts\/517937\/revisions"}],"wp:featuredmedia":[{"embeddable":true,"href":"https:\/\/www.europesays.com\/it\/wp-json\/wp\/v2\/media\/517938"}],"wp:attachment":[{"href":"https:\/\/www.europesays.com\/it\/wp-json\/wp\/v2\/media?parent=517937"}],"wp:term":[{"taxonomy":"category","embeddable":true,"href":"https:\/\/www.europesays.com\/it\/wp-json\/wp\/v2\/categories?post=517937"},{"taxonomy":"post_tag","embeddable":true,"href":"https:\/\/www.europesays.com\/it\/wp-json\/wp\/v2\/tags?post=517937"}],"curies":[{"name":"wp","href":"https:\/\/api.w.org\/{rel}","templated":true}]}}