{"id":517939,"date":"2026-06-01T05:25:21","date_gmt":"2026-06-01T05:25:21","guid":{"rendered":"https:\/\/www.europesays.com\/it\/517939\/"},"modified":"2026-06-01T05:25:21","modified_gmt":"2026-06-01T05:25:21","slug":"ambra-angiolini-e-pico-cibelli-insieme-allevento-di-sal-da-vinci","status":"publish","type":"post","link":"https:\/\/www.europesays.com\/it\/517939\/","title":{"rendered":"Ambra Angiolini e Pico Cibelli insieme all&#8217;evento di Sal Da Vinci"},"content":{"rendered":"<p>                                L&#8217;attrice e il produttore hanno partecipato all&#8217;evento del vincitore del Festival di Sanremo, e tra i fan c&#8217;\u00e8 gi\u00e0 chi sogna il matrimonio<\/p>\n<p>\n                                                                    Andrea Fiori\n                            <\/p>\n<p>                    30 maggio &#8211; 17:04  &#8211; MILANO<\/p>\n<p class=\"paragraph\" spellcheck=\"true\">L\u2019amore tra <a href=\"https:\/\/www.gazzetta.it\/gossip\/24-04-2026\/ambra-angiolini-le-foto-della-festa-di-compleanno-con-il-fidanzato-pico.shtml?intcmp=hyperlink-articolo-gazit\" title=\"Ambra Angiolini, che festa per il 49\u00b0 compleanno con i figli e il fidanzato Pico Cibelli\" rel=\"nofollow noopener\" target=\"_blank\">Ambra Angiolini e Pico Cibelli<\/a>\u00a0da tempo ormai non \u00e8 pi\u00f9 nascosto e, anzi, si mostra <b>pi\u00f9 solido e radioso che mai<\/b>. L&#8217;occasione per confermare questa sintonia \u00e8 stata la festa milanese a Villa Clerici per il l<b>ancio del nuovo album di <a href=\"https:\/\/www.gazzetta.it\/spettacolo\/storie\/17-05-2026\/eurovision-2026-voti-dati-e-presi-dall-italia-per-sal-da-vinci\/\" title=\"Eurovision 2026: i voti dati e presi dall&#039;Italia. Ecco chi ha scelto Sal Da Vinci\" rel=\"nofollow noopener\" target=\"_blank\">Sal Da Vinci<\/a><\/b>, reduce dal successo del quinto posto all&#8217;<a href=\"https:\/\/www.gazzetta.it\/spettacolo\/storie\/17-05-2026\/eurovision-2026-classifica-finale-vince-dara-bulgaria-sal-da-vinci-5\/\" title=\"Eurovision 2026 classifica finale: trionfa Dara (Bulgaria) con \" bangaranga=\"\" sal=\"\" da=\"\" vinci=\"\" rel=\"nofollow noopener\" target=\"_blank\">Eurovision Song Contest 2026<\/a>. Tra musica, risate e una grande complicit\u00e0, l\u2019attrice e il presidente di Warner Music Italia <b>sono apparsi inseparabili<\/b>, catturando l&#8217;attenzione dei presenti e dei tantissimi follower sui social. Un selfie guancia a guancia, condiviso da Ambra sul suo profilo Instagram, ha testimoniato la grande serenit\u00e0 di una coppia che, nata lontano dai riflettori, <b>vive oggi il proprio legame alla luce del sole<\/b>.<\/p>\n<p>    Ambra angiolini e pico cibelli all&#8217;evento di sal Da vinci\u2014 \u00a0<\/p>\n<p class=\"paragraph is-inline\" spellcheck=\"true\">La serata ha regalato anche momenti di <b>grande emozione e momenti amarcord<\/b>. La colonna sonora dell&#8217;evento non poteva che essere Per sempre s\u00ec, il brano sanremese di Sal Da Vinci che sta <b>dominando le classifiche<\/b>. Proprio sulle note di questo inno all&#8217;amore, Ambra si \u00e8 scatenata in canti e balli insieme agli amici e al compagno. La festa \u00e8 stata anche l&#8217;occasione per un <b>caloroso abbraccio tra l&#8217;attrice e il cantautore partenopeo<\/b>, che si sono ritrovati a trentadue anni di distanza dal loro primo incontro nel 1994, quando una giovanissima <b>Ambra conduceva Non \u00e8 la Rai e Sal era ospite musicale dello show<\/b>.<\/p>\n<p><a class=\"is-partner-link\" href=\"https:\/\/abbonamenti.gazzetta.it\/de-promo-mondiali\/?pwcmp=cta&amp;forceBrowser=true\" rel=\"nofollow noopener\" target=\"_blank\">Gazzetta Mondiale: ogni notte un\u2019edizione straordinaria esclusiva. Non perdertela, abbonati a 1\u20ac\/mese!<\/a><\/p>\n<p>    il sogno dei fan: le future nozze\u2014 \u00a0<\/p>\n<p class=\"paragraph is-inline\" spellcheck=\"true\">A infiammare la fantasia dei sostenitori della coppia sono stati soprattutto i <b>dolci scambi di messaggi<\/b> apparsi sotto il post social dell&#8217;attrice. Tra la <b>pioggia di cuori di Pico Cibelli<\/b> e il commento affettuoso di Sal Da Vinci, che ha augurato ad Ambra che &#8220;<b>il cammino dell&#8217;amore&#8221; la illumini sempre<\/b>, i fan pi\u00f9 romantici hanno immediatamente iniziato a sognare. Vedere l&#8217;attrice cantare a squarciagola un ritornello che recita &#8220;sar\u00e0 per sempre s\u00ec&#8221; proprio accanto all&#8217;uomo che le ha restituito il sorriso \u00e8 bastato a far scattare il gossip: <b>che ci sia gi\u00e0 profumo di fiori d&#8217;arancio nell&#8217;aria?<\/b> Per ora nessuna conferma ufficiale, ma la sensazione \u00e8 che il cammino intrapreso sia quello giusto.<\/p>\n<p class=\"is-copyright\">\u00a9 RIPRODUZIONE RISERVATA<\/p>\n","protected":false},"excerpt":{"rendered":"L&#8217;attrice e il produttore hanno partecipato all&#8217;evento del vincitore del Festival di Sanremo, e tra i fan c&#8217;\u00e8&hellip;\n","protected":false},"author":3,"featured_media":517940,"comment_status":"","ping_status":"","sticky":false,"template":"","format":"standard","meta":{"footnotes":"","_share_on_mastodon":"0"},"categories":[1451],"tags":[24538,5747,246558,87,286211,24561,246559,246560,129442,7738,26159,1621,1620,234859,2235,203,451,5700,2217,67034,204,1537,90,89,4003,234861,184951,89836,213606,5798],"class_list":["post-517939","post","type-post","status-publish","format-standard","has-post-thumbnail","category-celebrita","tag-ambra","tag-ambra-angiolini","tag-ambra-angiolini-pico","tag-amore","tag-amore-ambra","tag-angiolini","tag-angiolini-pico","tag-angiolini-pico-cibelli","tag-apparsi","tag-attrice","tag-cammino","tag-celebrita","tag-celebrities","tag-cibelli","tag-coppia","tag-entertainment","tag-evento","tag-fan","tag-festa","tag-guancia","tag-intrattenimento","tag-it","tag-italia","tag-italy","tag-momenti","tag-pico","tag-pico-cibelli","tag-sal","tag-sal-vinci","tag-vinci"],"share_on_mastodon":{"url":"https:\/\/pubeurope.com\/@it\/116673193063586016","error":""},"_links":{"self":[{"href":"https:\/\/www.europesays.com\/it\/wp-json\/wp\/v2\/posts\/517939","targetHints":{"allow":["GET"]}}],"collection":[{"href":"https:\/\/www.europesays.com\/it\/wp-json\/wp\/v2\/posts"}],"about":[{"href":"https:\/\/www.europesays.com\/it\/wp-json\/wp\/v2\/types\/post"}],"author":[{"embeddable":true,"href":"https:\/\/www.europesays.com\/it\/wp-json\/wp\/v2\/users\/3"}],"replies":[{"embeddable":true,"href":"https:\/\/www.europesays.com\/it\/wp-json\/wp\/v2\/comments?post=517939"}],"version-history":[{"count":0,"href":"https:\/\/www.europesays.com\/it\/wp-json\/wp\/v2\/posts\/517939\/revisions"}],"wp:featuredmedia":[{"embeddable":true,"href":"https:\/\/www.europesays.com\/it\/wp-json\/wp\/v2\/media\/517940"}],"wp:attachment":[{"href":"https:\/\/www.europesays.com\/it\/wp-json\/wp\/v2\/media?parent=517939"}],"wp:term":[{"taxonomy":"category","embeddable":true,"href":"https:\/\/www.europesays.com\/it\/wp-json\/wp\/v2\/categories?post=517939"},{"taxonomy":"post_tag","embeddable":true,"href":"https:\/\/www.europesays.com\/it\/wp-json\/wp\/v2\/tags?post=517939"}],"curies":[{"name":"wp","href":"https:\/\/api.w.org\/{rel}","templated":true}]}}