{"id":518281,"date":"2026-06-01T11:03:21","date_gmt":"2026-06-01T11:03:21","guid":{"rendered":"https:\/\/www.europesays.com\/it\/518281\/"},"modified":"2026-06-01T11:03:21","modified_gmt":"2026-06-01T11:03:21","slug":"bugatti-w16-mistral-la-versione-speciale-che-omaggia-il-piccolo-principe","status":"publish","type":"post","link":"https:\/\/www.europesays.com\/it\/518281\/","title":{"rendered":"Bugatti W16 Mistral, la versione speciale che omaggia il Piccolo Principe"},"content":{"rendered":"<p>Nel mondo dell\u2019eccellenza automobilistica, esistono vetture che superano la semplice definizione di mezzo di trasporto per diventare capitoli di storia. La <strong>Bugatti W16 Mistral<\/strong>, gi\u00e0 di per s\u00e9 una roadster esclusiva prodotta in soli 99 esemplari per celebrare l\u2019addio al leggendario motore W16 da 8,0 litri, trova nella personalizzazione estrema la sua massima espressione. \u00c8 qui che il reparto <strong>\u201cSur Mesure\u201d<\/strong> di Bugatti ha dato vita a un progetto unico al mondo: \u201cLe Retour du Jeune Prince\u201d, \u201cIl ritorno del Piccolo Principe\u201d.\n<\/p>\n<p>Un incontro tra letteratura e ingegneria<\/p>\n<p>La genesi di questo esemplare risale all\u2019ottobre 2023, nata dall\u2019incontro tra un collezionista di lungo corso e Jascha Straub, responsabile del design personalizzato Bugatti. L\u2019obiettivo era ambizioso: realizzare una vettura che omaggiasse non solo il capolavoro di <strong>Antoine de Saint-Exup\u00e9ry<\/strong>, ma anche il lavoro letterario dello stesso cliente, che ha scritto un seguito alla storia del Principe. Sotto la guida di Sabine Consolini, questa narrazione \u00e8 stata trasposta in un concetto visivo senza precedenti.<\/p>\n<p>Un design che cattura la luce lunare<\/p>\n<p>L\u2019estetica esteriore della \u201cLe Retour du Jeune Prince\u201d colpisce per una palette cromatica sviluppata ad hoc. Il team ha creato tonalit\u00e0 calde comprese tra il <strong>rame e il bronzo<\/strong>, studiate per evocare il riflesso della luce lunare sulla superficie terrestre. La carrozzeria reagisce con intensit\u00e0 cangiante al variare dell\u2019illuminazione, enfatizzando le forme scultoree della <a href=\"https:\/\/www.virgilio.it\/motori\/auto\/bugatti-mistral-motore-w16\/268593\/\" rel=\"nofollow noopener\" target=\"_blank\">Mistral<\/a>.<\/p>\n<p>La cura del dettaglio \u00e8 quasi maniacale: la griglia a ferro di cavallo \u00e8 stata modificata con linee 3D che seguono il flusso del cofano, mentre il logo Bugatti sulla calandra \u00e8 contornato in <strong>oro<\/strong>. Sui fianchi posteriori e sull\u2019ala, un <strong>cielo stellato color argento<\/strong> \u00e8 stato dipinto a mano e integrato nella vernice attraverso un complesso processo di stratificazione. Il tocco finale \u00e8 un \u201cEaster egg\u201d sotto l\u2019ala posteriore: quando l\u2019airbrake si solleva, rivela una reinterpretazione della celebre scena tra il Principe e la volpe.<\/p>\n<p>L\u2019abitacolo<\/p>\n<p>Entrando nell\u2019abitacolo, il viaggio letterario si fa ancora pi\u00f9 intimo. Bugatti ha utilizzato due tonalit\u00e0 di pelle: <strong>\u201cTerre d\u2019Or\u201d<\/strong> (un beige luminoso) e <strong>\u201cDriftwood\u201d<\/strong> (un tono pi\u00f9 terroso). I pannelli delle porte sono autentici capolavori di selleria, con la luna ricamata circondata da innumerevoli stelle che attraversano tutto il cockpit fino ai poggiatesta.<\/p>\n<p>Il vero tocco poetico degli interni si trova per\u00f2 nel <strong>selettore del cambio<\/strong>. Al suo interno \u00e8 incastonata una <strong>rosa d\u2019argento<\/strong>, creata attraverso uno scan 3D di un fiore vero per massimizzare il realismo. Questo gioiello \u00e8 un riferimento diretto alla rosa del racconto, simbolo di tenerezza e memoria. Persino il <a href=\"https:\/\/www.virgilio.it\/motori\/auto\/bugatti-addio-w16-bolide\/304784\/\" rel=\"nofollow noopener\" target=\"_blank\">motore W16<\/a>, visibile aprendo il vano posteriore, presenta incisioni personalizzate che raffigurano i personaggi principali della storia.<\/p>\n<p>Potenza mostruosa avvolta nel mito<\/p>\n<p>Nonostante la veste poetica, tecnicamente la Mistral resta una predatrice della strada. Il motore W16 da 8,0 litri scarica i suoi <strong>1.600 CV<\/strong> attraverso un cambio a doppia frizione a sette rapporti e trazione integrale. Sebbene su un pezzo unico di tale valore le prestazioni passino in secondo piano, la consapevolezza di poter superare i <strong>400 km\/h<\/strong> conferisce a questo progetto un fascino quasi surreale. \u201cLe Retour du Jeune Prince\u201d non \u00e8 pi\u00f9 solo un\u2019auto, ma un libro rilegato in carbonio e pelle, creato per essere letto e vissuto lungo le strade del mondo.<\/p>\n","protected":false},"excerpt":{"rendered":"Nel mondo dell\u2019eccellenza automobilistica, esistono vetture che superano la semplice definizione di mezzo di trasporto per diventare capitoli&hellip;\n","protected":false},"author":3,"featured_media":518282,"comment_status":"","ping_status":"","sticky":false,"template":"","format":"standard","meta":{"footnotes":"","_share_on_mastodon":"0"},"categories":[173],"tags":[32936,2765,32546,1537,90,89,195,198,199,197,200,201,194,196],"class_list":["post-518281","post","type-post","status-publish","format-standard","has-post-thumbnail","category-scienza-e-tecnologia","tag-accessori-auto","tag-auto","tag-bugatti","tag-it","tag-italia","tag-italy","tag-science","tag-science-and-technology","tag-scienceandtechnology","tag-scienza","tag-scienza-e-tecnologia","tag-scienzaetecnologia","tag-technology","tag-tecnologia"],"share_on_mastodon":{"url":"https:\/\/pubeurope.com\/@it\/116674521261826304","error":""},"_links":{"self":[{"href":"https:\/\/www.europesays.com\/it\/wp-json\/wp\/v2\/posts\/518281","targetHints":{"allow":["GET"]}}],"collection":[{"href":"https:\/\/www.europesays.com\/it\/wp-json\/wp\/v2\/posts"}],"about":[{"href":"https:\/\/www.europesays.com\/it\/wp-json\/wp\/v2\/types\/post"}],"author":[{"embeddable":true,"href":"https:\/\/www.europesays.com\/it\/wp-json\/wp\/v2\/users\/3"}],"replies":[{"embeddable":true,"href":"https:\/\/www.europesays.com\/it\/wp-json\/wp\/v2\/comments?post=518281"}],"version-history":[{"count":0,"href":"https:\/\/www.europesays.com\/it\/wp-json\/wp\/v2\/posts\/518281\/revisions"}],"wp:featuredmedia":[{"embeddable":true,"href":"https:\/\/www.europesays.com\/it\/wp-json\/wp\/v2\/media\/518282"}],"wp:attachment":[{"href":"https:\/\/www.europesays.com\/it\/wp-json\/wp\/v2\/media?parent=518281"}],"wp:term":[{"taxonomy":"category","embeddable":true,"href":"https:\/\/www.europesays.com\/it\/wp-json\/wp\/v2\/categories?post=518281"},{"taxonomy":"post_tag","embeddable":true,"href":"https:\/\/www.europesays.com\/it\/wp-json\/wp\/v2\/tags?post=518281"}],"curies":[{"name":"wp","href":"https:\/\/api.w.org\/{rel}","templated":true}]}}