{"id":518311,"date":"2026-06-01T11:29:29","date_gmt":"2026-06-01T11:29:29","guid":{"rendered":"https:\/\/www.europesays.com\/it\/518311\/"},"modified":"2026-06-01T11:29:29","modified_gmt":"2026-06-01T11:29:29","slug":"tale-e-quale-show-si-sposta-carlo-conti-perde-il-venerdi-per-favorire-rai1-il-motivo","status":"publish","type":"post","link":"https:\/\/www.europesays.com\/it\/518311\/","title":{"rendered":"Tale e Quale Show si sposta, Carlo Conti perde il venerd\u00ec per favorire Rai1: il motivo"},"content":{"rendered":"<p>Se c\u2019\u00e8 una certezza nella\u00a0<strong>televisione italiana<\/strong>\u00a0dell\u2019ultimo decennio, \u00e8 che il venerd\u00ec sera autunnale appartiene a\u00a0<strong>Carlo Conti<\/strong>. Con le sue parrucche, le canzoni intramontabili e quel clima da grande festa in famiglia,\u00a0Tale e Quale Show\u00a0\u00e8 stato\u00a0per anni una cassaforte blindata per gli\u00a0<strong>ascolti tv<\/strong>\u00a0di Rai1. Eppure, le logiche della\u00a0<strong>programmazione televisiva<\/strong>\u00a0moderna sanno essere spietate e persino i pilastri pi\u00f9 solidi possono essere spostati.<\/p>\n<p>La notizia, riportata come anteprima dal giornalista Giuseppe Candela, \u00e8 ormai nell\u2019aria: il conduttore toscano si appresta a\u00a0<strong>perdere la sua storica collocazione del venerd\u00ec<\/strong>\u00a0per traslocare a met\u00e0 settimana, pi\u00f9 precisamente il mercoled\u00ec sera. Ma perch\u00e9 compiere una mossa che a prima vista sembra un azzardo? La risposta sta in una complessa\u00a0<strong>strategia di palinsesto<\/strong>\u00a0e in un esperimento aziendale che non ha portato i frutti sperati.\n<\/p>\n<p>Carlo Conti perde il venerd\u00ec, le possibili motivazioni<\/p>\n<p>Per capire il motivo di questo cambiamento, bisogna fare un passo indietro e analizzare le mosse dei vertici di\u00a0<strong>Viale Mazzini<\/strong>. Qualche tempo fa, come sottolinea ancora Candela, l\u2019azienda aveva deciso di attuare una sorta di \u201cstaffetta\u201d interna: spegnere parzialmente la prima serata del mercoled\u00ec di Rai1, lasciandola a una programmazione meno competitiva, per dare spazio e ossigeno a Rai2.<\/p>\n<p>L\u2019obiettivo era\u00a0sostenere\u00a0la seconda Rete, testando formati alternativi e show dinamici (un esempio su tutti \u00e8 stato\u00a0Stasera tutto \u00e8 possibile\u00a0con <a href=\"https:\/\/dilei.it\/star-e-vip\/stefano-de-martino\/\" rel=\"nofollow noopener\" target=\"_blank\">Stefano De Martino<\/a>). Sulla carta, l\u2019idea di redistribuire il\u00a0<strong>pubblico televisivo<\/strong>\u00a0e creare una forte alternativa interna sembrava sensata. Nella realt\u00e0 dei numeri, per\u00f2, il\u00a0<strong>mercato pubblicitario<\/strong>\u00a0e le abitudini dei telespettatori hanno risposto picche.<\/p>\n<p>Il mercoled\u00ec sera della Rete ammiraglia ha subito un preoccupante\u00a0<strong>crollo degli ascolti<\/strong>, creando un vuoto che la concorrenza ha iniziato a sfruttare fin troppo facilmente. Di fronte a queste prospettive, i vertici Rai starebbero per\u00a0fare marcia indietro, decretando il fallimento della vecchia linea difensiva: la nuova parola d\u2019ordine \u00e8<strong>\u00a0rilanciare\u00a0la prima serata<\/strong>\u00a0e, di conseguenza, ridimensionare le pretese del mercoled\u00ec di Rai2.<\/p>\n<p>Il futuro di Carlo Conti<\/p>\n<p>Ed \u00e8 proprio qui che entra in gioco il \u201cpovero\u201d <a href=\"https:\/\/dilei.it\/star-e-vip\/carlo-conti\/\" rel=\"nofollow noopener\" target=\"_blank\">Carlo Conti<\/a>, da sempre il volto aziendale per eccellenza e l\u2019uomo delle missioni impossibili. La Rai, insieme a\u00a0Endemol Shine Italy\u00a0(la casa di produzione del talent),\u00a0sarebbe pronta a\u00a0mettere mano al telecomando della programmazione. Per risollevare le sorti di una serata barcollante, serve l\u2019artiglieria pesante, un\u00a0<strong>intrattenimento di successo<\/strong>\u00a0che porti una platea fedele, solida e numerosa. Chi meglio delle imitazioni dei vip?<\/p>\n<p>Il sacrificio richiesto a Conti non \u00e8 da poco. Abbandonare il venerd\u00ec significa rinunciare a una serata in cui<strong>\u00a0il pubblico \u00e8 storicamente pi\u00f9 propenso al relax<\/strong>, per infilarsi nel ring del mercoled\u00ec, una giornata tradizionalmente legata all\u2019attualit\u00e0 o alle grandi fiction. Si tratta di una decisione che dimostra quanto lo\u00a0<strong>share<\/strong>\u00a0della televisione di oggi non possa pi\u00f9 permettersi il lusso di avere \u201czone d\u2019ombra\u201d durante la settimana. Rimane da capire come reagir\u00e0 il pubblico a questo\u00a0<strong>cambio di palinsesto<\/strong>: gli spettatori decideranno di modificare le proprie abitudini per seguire lo show a met\u00e0 settimana? Carlo Conti \u00e8 pronto a fare l\u2019ennesimo miracolo, ma la sfida dell\u2019<strong>auditel<\/strong>\u00a0questa volta \u00e8 davvero totale.<\/p>\n<p>\t\t\t\tScopri i personaggi in trend, le storie del momento e molto altro.<br \/>Dove? Sul <a href=\"https:\/\/whatsapp.com\/channel\/0029Vb68mVyHVvTWezDm7d0R\" target=\"_blank\" rel=\"noopener nofollow\">canale WhatsApp di DiLei!<\/a><\/p>\n<p>\t\t\t<a class=\"buttonCall\" href=\"https:\/\/whatsapp.com\/channel\/0029Vb68mVyHVvTWezDm7d0R\" target=\"_blank\" rel=\"noopener nofollow\" title=\"Seguici su WhatsApp\"><br \/>\n\t\t\t\tSeguici su WhatsApp<br \/>\n\t\t\t<\/a><\/p>\n","protected":false},"excerpt":{"rendered":"Se c\u2019\u00e8 una certezza nella\u00a0televisione italiana\u00a0dell\u2019ultimo decennio, \u00e8 che il venerd\u00ec sera autunnale appartiene a\u00a0Carlo Conti. Con le&hellip;\n","protected":false},"author":3,"featured_media":518312,"comment_status":"","ping_status":"","sticky":false,"template":"","format":"standard","meta":{"footnotes":"","_share_on_mastodon":"0"},"categories":[174],"tags":[5216,203,204,1537,90,89,214,17852],"class_list":["post-518311","post","type-post","status-publish","format-standard","has-post-thumbnail","category-intrattenimento","tag-carlo-conti","tag-entertainment","tag-intrattenimento","tag-it","tag-italia","tag-italy","tag-spettacolo","tag-tale-e-quale-show"],"share_on_mastodon":{"url":"https:\/\/pubeurope.com\/@it\/116674623463459677","error":""},"_links":{"self":[{"href":"https:\/\/www.europesays.com\/it\/wp-json\/wp\/v2\/posts\/518311","targetHints":{"allow":["GET"]}}],"collection":[{"href":"https:\/\/www.europesays.com\/it\/wp-json\/wp\/v2\/posts"}],"about":[{"href":"https:\/\/www.europesays.com\/it\/wp-json\/wp\/v2\/types\/post"}],"author":[{"embeddable":true,"href":"https:\/\/www.europesays.com\/it\/wp-json\/wp\/v2\/users\/3"}],"replies":[{"embeddable":true,"href":"https:\/\/www.europesays.com\/it\/wp-json\/wp\/v2\/comments?post=518311"}],"version-history":[{"count":0,"href":"https:\/\/www.europesays.com\/it\/wp-json\/wp\/v2\/posts\/518311\/revisions"}],"wp:featuredmedia":[{"embeddable":true,"href":"https:\/\/www.europesays.com\/it\/wp-json\/wp\/v2\/media\/518312"}],"wp:attachment":[{"href":"https:\/\/www.europesays.com\/it\/wp-json\/wp\/v2\/media?parent=518311"}],"wp:term":[{"taxonomy":"category","embeddable":true,"href":"https:\/\/www.europesays.com\/it\/wp-json\/wp\/v2\/categories?post=518311"},{"taxonomy":"post_tag","embeddable":true,"href":"https:\/\/www.europesays.com\/it\/wp-json\/wp\/v2\/tags?post=518311"}],"curies":[{"name":"wp","href":"https:\/\/api.w.org\/{rel}","templated":true}]}}