{"id":518506,"date":"2026-06-01T14:31:15","date_gmt":"2026-06-01T14:31:15","guid":{"rendered":"https:\/\/www.europesays.com\/it\/518506\/"},"modified":"2026-06-01T14:31:15","modified_gmt":"2026-06-01T14:31:15","slug":"ralf-schumacher-matrimonio-a-saint-tropez","status":"publish","type":"post","link":"https:\/\/www.europesays.com\/it\/518506\/","title":{"rendered":"Ralf Schumacher matrimonio a Saint Tropez"},"content":{"rendered":"<p>                                L&#8217;ex pilota di F1 della Williams si \u00e8 unito a Saint-Tropez col compagno: dopo la cerimonia, festeggiamenti della durata di tre giorni con conclusione nell&#8217;esclusiva localit\u00e0 balneare<\/p>\n<p class=\"paragraph\" spellcheck=\"true\">A poco meno di due anni dal coming out, Ralf Schumacher \u2013 fratello dell&#8217;ex ferrarista Michael \u2013 ha sposato in seconde nozze il compagno \u00c9tienne Bousquet-Cassagne in una sfarzosa cerimonia a Saint-Tropez. Tre giorni di festeggiamenti iniziati sabato e che si concluderanno oggi, 1\u00b0 giugno, immortalati dalle telecamere di Sky, che sta producendo una serie tv in quattro parti su di loro: \u201cRalf &amp; Etienne: Wir sagen Ja\u201d, \u201cDiciamo di s\u00ec\u201d.\u00a0<\/p>\n<p>    sposi\u2014 \u00a0<\/p>\n<p class=\"paragraph is-inline\" spellcheck=\"true\">Schumacher, 50 anni, e Bousquet-Cassagne, 36 anni, ex candidato del Front National e oggi manager della societ\u00e0 enologica dell&#8217;ex pilota, hanno scelto la Costa Azzurra per la loro cerimonia, dove possiedono anche una villa non distante da Saint-Tropez. Tantissimi gli invitati alla festa, gi\u00e0 \u201cbenedetta\u201d anche dalla ex moglie Cora, che all\u2019epoca del coming out di Ralf si era detta \u201cfuriosa per l\u2019inganno subito per anni\u201d, al punto da dare fuoco all\u2019abito con cui i due si erano sposati nel 2001.  Acqua passata, dato che oggi Cora e il suo nuovo partner, Steven Bo Bejendam, hanno augurato agli sposi il meglio e tanta felicit\u00e0. Nessun commento social da parte del figlio David, anche lui recentemente convolato a nozze con la compagna Vivien, e dal nipote Mick, impegnato a Detroit per la IndyCar. Assente, naturalmente, il fratello Michael Schumacher, colpito 13 anni fa dal grave incidente sugli sci a M\u00e9ribel.\u00a0<\/p>\n<p>    la cerimonia\u2014 \u00a0<\/p>\n<p class=\"paragraph is-inline\" spellcheck=\"true\">Per il loro grande giorno, Ralf ed \u00c9tienne hanno scelto un look coordinato: completi blu scuro abbinati a cravatte celesti, perfettamente in linea con l\u2019atmosfera elegante della giornata. La cerimonia si \u00e8 svolta in municipio, davanti a una platea ristretta di amici e parenti pi\u00f9 stretti. Dopo il rito civile, la festa si \u00e8 spostata sul mare, in una delle location pi\u00f9 note della zona, la spiaggia della Bouillabaisse.  Un party che si \u00e8 protratto fino al tramonto e che ha avuto il suo momento pi\u00f9 suggestivo nei fuochi d\u2019artificio accesi nel cielo sopra il mare per celebrare la coppia.<\/p>\n","protected":false},"excerpt":{"rendered":"L&#8217;ex pilota di F1 della Williams si \u00e8 unito a Saint-Tropez col compagno: dopo la cerimonia, festeggiamenti della&hellip;\n","protected":false},"author":3,"featured_media":518507,"comment_status":"","ping_status":"","sticky":false,"template":"","format":"standard","meta":{"footnotes":"","_share_on_mastodon":"0"},"categories":[1451],"tags":[285817,285818,285819,1621,1620,818,39004,114869,286629,3340,135663,203,23639,2217,66804,3688,204,1537,90,89,2050,1949,15384,12038,286630,62304,17237,11878,56356,73250],"class_list":["post-518506","post","type-post","status-publish","format-standard","has-post-thumbnail","category-celebrita","tag-bousquet","tag-bousquet-cassagne","tag-cassagne","tag-celebrita","tag-celebrities","tag-cerimonia","tag-coming","tag-coming-out","tag-coming-out-ralf","tag-compagno","tag-cora","tag-entertainment","tag-etienne","tag-festa","tag-festeggiamenti","tag-fratello","tag-intrattenimento","tag-it","tag-italia","tag-italy","tag-mare","tag-michael","tag-nozze","tag-out","tag-out-ralf","tag-ralf","tag-saint","tag-saint-tropez","tag-schumacher","tag-tropez"],"share_on_mastodon":{"url":"https:\/\/pubeurope.com\/@it\/116675339105307934","error":""},"_links":{"self":[{"href":"https:\/\/www.europesays.com\/it\/wp-json\/wp\/v2\/posts\/518506","targetHints":{"allow":["GET"]}}],"collection":[{"href":"https:\/\/www.europesays.com\/it\/wp-json\/wp\/v2\/posts"}],"about":[{"href":"https:\/\/www.europesays.com\/it\/wp-json\/wp\/v2\/types\/post"}],"author":[{"embeddable":true,"href":"https:\/\/www.europesays.com\/it\/wp-json\/wp\/v2\/users\/3"}],"replies":[{"embeddable":true,"href":"https:\/\/www.europesays.com\/it\/wp-json\/wp\/v2\/comments?post=518506"}],"version-history":[{"count":0,"href":"https:\/\/www.europesays.com\/it\/wp-json\/wp\/v2\/posts\/518506\/revisions"}],"wp:featuredmedia":[{"embeddable":true,"href":"https:\/\/www.europesays.com\/it\/wp-json\/wp\/v2\/media\/518507"}],"wp:attachment":[{"href":"https:\/\/www.europesays.com\/it\/wp-json\/wp\/v2\/media?parent=518506"}],"wp:term":[{"taxonomy":"category","embeddable":true,"href":"https:\/\/www.europesays.com\/it\/wp-json\/wp\/v2\/categories?post=518506"},{"taxonomy":"post_tag","embeddable":true,"href":"https:\/\/www.europesays.com\/it\/wp-json\/wp\/v2\/tags?post=518506"}],"curies":[{"name":"wp","href":"https:\/\/api.w.org\/{rel}","templated":true}]}}