{"id":518610,"date":"2026-06-01T15:58:13","date_gmt":"2026-06-01T15:58:13","guid":{"rendered":"https:\/\/www.europesays.com\/it\/518610\/"},"modified":"2026-06-01T15:58:13","modified_gmt":"2026-06-01T15:58:13","slug":"inter-senti-palestra-pronto-per-un-top-club-la-nazionale-italia-fra-le-piu-forti-al-mondo","status":"publish","type":"post","link":"https:\/\/www.europesays.com\/it\/518610\/","title":{"rendered":"Inter, senti Palestra: &#8220;Pronto per un top club. La Nazionale? Italia fra le pi\u00f9 forti al mondo&#8221;"},"content":{"rendered":"<p><b><strong>Marco Palestra<\/strong><\/b>, difensore classe 2005, che <b><strong>rientra all&#8217;Atalanta dopo il prestito al Cagliar<\/strong><\/b>i, parla dal ritiro della Nazionale, che nei prossimi giorni sar\u00e0 impegnata in amichevole contro Lussemburgo e Grecia. Di seguito le sue parole, cos\u00ec riportate dal Corriere dello Sport.<\/p>\n<p><b><strong>In chiave mercato, arriva una dichiarazione che far\u00e0 piacere ai tifosi dell&#8217;Inte<\/strong><\/b>r, il top club che pi\u00f9 si sta muovendo per far suo il giovane terzino: &#8220;<b><strong>Sono pronto per il salto in un grande club<\/strong><\/b>, la stagione appena conclusa mi ha dato tantissima fiducia e consapevolezza. Quest&#8217;anno, il mio primo da titolare in serie A, mi ha dato fiducia\u201d. <\/p>\n<p><b><strong>Palestra si racconta: &#8220;Facevo la mezzala e fino ai quindici anni ero considerato il pi\u00f9 lento della squadra<\/strong><\/b>. Giocavo poco, ma fa parte del percorso. Non ho mai mollato e per fortuna ho sempre avuto la famiglia che mi ha aiutato. Il cambio di ruolo, la mia fortuna, lo devo al mio allenatore nell\u2019Under 16 dell\u2019Atalanta, Marco Fioretto. L\u2019altro passaggio fondamentale nella mia giovane carriera \u00e8 stata la stagione nell\u2019Under 23 perch\u00e9 \u00e8 l\u00e0 che ho cominciato a conoscere il calcio dei professionisti&#8221;.<\/p>\n","protected":false},"excerpt":{"rendered":"Marco Palestra, difensore classe 2005, che rientra all&#8217;Atalanta dopo il prestito al Cagliari, parla dal ritiro della Nazionale,&hellip;\n","protected":false},"author":3,"featured_media":513217,"comment_status":"","ping_status":"","sticky":false,"template":"","format":"standard","meta":{"footnotes":"","_share_on_mastodon":"0"},"categories":[176],"tags":[569,353,350,1537,90,89,151785,251,245,244,355],"class_list":["post-518610","post","type-post","status-publish","format-standard","has-post-thumbnail","category-sport","tag-atalanta","tag-calciomercato","tag-inter","tag-it","tag-italia","tag-italy","tag-m-palestra","tag-serie-a","tag-sport","tag-sports","tag-transfers"],"share_on_mastodon":{"url":"https:\/\/pubeurope.com\/@it\/116675681270112948","error":""},"_links":{"self":[{"href":"https:\/\/www.europesays.com\/it\/wp-json\/wp\/v2\/posts\/518610","targetHints":{"allow":["GET"]}}],"collection":[{"href":"https:\/\/www.europesays.com\/it\/wp-json\/wp\/v2\/posts"}],"about":[{"href":"https:\/\/www.europesays.com\/it\/wp-json\/wp\/v2\/types\/post"}],"author":[{"embeddable":true,"href":"https:\/\/www.europesays.com\/it\/wp-json\/wp\/v2\/users\/3"}],"replies":[{"embeddable":true,"href":"https:\/\/www.europesays.com\/it\/wp-json\/wp\/v2\/comments?post=518610"}],"version-history":[{"count":0,"href":"https:\/\/www.europesays.com\/it\/wp-json\/wp\/v2\/posts\/518610\/revisions"}],"wp:featuredmedia":[{"embeddable":true,"href":"https:\/\/www.europesays.com\/it\/wp-json\/wp\/v2\/media\/513217"}],"wp:attachment":[{"href":"https:\/\/www.europesays.com\/it\/wp-json\/wp\/v2\/media?parent=518610"}],"wp:term":[{"taxonomy":"category","embeddable":true,"href":"https:\/\/www.europesays.com\/it\/wp-json\/wp\/v2\/categories?post=518610"},{"taxonomy":"post_tag","embeddable":true,"href":"https:\/\/www.europesays.com\/it\/wp-json\/wp\/v2\/tags?post=518610"}],"curies":[{"name":"wp","href":"https:\/\/api.w.org\/{rel}","templated":true}]}}