{"id":518668,"date":"2026-06-01T16:48:16","date_gmt":"2026-06-01T16:48:16","guid":{"rendered":"https:\/\/www.europesays.com\/it\/518668\/"},"modified":"2026-06-01T16:48:16","modified_gmt":"2026-06-01T16:48:16","slug":"da-caravaggio-a-picasso-la-mostra-di-illegio-si-apre-con-opere-inestimabili","status":"publish","type":"post","link":"https:\/\/www.europesays.com\/it\/518668\/","title":{"rendered":"Da Caravaggio a Picasso, la mostra di Illegio si apre con opere inestimabili"},"content":{"rendered":"<p>&#13;<br \/>\n      &#13;<br \/>\n&#13;<br \/>\n     &#13;<br \/>\n        &#13;<\/p>\n<p>Manca poco all&#8217;inaugurazione di una mostra dal valore artistico altissimo, \u201cIl dialogo\u201d, la nuova proposta che Illegio sta preparando e che si potr\u00e0 visitare dall\u201911 giugno fino all\u20198 novembre 2026. La mostra comprender\u00e0 cinquantadue capolavori, tra dipinti e sculture \u2013 sedici provenienti da collezioni segrete, mai visibili \u2013, selezionati per altissima qualit\u00e0 e dispiegati a tracciare un percorso di duemilatrecento anni che parte dal IV secolo a.C. e giunge alla met\u00e0 del Novecento.<\/p>\n<p>Da Caravaggio a Picasso, passando per il Tiepolo<\/p>\n<p>Lasciano incantati gi\u00e0 i nomi degli artisti che la mostra consente di ammirare, tra i quali emergono i pi\u00f9 sensazionali: Caravaggio \u2013 due opere al centro dell\u2019attenzione degli studiosi: una delle versioni de \u201cL\u2019incredulit\u00e0 di Tommaso\u201d, e il \u201cSant\u2019Agostino in meditazione\u201d, opera recentemente riscoperta \u2013; Mathias Stom \u2013 grandioso e misterioso fiammingo maestro della luce e della penombra, con quattro opere emozionanti \u2013; Giambattista Tiepolo \u2013 movimentato narratore biblico, come in \u201cRebecca al pozzo con Eliezer\u201d \u2013; Pietro Longhi \u2013 con una coppia di dipinti, di tema esattamente opposto, che ci introducono nei vizi e nelle virt\u00f9 della Venezia settecentesca \u2013; Francesco Hayez \u2013 il punto di riferimento del Risorgimento, che in mostra compare con un toccante \u201cEcce homo\u201d e con una popolatissima grande scena storica dei tempi del Barbarossa, piena di riferimenti alla sete di libert\u00e0 delle genti italiche \u2013; Giovanni Fattori \u2013 l\u2019altro sguardo sul Risorgimento, antiretorico e umanissimo, come dimostra nella sua \u201cLa lettera al campo\u201d -; Giuseppe De Nittis \u2013 con \u201cIl pranzo del vescovo\u201d ci mette in contatto con il clima colorito ed entusiasta della Belle \u00c9poque un po\u2019 italiana un po\u2019 parigina \u2013; Pablo Picasso \u2013 intenso e commovente, un suo \u201cArlecchino\u201d che fa riaffiorare in lui il classicismo e le domande sul nostro destino \u2013. A questi nomi se ne accostano numerosi altri, con opere da restare incantati.<\/p>\n<p>Il tema del dialogo<\/p>\n<p>Avvincente e delicato il tema: la necessit\u00e0 del dialogo nella vita umana e nelle vicende del mondo, la sua corretta concezione, la sua sana e fruttuosa pratica, gli ostacoli che incontra e le patologie che pu\u00f2 soffrire, i suoi effetti nella vita delle persone, dei popoli, perfino delle arti. Un tema scelto da Illegio anzitutto perch\u00e9 in questo momento critico della storia \u00e8 evidente quanto ci sia bisogno di recuperare la capacit\u00e0 di dialogare, nelle case, tra generazioni, tra i popoli del mondo. Nessuno potrebbe seriamente mettere in dubbio l\u2019importanza di cercare, salvaguardare, inventare spazi di dialogo, perch\u00e9 \u00e8 incontestabile che quanto pi\u00f9 tali spazi si riducono, tanto pi\u00f9 si allargano quelli della violenza. L\u2019umanit\u00e0 in bilico tra sviluppo e distruzione deve saper prendere la via della vita e questa via passa necessariamente per il dialogo. Illegio consolida cos\u00ec la propria missione nella sua ventiduesima mostra, piccolo villaggio di poco pi\u00f9 di trecento abitanti nel cuore della Carnia, dove dal 2004 ad oggi sono giunte oltre 1.600 opere da ogni museo e collezione e oltre 750mila visitatori.<\/p>\n<p>\u00a0<\/p>\n<p>\u00a0<\/p>\n<p>\u00a0<\/p>\n<p>\u00a0<\/p>\n<p>\u00a0<\/p>\n<p> &#13;<br \/>\n       &#13;<br \/>\n&#13;<br \/>\n&#13;<br \/>\n  &#13;<br \/>\n  &#13;<br \/>\n&#13;<br \/>\n  &lt;!?php if ( SF_DOMAIN == &#8216;citynews-bruxellestoday&#8217; || SF_DOMAIN == &#8216;citynews-cagliaritoday&#8217; || SF_DOMAIN == &#8216;citynews-sassaritoday&#8217; || SF_DOMAIN == &#8216;citynews-tarantotoday&#8217; || SF_DOMAIN == &#8216;citynews-viterbotoday&#8217; || SF_DOMAIN == &#8216;citynews-ferraratoday&#8217; ): ?&gt;&#13;<br \/>\n    &#13;<br \/>\n  &lt;!?php endif; ?&gt;&#13;<br \/>\n  &#13;<br \/>\n&#13;<br \/>\n        &#13;<br \/>\n        &#13;<br \/>\n               &#13;<br \/>\n      &#13;<br \/>\n      &#13;<br \/>\n                  &#13;<br \/>\n   &#13;<br \/>\n&#13;<br \/>\n &#13;<br \/>\n      &#13;<br \/>\n&#13;<br \/>\n      &#13;<\/p>\n","protected":false},"excerpt":{"rendered":"&#13; &#13; &#13; &#13; &#13; Manca poco all&#8217;inaugurazione di una mostra dal valore artistico altissimo, \u201cIl dialogo\u201d, la&hellip;\n","protected":false},"author":3,"featured_media":518669,"comment_status":"","ping_status":"","sticky":false,"template":"","format":"standard","meta":{"footnotes":"","_share_on_mastodon":"0"},"categories":[1446],"tags":[1615,1613,1614,1611,1610,1612,11195,203,626,286715,204,1537,90,89,632],"class_list":["post-518668","post","type-post","status-publish","format-standard","has-post-thumbnail","category-arte-e-design","tag-arte","tag-arte-e-design","tag-arteedesign","tag-arts","tag-arts-and-design","tag-design","tag-dipinti","tag-entertainment","tag-eventi","tag-illegio","tag-intrattenimento","tag-it","tag-italia","tag-italy","tag-mostra"],"share_on_mastodon":{"url":"https:\/\/pubeurope.com\/@it\/116675877567815052","error":""},"_links":{"self":[{"href":"https:\/\/www.europesays.com\/it\/wp-json\/wp\/v2\/posts\/518668","targetHints":{"allow":["GET"]}}],"collection":[{"href":"https:\/\/www.europesays.com\/it\/wp-json\/wp\/v2\/posts"}],"about":[{"href":"https:\/\/www.europesays.com\/it\/wp-json\/wp\/v2\/types\/post"}],"author":[{"embeddable":true,"href":"https:\/\/www.europesays.com\/it\/wp-json\/wp\/v2\/users\/3"}],"replies":[{"embeddable":true,"href":"https:\/\/www.europesays.com\/it\/wp-json\/wp\/v2\/comments?post=518668"}],"version-history":[{"count":0,"href":"https:\/\/www.europesays.com\/it\/wp-json\/wp\/v2\/posts\/518668\/revisions"}],"wp:featuredmedia":[{"embeddable":true,"href":"https:\/\/www.europesays.com\/it\/wp-json\/wp\/v2\/media\/518669"}],"wp:attachment":[{"href":"https:\/\/www.europesays.com\/it\/wp-json\/wp\/v2\/media?parent=518668"}],"wp:term":[{"taxonomy":"category","embeddable":true,"href":"https:\/\/www.europesays.com\/it\/wp-json\/wp\/v2\/categories?post=518668"},{"taxonomy":"post_tag","embeddable":true,"href":"https:\/\/www.europesays.com\/it\/wp-json\/wp\/v2\/tags?post=518668"}],"curies":[{"name":"wp","href":"https:\/\/api.w.org\/{rel}","templated":true}]}}