{"id":518873,"date":"2026-06-01T19:41:16","date_gmt":"2026-06-01T19:41:16","guid":{"rendered":"https:\/\/www.europesays.com\/it\/518873\/"},"modified":"2026-06-01T19:41:16","modified_gmt":"2026-06-01T19:41:16","slug":"femminicidio-a-misterbianco-e-morta-alessandra-bruno-era-stata-picchiata-dal-marito-davanti-ai-quattro-figli","status":"publish","type":"post","link":"https:\/\/www.europesays.com\/it\/518873\/","title":{"rendered":"Femminicidio a Misterbianco, \u00e8 morta Alessandra Bruno: era stata picchiata dal marito davanti ai quattro figli"},"content":{"rendered":"<p>    di<br \/>\n    Redazione Online<\/p>\n<p class=\"summary-art is-line-h-12\">L&#8217;aggressione \u00e8 avvenuta nella notte di sabato 30 maggio, nella casa della famiglia in provincia di Catania. A dare l&#8217;allarme era stata una dei figli della coppia. Alessandra Bruno aveva 49 anni<\/p>\n<p class=\"chapter-paragraph\">\u00c8\u00a0morta <b>Alessandra Bruno<\/b>, la donna di 49 anni ricoverata in condizioni gravissime la notte del 30 maggio, dopo\u00a0essere stata <a href=\"https:\/\/www.corriere.it\/cronache\/26_maggio_30\/catania-tentato-femminicidio-08dda58f-eb2f-42aa-b92a-2bea178d5xlk.shtml\" rel=\"nofollow noopener\" target=\"_blank\">picchiata dal marito nella sua abitazione di Misterbianco, in provincia di Catania<\/a>.\u00a0<\/p>\n<p class=\"chapter-paragraph\">L&#8217;uomo <b>aveva colpito la moglie davanti ai 4 figli<\/b>. A dare l&#8217;allarme era stata la figlia della coppia. I soccorritori avevano trovato la donna a terra con una grave ferita alla testa. Bruno era stata portata d&#8217;urgenza all&#8217;ospedale Garibaldi di Catania dove \u00e8 rimasta in rianimazione fino a oggi pomeriggio.    &#13;<br \/>\n&#13;<br \/>\n&#13;<br \/>\n&#13;<br \/>\n&#13;<br \/>\n&#13;<br \/>\n&#13;<br \/>\n&#13;<br \/>\n&#13;<br \/>\n&#13;<br \/>\n&#13;<br \/>\n&#13;<br \/>\n&#13;<br \/>\n&#13;<br \/>\n&#13;<br \/>\n&#13;<br \/>\n&#13;<br \/>\n&#13;<br \/>\n&#13;<br \/>\n&#13;<br \/>\n&#13;<br \/>\n&#13;<br \/>\n&#13;<br \/>\n&#13;<br \/>\n&#13;<br \/>\n&#13;<br \/>\n&#13;<br \/>\n&#13;<br \/>\n&#13;<br \/>\n&#13;<br \/>\n&#13;<br \/>\n&#13;<br \/>\n&#13;<br \/>\n&#13;<br \/>\n&#13;<br \/>\n&#13;<br \/>\n&#13;<br \/>\n&#13;<br \/>\n&#13;<br \/>\n&#13;<br \/>\n&#13;<br \/>\n&#13;<br \/>\n&#13;<br \/>\n&#13;<br \/>\n&#13;<br \/>\n&#13;<br \/>\n&#13;<br \/>\n&#13;<br \/>\n&#13;<br \/>\n&#13;<br \/>\n&#13;<br \/>\n&#13;<br \/>\n&#13;\n<\/p>\n<p class=\"chapter-paragraph\">Le indagini coordinate dalla procuratrice aggiunta di Catania Lidia Todaro e dalla sostituta Valentina Margio, sono affidate ai carabinieri di Misterbianco che gi\u00e0 nell&#8217;immediatezza dei fatti avevano arrestato il marito 53enne con l&#8217;accusa di tentato femminicidio. Adesso<b> l&#8217;accusa \u00e8 femminicidio aggravato<\/b>.<\/p>\n<p class=\"chapter-paragraph\">\u00a0 \u00a0 \u00a0 \u00a0 \u00a0 \u00a0 \u00a0<a href=\"https:\/\/27esimaora.corriere.it\/la-strage-delle-donne\/\" rel=\"nofollow noopener\" target=\"_blank\">Le vittime di femminicidio, dal 2012 a oggi: i\u00a0volti e le storie<\/a><\/p>\n<p class=\"chapter-paragraph\">In segno di cordoglio, il sindaco Marco Corsaro ha disposto l&#8217;annullamento delle cerimonie cittadine previste per la Festa della Repubblica nel rispetto del dolore dei familiari e degli amici di Alessandra. Mercoled\u00ec 3 giugno ci sar\u00e0 una fiaccolata che partir\u00e0 alle 19.30 dalla chiesa San Massimiliano Kolbe.\u00a0<\/p>\n<p class=\"is-last-update\" datetime=\"2026-06-01T18:53:01+02:00\">1 giugno 2026<\/p>\n<p class=\"is-copyright\">\n            \u00a9 RIPRODUZIONE RISERVATA\n        <\/p>\n","protected":false},"excerpt":{"rendered":"di Redazione Online L&#8217;aggressione \u00e8 avvenuta nella notte di sabato 30 maggio, nella casa della famiglia in provincia&hellip;\n","protected":false},"author":3,"featured_media":518874,"comment_status":"","ping_status":"","sticky":false,"template":"","format":"standard","meta":{"footnotes":"","_share_on_mastodon":"0"},"categories":[79],"tags":[506,3383,286786,2271,10100,3753,2235,14,93,94,2276,2277,2423,2731,1537,90,89,7242,286787,7,15,11,84,91,12,85,92],"class_list":["post-518873","post","type-post","status-publish","format-standard","has-post-thumbnail","category-italia","tag-accusa","tag-alessandra","tag-alessandra-bruno","tag-allarme","tag-bruno","tag-catania","tag-coppia","tag-cronaca","tag-cronaca-italiana","tag-cronacaitaliana","tag-dare","tag-dare-allarme","tag-femminicidio","tag-figli","tag-it","tag-italia","tag-italy","tag-marito","tag-misterbianco","tag-news","tag-notizie","tag-ultime-notizie","tag-ultime-notizie-e-news-di-oggi","tag-ultime-notizie-italia","tag-ultimenotizie","tag-ultimenotizieenewsdioggi","tag-ultimenotizieitalia"],"share_on_mastodon":{"url":"https:\/\/pubeurope.com\/@it\/116676558824473642","error":""},"_links":{"self":[{"href":"https:\/\/www.europesays.com\/it\/wp-json\/wp\/v2\/posts\/518873","targetHints":{"allow":["GET"]}}],"collection":[{"href":"https:\/\/www.europesays.com\/it\/wp-json\/wp\/v2\/posts"}],"about":[{"href":"https:\/\/www.europesays.com\/it\/wp-json\/wp\/v2\/types\/post"}],"author":[{"embeddable":true,"href":"https:\/\/www.europesays.com\/it\/wp-json\/wp\/v2\/users\/3"}],"replies":[{"embeddable":true,"href":"https:\/\/www.europesays.com\/it\/wp-json\/wp\/v2\/comments?post=518873"}],"version-history":[{"count":0,"href":"https:\/\/www.europesays.com\/it\/wp-json\/wp\/v2\/posts\/518873\/revisions"}],"wp:featuredmedia":[{"embeddable":true,"href":"https:\/\/www.europesays.com\/it\/wp-json\/wp\/v2\/media\/518874"}],"wp:attachment":[{"href":"https:\/\/www.europesays.com\/it\/wp-json\/wp\/v2\/media?parent=518873"}],"wp:term":[{"taxonomy":"category","embeddable":true,"href":"https:\/\/www.europesays.com\/it\/wp-json\/wp\/v2\/categories?post=518873"},{"taxonomy":"post_tag","embeddable":true,"href":"https:\/\/www.europesays.com\/it\/wp-json\/wp\/v2\/tags?post=518873"}],"curies":[{"name":"wp","href":"https:\/\/api.w.org\/{rel}","templated":true}]}}