{"id":519210,"date":"2026-06-02T00:24:19","date_gmt":"2026-06-02T00:24:19","guid":{"rendered":"https:\/\/www.europesays.com\/it\/519210\/"},"modified":"2026-06-02T00:24:19","modified_gmt":"2026-06-02T00:24:19","slug":"un-17enne-lo-umilia-al-roland-garros-lui-da-la-colpa-allarbitra-stangata-per-vallejo-la-frase-che-gli-costa-meta-dei-premi-vinti","status":"publish","type":"post","link":"https:\/\/www.europesays.com\/it\/519210\/","title":{"rendered":"Un 17enne lo umilia al Roland Garros, lui d\u00e0 la colpa all&#8217;arbitra. Stangata per Vallejo: la frase che gli costa met\u00e0 dei premi vinti"},"content":{"rendered":"<p>L&#8217;organizzazione dello Slam parigino aveva gi\u00e0 anticipato la linea dura con il paraguaiano, battuto dopo cinque ore di sofferenza dalla promessa di casa Moise Kouame<\/p>\n<p>\t\t\t<a href=\"https:\/\/google.com\/preferences\/source?q=open.online\" target=\"_blank\" rel=\"nofollow noopener\"><img loading=\"lazy\" decoding=\"async\" src=\"https:\/\/www.europesays.com\/it\/wp-content\/uploads\/2026\/05\/gps@2x.png\" alt=\"Google Preferred Site\" width=\"200\" height=\"63\"\/><\/a><\/p>\n<p id=\"h-\">\u00c8 bastata una battuta infelice detta a fine partita per trasformare il Roland Garros in un caso disciplinare. Il tennista paraguaiano <strong>Adolfo Daniel Vallejo<\/strong>, numero 71 del ranking mondiale, si \u00e8 visto comminare una multa da <strong>quasi 56mila euro<\/strong>,  pari a circa la met\u00e0 del montepremi guadagnato a Parigi. A renderlo noto \u00e8 stata la direttrice del torneo, <strong>Am\u00e9lie Mauresmo<\/strong>, che non ha lasciato spazio a interpretazioni: \u00ab\u00c8 stata inflitta una sanzione di 65.000 dollari, circa la met\u00e0 del suo premio in denaro\u00bb, ha spiegato l\u2019ex campionessa, definendo l\u2019accaduto \u00abqualcosa di inaccettabile per noi, per il torneo, per la Federazione e anche al di fuori del torneo\u00bb e aggiungendo che \u00abquesto tipo di linguaggio non ha posto qui\u00bb.<\/p>\n<p>Cosa aveva detto Vallejo all\u2019arbitra Ana Carvalho<\/p>\n<p>I commenti sessisti erano arrivati dopo la sconfitta al secondo turno contro il francese <strong>Moise Kouame<\/strong>, classe 2009 e numero 313 del ranking Atp, al termine di una sfida quasi infinita durata circa cinque ore. Nel mirino del ventiduenne era finita l\u2019arbitro di sedia brasiliana <strong>Ana Carvalho<\/strong>, alla quale Vallejo aveva contestato in sostanza non essere nata uomo: \u00abPer partite del genere serve un uomo ad arbitrare\u00bb, aveva dichiarato. \u00abIl pubblico era molto esigente e ci vuole tanta forza per gestirlo. Per una donna \u00e8 molto difficile controllare una folla cos\u00ec tesa\u00bb.<\/p>\n<p>Le scuse tardive e inutili<\/p>\n<p>Dopo l\u2019uscita, il giocatore aveva provato a correre ai ripari facendo marcia indietro e porgendo le proprie scuse, ma il passo indietro non \u00e8 bastato a fermare la macchina disciplinare del torneo. Gi\u00e0 nelle ore successive, l\u2019organizzazione dello Slam parigino era gi\u00e0 partita con l\u2019intenzione di punire il tennista paraguaiano \u00abin modo significativo con una multa\u00bb, senza per\u00f2 anticipare cifre. <\/p>\n<blockquote class=\"twitter-tweet\">\n<p lang=\"en\" dir=\"ltr\">Dani Vallejo after losing to 17-year-old Frenchman Moise Kouame at Roland-Garros:<\/p>\n<p>&#8216;These types of matches should have male umpires, it&#8217;s very difficult for women to handle rowdy crowds&#8217;<\/p>\n<p>Enjoy your flight back home, <a href=\"https:\/\/x.com\/danivallejo17?ref_src=twsrc%5Etfw\" rel=\"nofollow\">@danivallejo17<\/a> \u2013 while Ana Carvalho will continue to do her job <a href=\"https:\/\/t.co\/b9sgjBkxm8\" rel=\"nofollow\">pic.twitter.com\/b9sgjBkxm8<\/a><\/p>\n<p>\u2014 Bastien Fachan (@BastienFachan) <a href=\"https:\/\/x.com\/BastienFachan\/status\/2060313751580999696?ref_src=twsrc%5Etfw\" rel=\"nofollow\">May 29, 2026<\/a><\/p><\/blockquote>\n<p>\t\t<script async src=\"https:\/\/platform.twitter.com\/widgets.js\" charset=\"utf-8\"><\/script><\/p>\n","protected":false},"excerpt":{"rendered":"L&#8217;organizzazione dello Slam parigino aveva gi\u00e0 anticipato la linea dura con il paraguaiano, battuto dopo cinque ore di&hellip;\n","protected":false},"author":3,"featured_media":519211,"comment_status":"","ping_status":"","sticky":false,"template":"","format":"standard","meta":{"footnotes":"","_share_on_mastodon":"0"},"categories":[1457],"tags":[19208,286925,13146,32392,631,2590,3650,52,1537,90,89,177316,3334,100807,197499,693,1312,15366,856,286927,286928,286926,145656,1290,3420,245,244,1273,5335,6663,284628],"class_list":["post-519210","post","type-post","status-publish","format-standard","has-post-thumbnail","category-tennis","tag-ana","tag-ana-carvalho","tag-arbitro","tag-carvalho","tag-cinque","tag-disciplinare","tag-garros","tag-indietro","tag-it","tag-italia","tag-italy","tag-kouame","tag-meta","tag-moise","tag-moise-kouame","tag-multa","tag-numero","tag-numero-ranking","tag-organizzazione","tag-organizzazione-slam","tag-organizzazione-slam-parigino","tag-paraguaiano","tag-parigino","tag-partita","tag-ranking","tag-sport","tag-sports","tag-tennis","tag-to","tag-torneo","tag-vallejo"],"share_on_mastodon":{"url":"https:\/\/pubeurope.com\/@it\/116677671375577723","error":""},"_links":{"self":[{"href":"https:\/\/www.europesays.com\/it\/wp-json\/wp\/v2\/posts\/519210","targetHints":{"allow":["GET"]}}],"collection":[{"href":"https:\/\/www.europesays.com\/it\/wp-json\/wp\/v2\/posts"}],"about":[{"href":"https:\/\/www.europesays.com\/it\/wp-json\/wp\/v2\/types\/post"}],"author":[{"embeddable":true,"href":"https:\/\/www.europesays.com\/it\/wp-json\/wp\/v2\/users\/3"}],"replies":[{"embeddable":true,"href":"https:\/\/www.europesays.com\/it\/wp-json\/wp\/v2\/comments?post=519210"}],"version-history":[{"count":0,"href":"https:\/\/www.europesays.com\/it\/wp-json\/wp\/v2\/posts\/519210\/revisions"}],"wp:featuredmedia":[{"embeddable":true,"href":"https:\/\/www.europesays.com\/it\/wp-json\/wp\/v2\/media\/519211"}],"wp:attachment":[{"href":"https:\/\/www.europesays.com\/it\/wp-json\/wp\/v2\/media?parent=519210"}],"wp:term":[{"taxonomy":"category","embeddable":true,"href":"https:\/\/www.europesays.com\/it\/wp-json\/wp\/v2\/categories?post=519210"},{"taxonomy":"post_tag","embeddable":true,"href":"https:\/\/www.europesays.com\/it\/wp-json\/wp\/v2\/tags?post=519210"}],"curies":[{"name":"wp","href":"https:\/\/api.w.org\/{rel}","templated":true}]}}