{"id":519344,"date":"2026-06-02T02:32:20","date_gmt":"2026-06-02T02:32:20","guid":{"rendered":"https:\/\/www.europesays.com\/it\/519344\/"},"modified":"2026-06-02T02:32:20","modified_gmt":"2026-06-02T02:32:20","slug":"m5s-vittoria-baldino-contro-elly-schlein-patrimoniale-solo-fumo-negli-occhi","status":"publish","type":"post","link":"https:\/\/www.europesays.com\/it\/519344\/","title":{"rendered":"M5s, Vittoria Baldino contro Elly Schlein: &#8220;Patrimoniale? Solo fumo negli occhi&#8221;"},"content":{"rendered":"<p>Il campo largo si divide ancora una volta. &#8220;<strong>La patrimoniale \u00e8 fumo negli occhi <\/strong>in questo momento&#8221;, ha detto<strong> Vittoria Baldino<\/strong>, deputata del Movimento Cinque Stelle, intervenendo a &#8216;Ping Pong&#8217;, su Rai Radio1, rispondendo a una domanda sulle dichiarazioni della segretaria del Pd, <strong>Elly Schlein<\/strong>. Come ha rimarcato la grillina, nel programma del M5s la patrimoniale &#8220;non c\u2019\u00e8. Noi stiamo scrivendo un programma insieme ai cittadini, con Nova, e ci sono tantissime proposte e tantissime idee, anche come redistribuire le ricchezze. Bisogna dare respiro alle imprese che in questo momento stanno soffrendo e alle famiglie che stanno soffrendo&#8221;. Subito dopo la Baldino ha accusato il centrodestra di voler &#8220;inquinare il dibattito pubblico&#8221;. &#8220;Vedo che <strong>tutti i giornali di centrodestra<\/strong> stanno titolando con la patrimoniale: \u00e8 solo fumo negli occhi per inquinare il dibattito che non si sta assolutamente concentrando su quello&#8221;\u00a0ha detto, dimenticandosi per\u00f2 che la patrimoniale era stata proposta dai suoi alleati di coalizione.<\/p>\n<p>&#8220;Giuseppe Conte ha detto pi\u00f9 volte che in questo momento <strong>non si pu\u00f2 parlare di persone<\/strong> ma si deve parlare di programma condiviso &#8211; ha spiegato Baldino parlando di un possibile ingresso di <strong>Matteo Renzi <\/strong>nel campo largo -. Noi stiamo scrivendo questo programma condiviso. Se questo programma viene condiviso e viene condivisa anche la modalit\u00e0 con cui, una volta vinte le elezioni, andremo al governo e dal giorno dopo <strong>non penseremo a congiure di palazzo <\/strong>ma a governare questo Paese, allora si potr\u00e0 parlare di programmi con chi decider\u00e0 di starci&#8221;, ha aggiunto.\u00a0<\/p>\n<p><a href=\"https:\/\/www.liberoquotidiano.it\/news\/politica\/47954295\/nicola-fratoianni-piazza-tasse-non-possiamo-piu-rimandare\/\" rel=\"nofollow noopener\" target=\"_blank\">Nicola Fratoianni in piazza, vuole pi\u00f9 tasse: &#8220;Non possiamo pi\u00f9 rimandare&#8221;Per quest\u2019anno non cambiare, stesso slogan da gridare. La sinistra ripete se stessa e cos\u00ec torna anche per &#8230;<\/a><\/p>\n<p>E ancora: &#8220;Noi<strong> non siamo favorevoli<\/strong> in questo momento (all&#8217;ingresso dell&#8217;Ucraina nell&#8217;Ue, ndr) perch\u00e9 ci sono tre punti da sottolineare. L\u2019Ucraina &#8211; ha aggiunto &#8211; \u00e8 considerata tuttora il granaio d\u2019Europa e potrebbe creare grossi problemi agli agricoltori europei, se la Pac continua a essere cos\u00ec disegnata. Il secondo aspetto \u00e8 politico, perch\u00e9 l\u2019Ucraina <strong>deve rispettare tutti quei requisiti<\/strong> previsti dai trattati che consentono l\u2019ingresso in Unione Europea. Il terzo aspetto \u00e8 il fatto che noi non vorremmo che attraverso questa accelerazione <strong>si bypassassero le regole <\/strong>sui meccanismi di difesa. Non vorremmo che attraverso questa accelerazione si finisse per aggirare le regole europee in materia di difesa, con il rischio che i Paesi membri siano chiamati ad assumere obblighi di tutela nei confronti dell&#8217;Ucraina nei confronti della Russia nel momento in cui Kiev dovesse entrare nell&#8217;Unione europea&#8221;.\u00a0<\/p>\n<p><a href=\"https:\/\/www.liberoquotidiano.it\/news\/politica\/47963953\/elly-schlein-patrimoniale-fdi-ossessione\/\" rel=\"nofollow noopener\" target=\"_blank\">Elly Schlein rilancia la patrimoniale, FdI attacca: &#8220;Una sola vecchia ossessione&#8230;&#8221;Torna a parlare Elly Schlein. Uno sguardo rivolto al futuro imminente, alle elezioni: un secco &#8220;no&#8221; a un Papa &#8230;<\/a><\/p>\n","protected":false},"excerpt":{"rendered":"Il campo largo si divide ancora una volta. &#8220;La patrimoniale \u00e8 fumo negli occhi in questo momento&#8221;, ha&hellip;\n","protected":false},"author":3,"featured_media":519345,"comment_status":"","ping_status":"","sticky":false,"template":"","format":"standard","meta":{"footnotes":"","_share_on_mastodon":"0"},"categories":[6],"tags":[23660,14,8,1537,90,89,30774,7,15,82,9,83,10,24106,490,13,11,80,84,12,81,85,266159],"class_list":["post-519344","post","type-post","status-publish","format-standard","has-post-thumbnail","category-ultime-notizie","tag-avs","tag-cronaca","tag-headlines","tag-it","tag-italia","tag-italy","tag-m5s","tag-news","tag-notizie","tag-notizie-di-cronaca","tag-notizie-principali","tag-notiziedicronaca","tag-notizieprincipali","tag-patrimoniale","tag-pd","tag-titoli","tag-ultime-notizie","tag-ultime-notizie-di-cronaca","tag-ultime-notizie-e-news-di-oggi","tag-ultimenotizie","tag-ultimenotiziedicronaca","tag-ultimenotizieenewsdioggi","tag-vittoria-baldino"],"share_on_mastodon":{"url":"https:\/\/pubeurope.com\/@it\/116678174062842152","error":""},"_links":{"self":[{"href":"https:\/\/www.europesays.com\/it\/wp-json\/wp\/v2\/posts\/519344","targetHints":{"allow":["GET"]}}],"collection":[{"href":"https:\/\/www.europesays.com\/it\/wp-json\/wp\/v2\/posts"}],"about":[{"href":"https:\/\/www.europesays.com\/it\/wp-json\/wp\/v2\/types\/post"}],"author":[{"embeddable":true,"href":"https:\/\/www.europesays.com\/it\/wp-json\/wp\/v2\/users\/3"}],"replies":[{"embeddable":true,"href":"https:\/\/www.europesays.com\/it\/wp-json\/wp\/v2\/comments?post=519344"}],"version-history":[{"count":0,"href":"https:\/\/www.europesays.com\/it\/wp-json\/wp\/v2\/posts\/519344\/revisions"}],"wp:featuredmedia":[{"embeddable":true,"href":"https:\/\/www.europesays.com\/it\/wp-json\/wp\/v2\/media\/519345"}],"wp:attachment":[{"href":"https:\/\/www.europesays.com\/it\/wp-json\/wp\/v2\/media?parent=519344"}],"wp:term":[{"taxonomy":"category","embeddable":true,"href":"https:\/\/www.europesays.com\/it\/wp-json\/wp\/v2\/categories?post=519344"},{"taxonomy":"post_tag","embeddable":true,"href":"https:\/\/www.europesays.com\/it\/wp-json\/wp\/v2\/tags?post=519344"}],"curies":[{"name":"wp","href":"https:\/\/api.w.org\/{rel}","templated":true}]}}