{"id":519376,"date":"2026-06-02T03:17:29","date_gmt":"2026-06-02T03:17:29","guid":{"rendered":"https:\/\/www.europesays.com\/it\/519376\/"},"modified":"2026-06-02T03:17:29","modified_gmt":"2026-06-02T03:17:29","slug":"arisa-recensione-concerto-a-milano-e-nuovo-tour","status":"publish","type":"post","link":"https:\/\/www.europesays.com\/it\/519376\/","title":{"rendered":"Arisa: recensione concerto a Milano e nuovo tour"},"content":{"rendered":"<p>\n                              <strong>UNO SPETTACOLO DIVISO<\/strong> in 4 atti, nei quali <strong>Arisa<\/strong> mostra lati differenti di s\u00e9 e nei quali racconta momenti diversi della sua carriera. Ieri, venerd\u00ec 29 maggio, <strong>la cantante si \u00e8 esibita di fronte a un Teatro Lirico Giorgio Gaber, a Milano, sold-out<\/strong> (cos\u00ec come \u00e8 stato sold-out anche il primo appuntamento live a Roma). Lo show girer\u00e0 l&#8217;Italia a partire dal 13 giugno con date estive nelle location pi\u00f9 belle del nostro Paese. <strong>L&#8217;inizio dello show \u00e8 tutto dedicato ai suoi esordi<\/strong>; si presenta infatti vestita come nel suo Sanremo di Sincerit\u00e0. E fa lo stesso subito dopo, cantando Malamoren\u00f2. <strong>Tutto il secondo atto \u00e8 dedicato poi al nuovo disco Foto mosse<\/strong> (la scelta di cantarlo tutto \u00e8 coraggiosa, visto che \u00e8 uscito da poco e parte del pubblico forse non ha ancora avuto modo di conoscerlo a fondo). Questo \u00e8 un momento in cui <strong>Arisa racconta aneddoti tra un brano e l&#8217;altro<\/strong>. Lo fa sia \u00abper prendere fiato\u00bb, come dice lei ironicamente, ma anche perch\u00e9 queste canzoni sono lo specchio del suo oggi. Infine, <strong>gli ultimi due. <\/strong>Medea \u00e8 un atto drammatico, con interpretazioni molto sentite. Infine A te, meraviglioso amore mio (contenente alcune delle hit che hanno consacrato Arisa come una delle voci pi\u00f9 emozionanti del nostro Paese, da La notte a Controvento).\n                          <\/p>\n","protected":false},"excerpt":{"rendered":"UNO SPETTACOLO DIVISO in 4 atti, nei quali Arisa mostra lati differenti di s\u00e9 e nei quali racconta&hellip;\n","protected":false},"author":3,"featured_media":519377,"comment_status":"","ping_status":"","sticky":false,"template":"","format":"standard","meta":{"footnotes":"","_share_on_mastodon":"0"},"categories":[1443],"tags":[53721,1026,9797,1569,10378,203,8920,204,1537,90,89,467,287006,1538,1539,12038,1989,9143,2936,102406,39387,39388],"class_list":["post-519376","post","type-post","status-publish","format-standard","has-post-thumbnail","category-musica","tag-arisa","tag-atto","tag-canzoni","tag-concerto","tag-dedicato","tag-entertainment","tag-infine","tag-intrattenimento","tag-it","tag-italia","tag-italy","tag-look","tag-look-sincerita","tag-music","tag-musica","tag-out","tag-racconta","tag-sanremo","tag-show","tag-sincerita","tag-sold","tag-sold-out"],"share_on_mastodon":{"url":"https:\/\/pubeurope.com\/@it\/116678351151949454","error":""},"_links":{"self":[{"href":"https:\/\/www.europesays.com\/it\/wp-json\/wp\/v2\/posts\/519376","targetHints":{"allow":["GET"]}}],"collection":[{"href":"https:\/\/www.europesays.com\/it\/wp-json\/wp\/v2\/posts"}],"about":[{"href":"https:\/\/www.europesays.com\/it\/wp-json\/wp\/v2\/types\/post"}],"author":[{"embeddable":true,"href":"https:\/\/www.europesays.com\/it\/wp-json\/wp\/v2\/users\/3"}],"replies":[{"embeddable":true,"href":"https:\/\/www.europesays.com\/it\/wp-json\/wp\/v2\/comments?post=519376"}],"version-history":[{"count":0,"href":"https:\/\/www.europesays.com\/it\/wp-json\/wp\/v2\/posts\/519376\/revisions"}],"wp:featuredmedia":[{"embeddable":true,"href":"https:\/\/www.europesays.com\/it\/wp-json\/wp\/v2\/media\/519377"}],"wp:attachment":[{"href":"https:\/\/www.europesays.com\/it\/wp-json\/wp\/v2\/media?parent=519376"}],"wp:term":[{"taxonomy":"category","embeddable":true,"href":"https:\/\/www.europesays.com\/it\/wp-json\/wp\/v2\/categories?post=519376"},{"taxonomy":"post_tag","embeddable":true,"href":"https:\/\/www.europesays.com\/it\/wp-json\/wp\/v2\/tags?post=519376"}],"curies":[{"name":"wp","href":"https:\/\/api.w.org\/{rel}","templated":true}]}}