{"id":519556,"date":"2026-06-02T06:16:13","date_gmt":"2026-06-02T06:16:13","guid":{"rendered":"https:\/\/www.europesays.com\/it\/519556\/"},"modified":"2026-06-02T06:16:13","modified_gmt":"2026-06-02T06:16:13","slug":"roland-garros-il-programma-di-martedi-2-giugno","status":"publish","type":"post","link":"https:\/\/www.europesays.com\/it\/519556\/","title":{"rendered":"Roland Garros, il programma di marted\u00ec 2 giugno"},"content":{"rendered":"<p>                                In campo la parte bassa del tabellone. In serata Mensik-Fonseca. Nel tabellone femminile Andreeva-Cirstea alle 11, a seguire Svitolina-Kostyuk. In campo per i quarti anche il doppio Bolelli\/Vavassori<\/p>\n<p>\n                                                                    Pellegrino Dell&#8217;Anno\n                            <\/p>\n<p>                    2 giugno &#8211; 07:25  &#8211; MILANO<\/p>\n<p class=\"paragraph\" spellcheck=\"true\">Quella di marted\u00ec sar\u00e0 la prima giornata di quarti di finale al Roland Garros 2026. Due maschili e due femminili, entrambi della parte bassa. Tutti match interessanti, ma di certo il pi\u00f9 intrigante \u00e8 l&#8217;ultimo della sessione diurna sul Philippe-Chatrier. Il n.2 del seeding Alexander Zverev affronter\u00e0 il n.27 Rafael Jodar: 17\u00b0 quarto di uno Slam per il tedesco, primo per lo spagnolo. I due giocheranno intorno alle 15.30, con Sasha che ha perso un solo set, mentre Jodar negli ultimi due turni \u00e8 andato al 5\u00b0, rimontando da 0-2 contro Carreno agli ottavi.<\/p>\n<p>    atp\u2014 \u00a0<\/p>\n<p class=\"paragraph is-inline\" spellcheck=\"true\">L&#8217;altro quarto di finale maschile sar\u00e0 quello della sessione serale, tra Jakub Mensik e Joao Fonseca, 39 anni in due. Teste di serie n.26 e n.28, per entrambi una ghiotta occasione al primo quarto di finale Slam. C&#8217;\u00e8 un solo precedente, vinto dal brasiliano alle Next Gen Finals del 2024, al quinto set: l\u00ec per\u00f2 il parziale lo vince chi arriva per primo a 4. Sar\u00e0 l&#8217;ultimo incontro di giornata, che definir\u00e0 l&#8217;avversario in semifinale di Zverev o Jodar. A livello maschile, seppur nel torneo junior, ci sar\u00e0 un italiano anche domani: Raffaele Ciurnelli, che affronter\u00e0, come primo match sul Campo 7, alle 11, il francese Mathys Domenc.<\/p>\n<p>    wta\u2014 \u00a0<\/p>\n<p class=\"paragraph is-inline\" spellcheck=\"true\">La giornata sullo Chatrier sar\u00e0 per\u00f2 aperta da due match femminili. Alle 11 toccher\u00e0 a Mirra Andreeva e Sorana Cirstea, n.8 e n.18 del tabellone del Roland Garros. Entrambe protagoniste di un ottimo torneo, si affronteranno per la seconda volta: la russa, classe 2007, ha vinto l&#8217;unico precedente sulla terra indoor di Linz lo scorso aprile, contro la romena, di 17 anni pi\u00f9 grande. Chi vincer\u00e0 questo incontro in semifinale se la vedr\u00e0 con un&#8217;ucraina: Elina Svitolina, settima forza del seeding, o Marta Kostyuk, quindicesima. Le due scenderanno in campo subito dopo il primo match, dunque verso le 13. Entrambe vengono da strisce lunghe di imbattibilit\u00e0. Kostyuk \u00e8 a quota 16, non ha mai perso sulla terra nel 2026, mentre Svitolina \u00e8 in serie positiva da 10 match, sull&#8217;onda lunga della vittoria a Roma. I precedenti sono in equilibrio, 1-1, per quanto la vittoria di Elina risalga all&#8217;Australian Open 2018, quando Marta aveva 15 anni. In palio la prima semifinale al Roland Garros per entrambe.<\/p>\n<p>    doppio\u2014 \u00a0<\/p>\n<p class=\"paragraph is-inline\" spellcheck=\"true\">Nel pomeriggio (terza partita sul Suzanne-Lenglen) sar\u00e0 la volta del doppio azzurro Bolelli\/Vavassori, che se la vedranno con la coppia\u00a0Nouza (R.Ceca)\/Oberleitner (Aut) nei quarti di finale.\u00a0<\/p>\n<p class=\"is-copyright\">\u00a9 RIPRODUZIONE RISERVATA<\/p>\n","protected":false},"excerpt":{"rendered":"In campo la parte bassa del tabellone. In serata Mensik-Fonseca. Nel tabellone femminile Andreeva-Cirstea alle 11, a seguire&hellip;\n","protected":false},"author":3,"featured_media":519557,"comment_status":"","ping_status":"","sticky":false,"template":"","format":"standard","meta":{"footnotes":"","_share_on_mastodon":"0"},"categories":[1457],"tags":[7918,57458,21812,15394,15395,921,251033,255991,1906,191008,12440,20497,1426,41970,3650,287049,5183,1537,90,89,156117,80561,1894,4426,3673,32851,14175,1924,245,244,80124,8934,1273,29523],"class_list":["post-519556","post","type-post","status-publish","format-standard","has-post-thumbnail","category-tennis","tag-affrontera","tag-andreeva","tag-bassa","tag-bolelli","tag-bolelli-vavassori","tag-campo","tag-chatrier","tag-cirstea","tag-doppio","tag-elina","tag-entrambe","tag-femminili","tag-finale","tag-fonseca","tag-garros","tag-garros-entrambe","tag-giornata","tag-it","tag-italia","tag-italy","tag-jodar","tag-kostyuk","tag-match","tag-quarti","tag-quarto","tag-roland","tag-roland-garros","tag-semifinale","tag-sport","tag-sports","tag-svitolina","tag-tabellone","tag-tennis","tag-zverev"],"share_on_mastodon":{"url":"https:\/\/pubeurope.com\/@it\/116679055200840486","error":""},"_links":{"self":[{"href":"https:\/\/www.europesays.com\/it\/wp-json\/wp\/v2\/posts\/519556","targetHints":{"allow":["GET"]}}],"collection":[{"href":"https:\/\/www.europesays.com\/it\/wp-json\/wp\/v2\/posts"}],"about":[{"href":"https:\/\/www.europesays.com\/it\/wp-json\/wp\/v2\/types\/post"}],"author":[{"embeddable":true,"href":"https:\/\/www.europesays.com\/it\/wp-json\/wp\/v2\/users\/3"}],"replies":[{"embeddable":true,"href":"https:\/\/www.europesays.com\/it\/wp-json\/wp\/v2\/comments?post=519556"}],"version-history":[{"count":0,"href":"https:\/\/www.europesays.com\/it\/wp-json\/wp\/v2\/posts\/519556\/revisions"}],"wp:featuredmedia":[{"embeddable":true,"href":"https:\/\/www.europesays.com\/it\/wp-json\/wp\/v2\/media\/519557"}],"wp:attachment":[{"href":"https:\/\/www.europesays.com\/it\/wp-json\/wp\/v2\/media?parent=519556"}],"wp:term":[{"taxonomy":"category","embeddable":true,"href":"https:\/\/www.europesays.com\/it\/wp-json\/wp\/v2\/categories?post=519556"},{"taxonomy":"post_tag","embeddable":true,"href":"https:\/\/www.europesays.com\/it\/wp-json\/wp\/v2\/tags?post=519556"}],"curies":[{"name":"wp","href":"https:\/\/api.w.org\/{rel}","templated":true}]}}