{"id":51974,"date":"2025-08-17T03:23:09","date_gmt":"2025-08-17T03:23:09","guid":{"rendered":"https:\/\/www.europesays.com\/it\/51974\/"},"modified":"2025-08-17T03:23:09","modified_gmt":"2025-08-17T03:23:09","slug":"donne-e-impresa-binomio-in-salute-le-aziende-rosa-si-irrobustiscono","status":"publish","type":"post","link":"https:\/\/www.europesays.com\/it\/51974\/","title":{"rendered":"Donne e impresa, binomio in salute. Le aziende \u201crosa\u201c si irrobustiscono"},"content":{"rendered":"<p>Sono sempre pi\u00f9 solide e in salute le <strong>aziende a conduzione femminile<\/strong>. In un decennio la geografia cambia radicalmente: se da un lato il numero complessivo cala \u2013 da 20.789 a 19.633, pari a -5,6% \u2013 dall\u2019altro la solidit\u00e0 delle aziende \u201crosa\u201d cresce. Gli addetti salgono da 49.594 a 52.563, con un incremento del 6%.<\/p>\n<p>Aumenta soprattutto la dimensione media: 2,68 addetti contro i 2,39 del 2015, +12,1%, un progresso ben superiore alla media nazionale (+8,7%). \u00c8 un segnale importante: le <strong>imprese femminili umbre<\/strong> restano pi\u00f9 piccole delle maschili (4,14 addetti medi), ma accorciano le distanze. E soprattutto smettono di poggiare quasi esclusivamente sulla famiglia, aprendo a nuove forme di occupazione.<\/p>\n<p>Dentro questi numeri si legge un cambiamento di prospettiva. In dieci anni gli addetti familiari si riducono del 15,7% (da 20.670 a 17.416), mentre salgono i non familiari (+17,7%, da 28.924 a 35.147). Significa che sempre pi\u00f9 imprenditrici scelgono di affidarsi a competenze esterne, assumendo dipendenti veri e propri. Una tendenza che, in proporzione, \u00e8 quasi doppia rispetto a quella delle imprese maschili (+9,5%).<\/p>\n<p>\u00c8 un salto di qualit\u00e0 che cambia la natura del tessuto produttivo \u201crosa\u201d, rendendolo pi\u00f9 competitivo e pronto ad affrontare sfide complesse. A testimoniare questo cambio di passo, l\u2019imprenditrice Lucia Boccolini, della Magenta Events, l\u2019agenzia che organizza manifestazioni, tra cui il circuito dei Flower Show. &#8220;Le donne che fanno impresa \u2013 racconta &#8211; oggi sono molto pi\u00f9 consapevoli, pi\u00f9 preparate e visionarie. In questi ultimi anni anche la mia azienda \u00e8 cresciuta e ho potuto ampliare l\u2019organico, quasi tutto al femminile (4 donne un uomo) con giovani molto preparate&#8221;.<\/p>\n<p>Resta un punto debole: la durata delle imprese. I dati Unioncamere mostrano che a 5 anni dalla nascita sopravvive il 72,3% delle aziende condotte da donne contro il 77,3% di quelle maschili; oltre i 5 anni la distanza si allarga, 67,5% contro 73,1%. Un segnale che richiama l\u2019urgenza di strumenti di accompagnamento pi\u00f9 forti, per aiutare le imprese ad irrobustirsi.<\/p>\n<p>Silvia Angelici<\/p>\n","protected":false},"excerpt":{"rendered":"Sono sempre pi\u00f9 solide e in salute le aziende a conduzione femminile. In un decennio la geografia cambia&hellip;\n","protected":false},"author":3,"featured_media":51975,"comment_status":"","ping_status":"","sticky":false,"template":"","format":"standard","meta":{"footnotes":""},"categories":[1480],"tags":[5609,43450,2429,1944,239,3264,43451,1537,90,89,5569,240,1942,1943,1940,1941],"class_list":{"0":"post-51974","1":"post","2":"type-post","3":"status-publish","4":"format-standard","5":"has-post-thumbnail","7":"category-salute-femminile","8":"tag-aziende","9":"tag-binomio","10":"tag-donne","11":"tag-femminile","12":"tag-health","13":"tag-impresa","14":"tag-irrobustiscono","15":"tag-it","16":"tag-italia","17":"tag-italy","18":"tag-rosa","19":"tag-salute","20":"tag-salute-femminile","21":"tag-salutefemminile","22":"tag-womens-health","23":"tag-womenshealth"},"share_on_mastodon":{"url":"","error":""},"_links":{"self":[{"href":"https:\/\/www.europesays.com\/it\/wp-json\/wp\/v2\/posts\/51974","targetHints":{"allow":["GET"]}}],"collection":[{"href":"https:\/\/www.europesays.com\/it\/wp-json\/wp\/v2\/posts"}],"about":[{"href":"https:\/\/www.europesays.com\/it\/wp-json\/wp\/v2\/types\/post"}],"author":[{"embeddable":true,"href":"https:\/\/www.europesays.com\/it\/wp-json\/wp\/v2\/users\/3"}],"replies":[{"embeddable":true,"href":"https:\/\/www.europesays.com\/it\/wp-json\/wp\/v2\/comments?post=51974"}],"version-history":[{"count":0,"href":"https:\/\/www.europesays.com\/it\/wp-json\/wp\/v2\/posts\/51974\/revisions"}],"wp:featuredmedia":[{"embeddable":true,"href":"https:\/\/www.europesays.com\/it\/wp-json\/wp\/v2\/media\/51975"}],"wp:attachment":[{"href":"https:\/\/www.europesays.com\/it\/wp-json\/wp\/v2\/media?parent=51974"}],"wp:term":[{"taxonomy":"category","embeddable":true,"href":"https:\/\/www.europesays.com\/it\/wp-json\/wp\/v2\/categories?post=51974"},{"taxonomy":"post_tag","embeddable":true,"href":"https:\/\/www.europesays.com\/it\/wp-json\/wp\/v2\/tags?post=51974"}],"curies":[{"name":"wp","href":"https:\/\/api.w.org\/{rel}","templated":true}]}}