{"id":519819,"date":"2026-06-02T10:06:14","date_gmt":"2026-06-02T10:06:14","guid":{"rendered":"https:\/\/www.europesays.com\/it\/519819\/"},"modified":"2026-06-02T10:06:14","modified_gmt":"2026-06-02T10:06:14","slug":"ubaldo-pantani-e-la-telefonata-di-pier-silvio-berlusconi-limitazione-mi-piace-ma-io-sono-piu-bello","status":"publish","type":"post","link":"https:\/\/www.europesays.com\/it\/519819\/","title":{"rendered":"Ubaldo Pantani e la telefonata di Pier Silvio Berlusconi: l&#8217;imitazione mi piace, ma io sono pi\u00f9 bello"},"content":{"rendered":"<p>    di<br \/>\n    Renato Franco<\/p>\n<p class=\"summary-art is-line-h-12\">Il racconto divertito del comico al Festival della Tv di Dogliani: \u00abPensavo fosse uno scherzo. Alla fine \u00e8 venuto fuori il Giletti che \u00e8 in lui\u00bb<\/p>\n<p class=\"chapter-paragraph\">DAL NOSTRO INVIATO<br \/>DOGLIANI \u2014 Uno, nessuno, centomila. <b>Le maschere di Ubaldo Pantani afferiscono alla commedia dell\u2019arte<\/b>: imitazione e parodia, una parte di stereotipo, il gioco del corpo, il registro della voce, molta scrittura perch\u00e9 <b>la risata \u00e8 anche questione di testi e di testa<\/b>. Pantani si \u00e8 raccontato al <b>Festival della Tv di Dogliani<\/b>, con la sua faccia, ma tirando fuori le voci del suo caleidoscopio di personaggi.\u00a0<\/p>\n<p class=\"chapter-paragraph\">Prima \u00e8 serio e parla dei tormenti del comico: \u00ab<b>La sofferenza del comico \u00e8 una sindrome che colpisce, prima o poi, tutti noi commedianti<\/b>. E penasate che io l\u2019ho superata senza dover scrivere un libro! Il problema \u00e8 che i comici hanno sete di sembrare intelligenti e non si rassegnano al fatto che la loro missione \u00e8 far ridere. Punto. Soprattutto quando sei giovane pu\u00f2 sembrare limitante, riduttivo, vuoi cercare di nobilitare quello che fai, ma bisogna farci pace: <b>nel mio caso i personaggi sono sempre pi\u00f9 potenti di chi li interpreta, va accettato\u00bb<\/b>.    &#13;<br \/>\n&#13;<br \/>\n&#13;<br \/>\n&#13;<br \/>\n&#13;<br \/>\n&#13;<br \/>\n&#13;<br \/>\n&#13;<br \/>\n&#13;<br \/>\n&#13;<br \/>\n&#13;<br \/>\n&#13;<br \/>\n&#13;<br \/>\n&#13;<br \/>\n&#13;<br \/>\n&#13;<br \/>\n&#13;<br \/>\n&#13;<br \/>\n&#13;<br \/>\n&#13;<br \/>\n&#13;<br \/>\n&#13;<br \/>\n&#13;<br \/>\n&#13;<br \/>\n&#13;<br \/>\n&#13;<br \/>\n&#13;<br \/>\n&#13;<br \/>\n&#13;<br \/>\n&#13;<br \/>\n&#13;<br \/>\n&#13;<br \/>\n&#13;<br \/>\n&#13;<br \/>\n&#13;<br \/>\n&#13;<br \/>\n&#13;<br \/>\n&#13;<br \/>\n&#13;<br \/>\n&#13;<br \/>\n&#13;<br \/>\n&#13;<br \/>\n&#13;<br \/>\n&#13;<br \/>\n&#13;<br \/>\n&#13;<br \/>\n&#13;<br \/>\n&#13;<br \/>\n&#13;<br \/>\n&#13;<br \/>\n&#13;<br \/>\n&#13;<br \/>\n&#13;\n<\/p>\n<p class=\"chapter-paragraph\">Quindi il racconto si alterna alle voci dei suoi bersagli. <b>Lapo Elkann<\/b>. \u00abOrmai lavoro su un clich\u00e9 che non ha attinenza con la biografia del personaggio. Oggi Lapo \u00e8 <b>un ricco gaffeur che mantiene un occhio ingenuo sul mondo\u00bb<\/b>. Certo poi verit\u00e0 e finzione raggiungono vette di tragico e comico paradosso. \u00ab<b>Al funerale di mia zia arriva uno tutto serio e mi fa: condoglianze Lapo<\/b>\u00bb. Da un imprenditore a un altro, che pare aver superato a destra l\u2019inarrivabile Lapo, ovvero <b>Leonardo Maria Del Vecchio<\/b> che \u00e8 entrato da poco nel suo giro di parodie: \u00ab\u00c8 una maschera sospesa in una nuvola, in attesa di trovare un significato, <b>\u00e8 un personaggio dadaista<\/b>. Non si sa quanti anni ha, bisognerebbe fare come con le sequoie, ma sarebbe un peccato segarlo per vedere la sua vera et\u00e0\u00bb.\u00a0<\/p>\n<p class=\"chapter-paragraph\"><b>Gineprio invece \u00e8 ispirato davvero a un suo amico<\/b>, che ovviamente non lo sa, anche se tutti intorno a lui l\u2019hanno capito: \u00ab\u00c8 un manager importante, bravo, ma il mondo si vendica della sua efficienza facendogli capitare qualunque sfiga fuori dal lavoro. A quel punto diventa un personaggio letterario, <b>un misto tra Oblomov, Malauss\u00e8ne e Fantozzi<\/b>\u00bb. Chiude ricordando la telefonata che ha ricevuto da<b> Pier Silvio Berlusconi<\/b>: \u00abEro in treno, pensavo fosse uno scherzo, ma era davvero lui. Mi ha detto che non se l\u2019\u00e8 presa e si era divertito per la mia imitazione, ma ha sottolineato che lui \u00e8 pi\u00f9 bello. Alla fine \u00e8 venuto fuori il Giletti che \u00e8 in lui\u00bb. <\/p>\n<p class=\"is-last-update\" datetime=\"2026-06-01T17:44:31+02:00\">2 giugno 2026<\/p>\n<p class=\"is-copyright\">\n            \u00a9 RIPRODUZIONE RISERVATA\n        <\/p>\n","protected":false},"excerpt":{"rendered":"di Renato Franco Il racconto divertito del comico al Festival della Tv di Dogliani: \u00abPensavo fosse uno scherzo.&hellip;\n","protected":false},"author":3,"featured_media":519820,"comment_status":"","ping_status":"","sticky":false,"template":"","format":"standard","meta":{"footnotes":"","_share_on_mastodon":"0"},"categories":[174],"tags":[2873,2436,5464,1278,86879,67120,203,4631,284085,284086,79618,21891,204,1537,90,89,68796,21865,5239,287245,3965,2379,16636,16637,6270,494,12343,6193,15944,24414,16640],"class_list":["post-519819","post","type-post","status-publish","format-standard","has-post-thumbnail","category-intrattenimento","tag-bello","tag-berlusconi","tag-comico","tag-davvero","tag-divertito","tag-dogliani","tag-entertainment","tag-festival","tag-festival-tv","tag-festival-tv-dogliani","tag-giletti","tag-imitazione","tag-intrattenimento","tag-it","tag-italia","tag-italy","tag-lapo","tag-pantani","tag-pensavo","tag-pensavo-scherzo","tag-personaggi","tag-personaggio","tag-pier","tag-pier-silvio","tag-pier-silvio-berlusconi","tag-punto","tag-racconto","tag-sa","tag-scherzo","tag-serio","tag-silvio"],"share_on_mastodon":{"url":"https:\/\/pubeurope.com\/@it\/116679959366238664","error":""},"_links":{"self":[{"href":"https:\/\/www.europesays.com\/it\/wp-json\/wp\/v2\/posts\/519819","targetHints":{"allow":["GET"]}}],"collection":[{"href":"https:\/\/www.europesays.com\/it\/wp-json\/wp\/v2\/posts"}],"about":[{"href":"https:\/\/www.europesays.com\/it\/wp-json\/wp\/v2\/types\/post"}],"author":[{"embeddable":true,"href":"https:\/\/www.europesays.com\/it\/wp-json\/wp\/v2\/users\/3"}],"replies":[{"embeddable":true,"href":"https:\/\/www.europesays.com\/it\/wp-json\/wp\/v2\/comments?post=519819"}],"version-history":[{"count":0,"href":"https:\/\/www.europesays.com\/it\/wp-json\/wp\/v2\/posts\/519819\/revisions"}],"wp:featuredmedia":[{"embeddable":true,"href":"https:\/\/www.europesays.com\/it\/wp-json\/wp\/v2\/media\/519820"}],"wp:attachment":[{"href":"https:\/\/www.europesays.com\/it\/wp-json\/wp\/v2\/media?parent=519819"}],"wp:term":[{"taxonomy":"category","embeddable":true,"href":"https:\/\/www.europesays.com\/it\/wp-json\/wp\/v2\/categories?post=519819"},{"taxonomy":"post_tag","embeddable":true,"href":"https:\/\/www.europesays.com\/it\/wp-json\/wp\/v2\/tags?post=519819"}],"curies":[{"name":"wp","href":"https:\/\/api.w.org\/{rel}","templated":true}]}}