{"id":519973,"date":"2026-06-02T12:08:26","date_gmt":"2026-06-02T12:08:26","guid":{"rendered":"https:\/\/www.europesays.com\/it\/519973\/"},"modified":"2026-06-02T12:08:26","modified_gmt":"2026-06-02T12:08:26","slug":"memorial-cesarini-successo-al-giro-della-rocca","status":"publish","type":"post","link":"https:\/\/www.europesays.com\/it\/519973\/","title":{"rendered":"Memorial Cesarini, successo al Giro della Rocca"},"content":{"rendered":"<p class=\"sottotitolo\">Oltre 100 giovani ciclisti da quattro regioni per la sesta edizione della gara organizzata dal Bici Club Spoleto. Trionfa il GS Olimpia Valdarnese<\/p>\n<p>\u00a0<\/p>\n<p>\t\t\t\t\t\t\t\t<a href=\"https:\/\/www.spoletonline.com\/adv-1644-Spoleto-NorciainMTB2026\" target=\"_blank\" rel=\"nofollow noopener\"><br \/>\n                                    <img decoding=\"async\" class=\"desk\" title=\"Spoleto-Norcia in MTB 2026\" alt=\"Spoleto-Norcia in MTB 2026\" src=\"https:\/\/www.europesays.com\/it\/wp-content\/uploads\/2026\/06\/1644_670x110.jpg\"\/><br \/>\n                                    <img decoding=\"async\" class=\"phone\" title=\"Spoleto-Norcia in MTB 2026\" alt=\"Spoleto-Norcia in MTB 2026\" src=\"https:\/\/www.europesays.com\/it\/wp-content\/uploads\/2026\/06\/1644_phone_670x110.jpg\"\/><\/a><\/p>\n<p>\t\t\t\t\t\t\t\t<a href=\"https:\/\/www.spoletonline.com\/adv-1475-StudioDentisticoMari\" target=\"_blank\" rel=\"nofollow noopener\"><br \/>\n                                    <img decoding=\"async\" class=\"desk\" title=\"Studio Dentistico Mari\" alt=\"Studio Dentistico Mari\" src=\"https:\/\/www.europesays.com\/it\/wp-content\/uploads\/2025\/09\/1475_MariBanner2.jpg\"\/><br \/>\n                                    <img decoding=\"async\" class=\"phone\" title=\"Studio Dentistico Mari\" alt=\"Studio Dentistico Mari\" src=\"https:\/\/www.europesays.com\/it\/wp-content\/uploads\/2025\/09\/1475_phone_MariBanner2.jpg\"\/><\/a><\/p>\n<p>Un pomeriggio di ciclismo nella sua accezione pi\u00f9 pura ed entusiasmante ha caratterizzato la 6\u00b0 edizione del Memorial Francesco Cesarini. Sabato 30 maggio l\u2019ormai celebre gara riservata ai Giovanissimi ha quantomai dimostrato di meritarsi l\u2019appellativo \u201cLa Pi\u00f9 Bella di Tutte\u201d, con il Bici Club Spoleto \u201cCastellani Impianti\u201d che ha messo nuovamente la propria firma a livello organizzativo a una manifestazione tra le pi\u00f9 affascinanti e ambite dell\u2019intero panorama nazionale di categoria.<\/p>\n<p>&#13;<\/p>\n<p>Merito in primis degli oltre 100 ciclisti in erba (dai 6 ai 12 anni) che hanno dato un ulteriore tocco di colore alla cornice da cartolina del Giro della Rocca, resa ancora pi\u00f9 suggestiva dalla splendida giornata di sole che ha accompagnato ogni fase dell\u2019evento. Un parterre d\u2019eccezione sia dal punto di vista quantitativo che qualitativo, con formazioni provenienti da Umbria, Toscana, Lazio e Marche che si sono sfidati lungo l\u2019anello di 1 km che avvolge il trecentesco fortilizio Albornoziano.<\/p>\n<p>&#13;<\/p>\n<p>Il tasso tecnico del tracciato, oltremodo spettacolare anche per il folto pubblico assiepato a bordo strada, ha contribuito a rendere appassionanti e selettive tutte e 6 le batterie in programma. A competizione ultimata \u00e8 stata quindi festa nella festa per i toscani del GS Olimpia Valdarnese, che hanno alzato al cielo, in virt\u00f9 di un bottino di 4 vittorie e 6 podi individuali, il Trofeo Castellani Impianti, riservato alla migliore societ\u00e0 della classifica a punti. La graduatoria a partecipanti \u00e8 stata invece appannaggio al sempre numeroso gruppo sportivo della Gubbio Ciclismo Mocaiana, presenti ai nastri di partenza con 13 elementi. Riconoscimenti speciali sono stati inoltre attribuiti sia ai pistoiesi della Polisportiva Milleluci Ciclismo, come team pi\u00f9 distante tra quelli in gara, che a tutti i Direttori Sportivi, per il fondamentale ruolo svolto ogni giorno in favore dei ragazzi sia sotto il profilo ciclistico che educativo.<\/p>\n<p>&#13;<\/p>\n<p>In apertura della ricca cerimonia protocollare, impreziosita anche da una serie di premiazioni a sorteggio, \u00e8 stato riservato una speciale parentesi ai bambini della classe 1\u00b0 della scuola primaria di Cantalupo, vincitori della 4\u00b0 edizione del concorso di disegno \u201cPedalando nei Sogni\u201d. Un\u2019altra iniziativa di successo del Bici Club Spoleto inserita anche nel catalogo dei progetti di \u201cSpoleto per la Scuola\u201d, che ha visto quest\u2019anno l\u2019adesione di 4 istituti e 11 classi distribuite lungo tutta la Valle Umbra. Gli alunni del plesso bevanate hanno quindi potuto sfilare coi loro insegnanti sul podio di giornata, per un momento conclusivo del percorso scandito anche dagli interventi di Caterina Castellani (project manager), Laura Rutili (responsabile sanitaria del progetto), Luigina Renzi (assessore alla scuola Comune di Spoleto) e Agnese Protasi (assessore alla transizione ecologica Comune di Spoleto).<\/p>\n<p>&#13;<\/p>\n<p>Sempre toccante e sentito inoltre l\u2019omaggio alla memoria di Francesco Cesarini, compianto campione originario di San Giacomo che mosse le prime pedalate della sua carriera proprio tra le curve del Giro della Rocca. Alla presenza della figlia Francesca Cesarini e della moglie Donatella Ministrini c\u2019\u00e8 stata quindi occasione lo spessore umano e sportivo di un atleta entrato nel cuore degli appassionati spoletini e non solo, il cui esempio vive ancora oggi attraverso la passione dei piccoli atleti in gara sabato.<\/p>\n<p>&#13;<\/p>\n<p>Il trionfo organizzativo del Bici Club Spoleto, rappresentato dal patron Siro Castellani, dal fratello Enzo e dal team manager Paolo Orazi (quest\u2019ultimo ideatore e motore operativo delle tante iniziative della societ\u00e0), \u00e8 stato sugellato anche da una partecipazione istituzionale significativa. Nel corso della giornata sono infatti intervenuti il consigliere regionale Stefano Lisci, l\u2019assessore allo sport del Comune di Spoleto Federico Cesaretti, il presidente del CR Umbria delle Federciclismo Roberto Cocchieri e il vicepresidente vicario Lucio Saccarelli, che hanno speso tutti parole di apprezzamento per una manifestazione che sa unire al meglio giovani, sport e territorio. Proprio in tema di territorio doveroso sottolineare anche le sinergie instaurate dal Bici Club per sostenere ogni aspetto della macchina organizzativa. Fondamentale in tal senso il contributo della Pro Loco San Giacomo del presidente Giuseppe Gasperini e dell\u2019UC Foligno e dell\u2019UC Foligno Start dei presidenti Moreno Petrini e Mauro Angelucci. Un perfetto lavoro di squadra che ha permesso a \u201cLa Pi\u00f9 Bella di Tutte\u201d di brillare in tutto il suo splendore.<\/p>\n<p class=\"categoria\" style=\"color: black; text-align: center\">Fai una donazione a Spoletonline per aiutare il nostro progetto<\/p>\n<p><\/p>\n","protected":false},"excerpt":{"rendered":"Oltre 100 giovani ciclisti da quattro regioni per la sesta edizione della gara organizzata dal Bici Club Spoleto.&hellip;\n","protected":false},"author":3,"featured_media":519974,"comment_status":"","ping_status":"","sticky":false,"template":"","format":"standard","meta":{"footnotes":"","_share_on_mastodon":"0"},"categories":[1456],"tags":[52278,34042,1824,52270,1825,52273,52275,52282,52274,4820,1537,90,89,52279,7,52272,52281,4056,980,9601,52276,52269,245,244,52277,52280,28253,52271],"class_list":["post-519973","post","type-post","status-publish","format-standard","has-post-thumbnail","category-ciclismo","tag-arte-a-spoleto","tag-cascia","tag-ciclismo","tag-cronaca-di-spoleto","tag-cycling","tag-festival-dei-due-mondi","tag-francis-menotti","tag-galleria-civica-d","tag-giancarlo-menotti","tag-giornale","tag-it","tag-italia","tag-italy","tag-musica-a-spoleto","tag-news","tag-norcia","tag-notizie-di-spoleto","tag-perugia","tag-quotidiano","tag-spoleto","tag-spoleto-festival","tag-spoleto-online","tag-sport","tag-sports","tag-teatro-a-spoleto","tag-teatro-lirico-sperimentale-di-spoleto","tag-umbria","tag-valnerina"],"share_on_mastodon":{"url":"https:\/\/pubeurope.com\/@it\/116680439730098907","error":""},"_links":{"self":[{"href":"https:\/\/www.europesays.com\/it\/wp-json\/wp\/v2\/posts\/519973","targetHints":{"allow":["GET"]}}],"collection":[{"href":"https:\/\/www.europesays.com\/it\/wp-json\/wp\/v2\/posts"}],"about":[{"href":"https:\/\/www.europesays.com\/it\/wp-json\/wp\/v2\/types\/post"}],"author":[{"embeddable":true,"href":"https:\/\/www.europesays.com\/it\/wp-json\/wp\/v2\/users\/3"}],"replies":[{"embeddable":true,"href":"https:\/\/www.europesays.com\/it\/wp-json\/wp\/v2\/comments?post=519973"}],"version-history":[{"count":0,"href":"https:\/\/www.europesays.com\/it\/wp-json\/wp\/v2\/posts\/519973\/revisions"}],"wp:featuredmedia":[{"embeddable":true,"href":"https:\/\/www.europesays.com\/it\/wp-json\/wp\/v2\/media\/519974"}],"wp:attachment":[{"href":"https:\/\/www.europesays.com\/it\/wp-json\/wp\/v2\/media?parent=519973"}],"wp:term":[{"taxonomy":"category","embeddable":true,"href":"https:\/\/www.europesays.com\/it\/wp-json\/wp\/v2\/categories?post=519973"},{"taxonomy":"post_tag","embeddable":true,"href":"https:\/\/www.europesays.com\/it\/wp-json\/wp\/v2\/tags?post=519973"}],"curies":[{"name":"wp","href":"https:\/\/api.w.org\/{rel}","templated":true}]}}