{"id":520265,"date":"2026-06-02T16:17:17","date_gmt":"2026-06-02T16:17:17","guid":{"rendered":"https:\/\/www.europesays.com\/it\/520265\/"},"modified":"2026-06-02T16:17:17","modified_gmt":"2026-06-02T16:17:17","slug":"juve-piace-justin-kluivert-puo-essere-lalternativa-a-brahim-diaz","status":"publish","type":"post","link":"https:\/\/www.europesays.com\/it\/520265\/","title":{"rendered":"Juve, piace Justin Kluivert: pu\u00f2 essere l&#8217;alternativa a Brahim Diaz"},"content":{"rendered":"<p>                                L&#8217;olandese conosce la Serie A, dove ha giocato per due stagioni con la Roma, e sar\u00e0 un osservato speciale dei dirigenti bianconeri durante i prossimi Mondiali. Pu\u00f2 essere l&#8217;alternativa a Brahim Diaz<\/p>\n<p>            <a class=\"image is-50x50\" href=\"https:\/\/www.gazzetta.it\/redazione\/fabio-russo\/\" rel=\"nofollow noopener\" target=\"_blank\"><br \/>\n                <img decoding=\"async\" class=\"is-rounded\" src=\"https:\/\/www.europesays.com\/it\/wp-content\/uploads\/2025\/11\/fabio_russo_avatar.png\" alt=\"Fabio Russo\"\/><br \/>\n            <\/a><\/p>\n<p>Giornalista<\/p>\n<p>                    2 giugno &#8211; 17:34  &#8211; MILANO<\/p>\n<p class=\"paragraph\" spellcheck=\"true\">Fattore K. C&#8217;\u00e8 una lettera che curiosamente ricorre nei rinforzi che la Juventus vorrebbe regalare a Spalletti: il fedelissimo Kim in difesa, il veterano vincente Koke in mezzo e il tanto desiderato Kolo Muani in attacco. Ma adesso, sulla trequarti, si aggiunge anche un altro profilo dal cognome con la stessa iniziale: Justin Kluivert. Un figlio d&#8217;arte (il padre, Patrick, ha giocato tra le altre con Ajax, Milan e Barcellona) che, curiosit\u00e0, potrebbe andare a fare compagnia ad altri due calciatori della rosa juventina nelle cui vene scorre il sangue del campione: Khephren Thuram e Francisco Concei\u00e7ao.\u00a0<\/p>\n<p>    dalla roma al bournemouth\u2014 \u00a0<\/p>\n<p class=\"paragraph is-inline\" spellcheck=\"true\">In Serie A, Kluivert jr. ha gi\u00e0 avuto un&#8217;esperienza non indimenticabile con la Roma, ma negli ultimi tre anni la sua carriera ha svoltato. Tanto che sar\u00e0 tra i protagonisti dei prossimi Mondiali con la maglia dell&#8217;Olanda e un osservato speciale da parte dei dirigenti bianconeri. Il merito \u00e8 tutto di Andoni Iraola, ormai ex allenatore del Bournemouth destinato al Liverpool che, sulle rive della Manica, ha cambiato ruolo e destino a Justin. Dopo un&#8217;esplosione precocissima all&#8217;Ajax da poco pi\u00f9 che maggiorenne, che lo aveva portato a conquistare il terzo posto nel Trofeo Kopa, alle spalle di Mbapp\u00e9 e Pulisic, come miglior Under 21 al mondo, nel 2018 sbarca nella Capitale per 17 milioni <a href=\"https:\/\/www.gazzetta.it\/Calciomercato\/30-05-2018\/roma-sbarcato-marcado-kluivert-vertice-positivo-raiola-270517545438.shtml\" rel=\"nofollow noopener\" target=\"_blank\">su intuizione del ds Monchi<\/a>. In due anni in giallorosso, per\u00f2, Kluivert, nonostante 9 gol e 10 assist in 68 partite, non riesce mai a imporsi, anche a causa di una serie di problemi di ambientamento alla prima esperienza lontano da casa. Cos\u00ec, inizia una serie di prestiti che lo porta a girare l&#8217;Europa tra Bundesliga (Lipsia), Ligue 1 (Nizza) e Liga (Valencia) senza mai riuscire a ripetere quanto di buono aveva fatto intravedere a inizio carriera.\u00a0<\/p>\n<p><a class=\"is-partner-link\" href=\"https:\/\/abbonamenti.gazzetta.it\/de-promo-mondiali\/?pwcmp=cta&amp;forceBrowser=true\" rel=\"nofollow noopener\" target=\"_blank\">Gazzetta Mondiale: ogni notte un\u2019edizione straordinaria esclusiva. Non perdertela, abbonati a 1\u20ac\/mese!<\/a><\/p>\n<p>    Alternativa a diaz\u2014 \u00a0<\/p>\n<p class=\"paragraph is-inline\" spellcheck=\"true\">La rinascita, come detto, avviene grazie al Bournemouth, che decide di puntare su di lui nell&#8217;estate 2023 e <a href=\"https:\/\/www.gazzetta.it\/Calcio\/Calciomercato\/Roma\/23-06-2023\/roma-ceduto-kluivert-al-bournemouth.shtml\" rel=\"nofollow noopener\" target=\"_blank\">lo acquista per 11 milioni<\/a>. Iraola ne intravede caratteristiche diverse dal classico esterno dribblomane e lo accentra alle spalle del centravanti, esaltandone le capacit\u00e0 di inserimento e il senso del gol. Risultato? Una stagione oltre la doppia cifra (la 2024-25) e la conquista di un posto tra i 26 dell&#8217;Olanda per i Mondiali nonostante nell&#8217;ultima annata sia stato fortemente limitato da un&#8217;operazione al ginocchio. La preferenza della Juve (e di Spalletti) per la trequarti <a href=\"https:\/\/www.gazzetta.it\/Calcio\/Serie-A\/Juventus\/30-05-2026\/juve-spalletti-brahim-diaz-motivi.shtml?intcmp=hyperlink-articolo-gazit\" title=\"Qualit\u00e0, dribbling, abitudine a vincere: Juve, perch\u00e9 Spalletti vuole Brahim Diaz\" rel=\"nofollow noopener\" target=\"_blank\">\u00e8 certamente per Brahim Diaz<\/a>, ma Justin Kluivert, che come lo spagnolo gi\u00e0 conosce la Serie A, \u00e8 pronto a candidarsi a rappresentare qualcosa di pi\u00f9 di un&#8217;alternativa&#8230;<\/p>\n<p class=\"is-copyright\">\u00a9 RIPRODUZIONE RISERVATA<\/p>\n","protected":false},"excerpt":{"rendered":"L&#8217;olandese conosce la Serie A, dove ha giocato per due stagioni con la Roma, e sar\u00e0 un osservato&hellip;\n","protected":false},"author":3,"featured_media":520266,"comment_status":"","ping_status":"","sticky":false,"template":"","format":"standard","meta":{"footnotes":"","_share_on_mastodon":"0"},"categories":[1452],"tags":[7831,5294,1615,585,17886,89436,89437,721,1902,4022,287486,18350,6929,10578,4876,2716,63925,1740,2267,1976,281266,1537,90,89,21035,287485,287487,565,287484,4422,987,1821,1739,24806,245,244],"class_list":["post-520265","post","type-post","status-publish","format-standard","has-post-thumbnail","category-calcio","tag-ajax","tag-alternativa","tag-arte","tag-bianconeri","tag-bournemouth","tag-brahim","tag-brahim-diaz","tag-calcio","tag-carriera","tag-conosce","tag-conosce-serie","tag-diaz","tag-dirigenti","tag-dirigenti-bianconeri","tag-esperienza","tag-figlio","tag-figlio-arte","tag-football","tag-giocato","tag-gol","tag-iraola","tag-it","tag-italia","tag-italy","tag-justin","tag-justin-kluivert","tag-justin-kluivert-figlio","tag-juve","tag-kluivert","tag-mondiali","tag-roma","tag-serie","tag-soccer","tag-spalletti","tag-sport","tag-sports"],"share_on_mastodon":{"url":"https:\/\/pubeurope.com\/@it\/116681418874257558","error":""},"_links":{"self":[{"href":"https:\/\/www.europesays.com\/it\/wp-json\/wp\/v2\/posts\/520265","targetHints":{"allow":["GET"]}}],"collection":[{"href":"https:\/\/www.europesays.com\/it\/wp-json\/wp\/v2\/posts"}],"about":[{"href":"https:\/\/www.europesays.com\/it\/wp-json\/wp\/v2\/types\/post"}],"author":[{"embeddable":true,"href":"https:\/\/www.europesays.com\/it\/wp-json\/wp\/v2\/users\/3"}],"replies":[{"embeddable":true,"href":"https:\/\/www.europesays.com\/it\/wp-json\/wp\/v2\/comments?post=520265"}],"version-history":[{"count":0,"href":"https:\/\/www.europesays.com\/it\/wp-json\/wp\/v2\/posts\/520265\/revisions"}],"wp:featuredmedia":[{"embeddable":true,"href":"https:\/\/www.europesays.com\/it\/wp-json\/wp\/v2\/media\/520266"}],"wp:attachment":[{"href":"https:\/\/www.europesays.com\/it\/wp-json\/wp\/v2\/media?parent=520265"}],"wp:term":[{"taxonomy":"category","embeddable":true,"href":"https:\/\/www.europesays.com\/it\/wp-json\/wp\/v2\/categories?post=520265"},{"taxonomy":"post_tag","embeddable":true,"href":"https:\/\/www.europesays.com\/it\/wp-json\/wp\/v2\/tags?post=520265"}],"curies":[{"name":"wp","href":"https:\/\/api.w.org\/{rel}","templated":true}]}}