{"id":520406,"date":"2026-06-02T18:18:19","date_gmt":"2026-06-02T18:18:19","guid":{"rendered":"https:\/\/www.europesays.com\/it\/520406\/"},"modified":"2026-06-02T18:18:19","modified_gmt":"2026-06-02T18:18:19","slug":"bimba-morta-bordighera-il-3-giugno-linterrogatorio-per-mamma-e-compagno","status":"publish","type":"post","link":"https:\/\/www.europesays.com\/it\/520406\/","title":{"rendered":"Bimba morta Bordighera, il 3 giugno l\u2019interrogatorio per mamma e compagno"},"content":{"rendered":"<p>Nel tribunale di Imperia compariranno davanti al gip per la convalida dell\u2019arresto Emanuela Aiello, ed Emanuel Iannuzzi, attualmente in carcere perch\u00e9 indagati in concorso per maltrattamenti aggravati dalla morte della piccola Beatrice, figlia di 2 anni della donna. Dalle carte dell\u2019inchiesta emerge un quadro di violenze e maltrattamenti anche per le due sorelline maggiori della vittima<\/p>\n<p>Si svolgeranno domani, mercoled\u00ec 3 giugno, nel tribunale di Imperia gli interrogatori di convalida dell&#8217;arresto di Emanuela Aiello, 43 anni, ed Emanuel Iannuzzi, 42 anni, che attualmente si trovano in carcere in virt\u00f9 di una misura cautelare perch\u00e9 indagati in concorso per maltrattamenti aggravati dalla <a data-intcmp=\"skytg24_foglia articolo_interlink_text\" href=\"https:\/\/tg24.sky.it\/cronaca\/2026\/02\/16\/bimba-morta-bordighera-news\" target=\"_self\" rel=\"nofollow noopener\">morte della piccola Beatrice, figlia di 2 anni della donna.<\/a><\/p>\n<p>\t\t \tGli interrogatori<\/p>\n<p>Il primo a comparire davanti agli inquirenti sar\u00e0 Iannuzzi, la cui convalida dell&#8217;arresto \u00e8 fissata alle 12. Poi sar\u00e0 sentita Aiello. A differenza del compagno, la mamma di Beatrice si trova in carcere dal 9 febbraio, giorno in cui era stata accusata di omicidio preterintenzionale in concorso per la morte della bambina. La contestazione \u00e8 poi stata cambiata a dopo le indagini che hanno portato la Procura a contestare il reato di maltrattamenti aggravati che hanno causato la morte della bambina. Un aggravamento della posizione dei due indagati, come ha spiegato il procuratore di Imperia Alberto Lari: &#8220;Se l&#8217;omicidio preterintenzionale \u00e8 punito da 10 a 18 anni, il maltrattamento aggravato dalle due circostanze contestate prevede una pena da 12 a 24 anni\u201d.<\/p>\n<p>Le violenze sulla bimba<\/p>\n<p>Da quanto si legge nell\u2019ordinanza del gip, la piccola Beatrice era sottoposta a continue violenze fisiche. Due giorni prima di morire, una coppia di amici l\u2019aveva vista con lividi e tumefazioni, a letto, sofferente. Le altre due figlie della donna, di 7 e 9 anni, sentite in audizione protetta, hanno raccontato vari episodi in cui hanno chiesto tra le lacrime sia alla mamma che al suo compagno di portare la sorellina in ospedale, ma sono sempre state zittite. Nel telefono dell\u2019uomo, descritto \u201cdi indole crudele\u201d, sono stati trovati foto e video che testimoniano i maltrattamenti.<\/p>\n<p>\t\t\t<a class=\"c-inline-card j-inline-card c-inline-card--with-image\" href=\"https:\/\/tg24.sky.it\/cronaca\/2026\/05\/30\/bimba-morta-bordighera-arrestato-compagno-madre\" rel=\"follow nofollow noopener\" data-intcmp=\"skytg24_articolo_approfondimenti_inline\" target=\"_blank\"><\/p>\n<p>\t\t\t         <img decoding=\"async\" crossorigin=\"anonymous\" alt=\"\" src=\"https:\/\/www.europesays.com\/it\/wp-content\/uploads\/2026\/06\/bordighera_3.jpg\"  loading=\"lazy\"  bad-src=\"https:\/\/www.europesays.com\/it\/wp-content\/uploads\/2026\/06\/bordighera_3.jpg\"\/><\/p>\n<p>\n\t\t\t         Vedi anche<br \/>\n\t\t\t         Bimba morta a Bordighera, arrestato il compagno della madre\n\t\t\t      <\/p>\n<p>\t\t\t<\/a><\/p>\n<p>\t\t \tIl decesso<\/p>\n<p>Nella notte tra l\u20198 e il 9 febbraio scorso Beatrice \u00e8 stata colpita pi\u00f9 volte con un oggetto contundente ancora non identificato. Colpi che ne hanno causato la morte. Per giustificare lividi e tumefazioni, la coppia aveva raccontato agli inquirenti di una caduta, una scusa che era apparsa subito inverosimile.<\/p>\n<p>Le sorelline abbandonate dalla madre<\/p>\n<p>Tra le carte dell&#8217;inchiesta emerge che le due sorelline di 7 e 9 anni sono state sostanzialmente abbandonate dalla madre. Secondo quanto sta emergendo, Emanuela Aiello aveva \u201cisolato\u201d le proprie figlie dal resto del mondo. &#8220;Bambine adultizzate&#8221;, scrivono gli assistenti sociali nella relazione inclusa nel fascicolo del pm, che nonostante la giovanissima et\u00e0 accudivano Beatrice, pulivano casa, andavano a scuola con buon profitto. Anche loro erano soggiogate e maltrattate dalla madre e dal compagno. Proprio i comportamenti della donna verso le due bambine sono al vaglio della magistratura. Non \u00e8 escluso, anche se per il momento non c&#8217;\u00e8 conferma, che possa essere accusata anche di abbandono di minori.<\/p>\n<p>\t\t\t<a class=\"c-inline-card j-inline-card c-inline-card--with-image\" href=\"https:\/\/tg24.sky.it\/cronaca\/2026\/05\/31\/bimba-morta-bordighera-news\" rel=\"follow nofollow noopener\" data-intcmp=\"skytg24_articolo_approfondimenti_inline\" target=\"_blank\"><\/p>\n<p>\t\t\t         <img decoding=\"async\" crossorigin=\"anonymous\" alt=\"\" src=\"https:\/\/www.europesays.com\/it\/wp-content\/uploads\/2026\/06\/bordighera_5.jpg\"  loading=\"lazy\"  bad-src=\"https:\/\/www.europesays.com\/it\/wp-content\/uploads\/2026\/06\/bordighera_5.jpg\"\/><\/p>\n<p>\n\t\t\t         Vedi anche<br \/>\n\t\t\t         Bimba morta a Bordighera, il racconto della sorella: stava molto male\n\t\t\t      <\/p>\n<p>\t\t\t<\/a><\/p>\n<p>\t            TAG:<\/p>\n","protected":false},"excerpt":{"rendered":"Nel tribunale di Imperia compariranno davanti al gip per la convalida dell\u2019arresto Emanuela Aiello, ed Emanuel Iannuzzi, attualmente&hellip;\n","protected":false},"author":3,"featured_media":520407,"comment_status":"","ping_status":"","sticky":false,"template":"","format":"standard","meta":{"footnotes":"","_share_on_mastodon":"0"},"categories":[79],"tags":[2750,14,93,94,369,1537,90,89,7413,7,15,11,84,91,12,85,92],"class_list":["post-520406","post","type-post","status-publish","format-standard","has-post-thumbnail","category-italia","tag-bimba","tag-cronaca","tag-cronaca-italiana","tag-cronacaitaliana","tag-digitall","tag-it","tag-italia","tag-italy","tag-maltrattamenti","tag-news","tag-notizie","tag-ultime-notizie","tag-ultime-notizie-e-news-di-oggi","tag-ultime-notizie-italia","tag-ultimenotizie","tag-ultimenotizieenewsdioggi","tag-ultimenotizieitalia"],"share_on_mastodon":{"url":"https:\/\/pubeurope.com\/@it\/116681894087995160","error":""},"_links":{"self":[{"href":"https:\/\/www.europesays.com\/it\/wp-json\/wp\/v2\/posts\/520406","targetHints":{"allow":["GET"]}}],"collection":[{"href":"https:\/\/www.europesays.com\/it\/wp-json\/wp\/v2\/posts"}],"about":[{"href":"https:\/\/www.europesays.com\/it\/wp-json\/wp\/v2\/types\/post"}],"author":[{"embeddable":true,"href":"https:\/\/www.europesays.com\/it\/wp-json\/wp\/v2\/users\/3"}],"replies":[{"embeddable":true,"href":"https:\/\/www.europesays.com\/it\/wp-json\/wp\/v2\/comments?post=520406"}],"version-history":[{"count":0,"href":"https:\/\/www.europesays.com\/it\/wp-json\/wp\/v2\/posts\/520406\/revisions"}],"wp:featuredmedia":[{"embeddable":true,"href":"https:\/\/www.europesays.com\/it\/wp-json\/wp\/v2\/media\/520407"}],"wp:attachment":[{"href":"https:\/\/www.europesays.com\/it\/wp-json\/wp\/v2\/media?parent=520406"}],"wp:term":[{"taxonomy":"category","embeddable":true,"href":"https:\/\/www.europesays.com\/it\/wp-json\/wp\/v2\/categories?post=520406"},{"taxonomy":"post_tag","embeddable":true,"href":"https:\/\/www.europesays.com\/it\/wp-json\/wp\/v2\/tags?post=520406"}],"curies":[{"name":"wp","href":"https:\/\/api.w.org\/{rel}","templated":true}]}}