{"id":520435,"date":"2026-06-02T18:45:18","date_gmt":"2026-06-02T18:45:18","guid":{"rendered":"https:\/\/www.europesays.com\/it\/520435\/"},"modified":"2026-06-02T18:45:18","modified_gmt":"2026-06-02T18:45:18","slug":"terrorismo-resta-in-carcere-il-21enne-di-origine-marocchina-fermato-in-brianza-pericolo-di-reiterazione-il-tempo","status":"publish","type":"post","link":"https:\/\/www.europesays.com\/it\/520435\/","title":{"rendered":"Terrorismo, resta in carcere il 21enne di origine marocchina fermato in Brianza: &#8220;Pericolo di reiterazione&#8221; \u2013 Il Tempo"},"content":{"rendered":"<p>            <img decoding=\"async\" src=\"https:\/\/www.europesays.com\/it\/wp-content\/uploads\/2026\/06\/165417966-0037b817-4d0d-45e2-8d95-734f537b6c62.jpg\" class=\"lazy\" alt=\"\"\/><\/p>\n<p>        Foto: \u00a0Ansa<\/p>\n<p>\t\t\t\t\t\t\t<a href=\"\" class=\"author\">Edoardo Sirignano\u00a0<\/a><\/p>\n<p>\t\t\t\t\t\t\t02 giugno 2026<\/p>\n<p>Resta in custodia cautelare in carcere a San Vittore il ragazzo di 21 anni, compiuti oggi, fermato dalla Digos e dalla procura di Milano con l&#8217;accusa di terrorismo nella notte tra il 31 maggio e il primo giugno a Vimercate, nella provincia di Monza Brianza. La gip di Milano, Rossana Mongiardo, ha convalidato il provvedimento restrittivo e disposto la massima misura cautelare per il ragazzo italiano di origini marocchine ritenendo concreto il pericolo di reiterazione del reato. &#8220;Non si \u00e8 limitato &#8211; osserva la giudice &#8211; a pubblicare video, immagini e commenti che esaltavano le azioni pi\u00f9 brutali ed efferate compiute dallo Stato Islamico in danno dei Cristiani e, pi\u00f9 in generale, contro l&#8217; Occidente, con una aperta esaltazione e incitamento al martirio&#8221; come avvenuto in riferimento alla condivisione dei video della tentata strage di Modena, &#8220;ma, di fatto, ha adottato comportamenti dissimulatori al fine di eludere l&#8217;attenzione degli organi investigativi&#8221;.<\/p>\n<p>\u00c8 il quarto caso dopo Modena. Ecco perch\u00e9 il pericolo emulazione \u00e8 sempre pi\u00f9 attuale. Il folle gesto di Salim El Koudri, il 31 enne che lo scorso 16 maggio falci\u00f2 una decina di passanti con l\u2019auto, ha finito col rappresentare un modello per tanti. I fatti, d\u2019altronde, valgono pi\u00f9 di mille parole. A Firenze, il 20 maggio, cinque giorni dopo quella tragedia, un 15 enne, sempre tunisino, viene arrestato perch\u00e9 vicino allo Stato Islamico. Il giorno prima, a Cosenza, un 28 enne suo connazionale \u00e8 condannato a sei anni di reclusione per aver aderito all\u2019Isis e aver svolto attivit\u00e0 di propaganda, indottrinamento e addestramento legato alla jihad. A Reggio Emilia, poi, il 25 maggio, un 22 enne marocchino, si preparava a colpire la folla con un coltello.<\/p>\n<p>\u00a0<\/p>\n<p>\t\t\t\t\t\t\t\t<a href=\"https:\/\/www.iltempo.it\/personaggi\/2026\/05\/28\/news\/francesca-albanese-sanzioni-usa-reintrodotte-tesoro-onu-antisemitismo-israele-47913483\/\" rel=\"nofollow noopener\" target=\"_blank\"><\/p>\n<p>\t\t\t\t\t\t\t\t\t\t<img decoding=\"async\" src=\"https:\/\/img.iltempo.it\/images\/2026\/05\/28\/061305618-44701bd8-2598-4a46-a728-a87885da0e6f.jpg\" class=\"lazy\" alt=\"Albanese di nuovo nella lista nera del Tesoro: reintrodotte le sanzioni Usa\" bad-src=\"https:\/\/www.europesays.com\/it\/wp-content\/uploads\/2025\/07\/placeholder_iltempo.png\"\/><\/p>\n<p>\t\t\t\t\t\t\t\t<\/a><\/p>\n<p>Motivo per cui quanto succede a nord di Milano e a sud del lago di Como, non sorprende nessuno, ma piuttosto conferma quella risposta da parte dello Stato per bloccare un rischio diventato, purtroppo, quotidianit\u00e0. Il ragazzo, residente a Vimercate, ad esempio, secondo gli organi inquirenti, non solo avrebbe pubblicato diversi post &#8220;inneggianti al martirio&#8221;, ma avrebbe lasciato intendere una &#8220;sua immediata ed estemporanea attivazione&#8221;.<\/p>\n<p>Secondo l\u2019accusa, avrebbe utilizzato i propri canali informatici per diffondere &#8220;contenuti apologetici di attentati compiuti dallo Stato islamico a danno dei cristiani e pi\u00f9 in generale contro l\u2019Occidente&#8221;. Su Instagram e Tik Tok, in particolare, sarebbero apparsi video in cui faceva riferimento all\u2019Isis e, in modo specifico, al primo califfo Abu Bakr Al-Baghdadi. Ci sarebbe, poi, il collegamento a Modena e quel delitto che qualcuno ancora non riesce a chiamare &#8220;terrorismo&#8221;. Per il pm, Alessandro Gobbis, quindi, ci sarebbero &#8220;gravi indizi di colpevolezza a carico dell\u2019indagato&#8221;.<\/p>\n<p>\u00a0<\/p>\n<p>\t\t\t\t\t\t\t\t<a href=\"https:\/\/www.iltempo.it\/esteri\/2026\/05\/28\/news\/svizzera-jihadista-turco-grida-allah-akbar-e-accoltella-tre-persone-a-winterthur-47931474\/\" rel=\"nofollow noopener\" target=\"_blank\"><\/p>\n<p>\t\t\t\t\t\t\t\t\t\t<img decoding=\"async\" src=\"https:\/\/img.iltempo.it\/images\/2026\/05\/28\/210448064-5def9b73-715a-4dca-9d09-8ae943d859f4.jpg\" class=\"lazy\" alt=\"Svizzera, jihadista turco grida Allah Akbar e accoltella tre persone\" bad-src=\"https:\/\/www.europesays.com\/it\/wp-content\/uploads\/2025\/07\/placeholder_iltempo.png\"\/><\/p>\n<p>\t\t\t\t\t\t\t\t<\/a><\/p>\n<p>Solo a tre giorni fa, d\u2019altronde, aveva annunciato: &#8220;Non mi incolpate per quello che far\u00f2 domani perch\u00e9 sto facendo la cosa giusta&#8221;. Il tutto seguito da un reel in cui evidenziava come avrebbe reso &#8220;l\u2019Italia migliore&#8221;. Per la Digos ci sarebbe pi\u00f9 di qualche elemento che dimostrerebbe la chiara volont\u00e0 a passare dalle parole ai fatti. A far discutere, ad esempio, \u00e8 un biglietto per il Marocco, con data 9 giugno. Nonostante ci\u00f2, il nordafricano, interrogato dal gip Rosanna Mangiardo, sostiene come quanto comparso sui propri profili non avrebbe nulla a che vedere con quanto gli viene contestato, sottolineando come quanto da lui postato avesse solo &#8220;finalit\u00e0 divulgative&#8221;, mentre il titolo di viaggio ritrovato sarebbe legato a un semplice &#8220;esame&#8221;.<\/p>\n<p>La notizia, intanto, non passa inosservata all\u2019opinione pubblica. Tra i primi a commentare il ministro dell\u2019Interno, Matteo Piantedosi, che spiega come l\u2019ultimo arresto, testimoni &#8220;l\u2019efficacia delle misure messe in campo dal nostro Paese per contrastare il pericoloso fenomeno della radicalizzazione islamista&#8221;. Il titolare del Viminale spiega come grazie a una &#8220;capillare azione di presidio del territorio, a un costante monitoraggio degli ambienti dell\u2019estremismo, a un attento controllo dei canali informatici e dei social network, insieme a una elevata capacit\u00e0 di analisi, le nostre forze dell\u2019ordine e l\u2019intelligence sono stati in grado, ancora una volta, di intervenire tempestivamente per individuare una minaccia terroristica&#8221;.<\/p>\n<p>\u00a0<\/p>\n<p>\t\t\t\t\t\t\t\t<a href=\"https:\/\/www.iltempo.it\/attualita\/2026\/06\/01\/news\/brianza-era-pronto-al-martirio-jihadista-come-a-modena-fermato-marocchino-47979363\/\" rel=\"nofollow noopener\" target=\"_blank\"><\/p>\n<p>\t\t\t\t\t\t\t\t\t\t<img decoding=\"async\" src=\"https:\/\/img.iltempo.it\/images\/2026\/06\/01\/153020583-36725ee3-1b08-4d92-aec5-d339d08b7343.jpg\" class=\"lazy\" alt=\"Brianza, era pronto al martirio jihadista: Come a Modena. Fermato marocchino\" bad-src=\"https:\/\/www.europesays.com\/it\/wp-content\/uploads\/2025\/07\/placeholder_iltempo.png\"\/><\/p>\n<p>\t\t\t\t\t\t\t\t<\/a><\/p>\n<p>Durissimo, invece, il commento del vicepremier e leader della Lega, Matteo Salvini. &#8220;Un giovane italiano docposta su X- fermato per terrorismo islamico\u00bb. Per Augusta Montaruli, vicecapogruppo di Fratelli d\u2019Italia alla Camera, l\u2019ultimo fermo, poi, dimostrebbe come l\u2019\u00abideologia &#8220;immigrazionista&#8221; tipica della sinistra&#8221; avrebbe &#8220;fallito&#8221;. Per questo, negli ultimi anni, &#8220;persino persone di seconda generazione&#8221;, a suo dire, avrebbero &#8220;assunto atteggiamenti di rivalsa e odio verso la nostra societ\u00e0&#8221;. A tal proposito il suo collega e vicepresidente della Commissione Affari Costituzionali di Montecitorio, Riccardo De Corato, presenter\u00e0 un\u2019interrogazione parlamentare all\u2019attenzione dei Ministri della Giustizia e dell\u2019Interno affinch\u00e9 il governo intervenga nelle varie Procure &#8220;su questa rete di delinquenti pronta a colpire il Paese&#8221;.<\/p>\n","protected":false},"excerpt":{"rendered":"Foto: \u00a0Ansa Edoardo Sirignano\u00a0 02 giugno 2026 Resta in custodia cautelare in carcere a San Vittore il ragazzo&hellip;\n","protected":false},"author":3,"featured_media":520436,"comment_status":"","ping_status":"","sticky":false,"template":"","format":"standard","meta":{"footnotes":"","_share_on_mastodon":"0"},"categories":[79],"tags":[14,93,94,1537,90,89,7,15,19702,11,84,91,12,85,92],"class_list":["post-520435","post","type-post","status-publish","format-standard","has-post-thumbnail","category-italia","tag-cronaca","tag-cronaca-italiana","tag-cronacaitaliana","tag-it","tag-italia","tag-italy","tag-news","tag-notizie","tag-terrorismo","tag-ultime-notizie","tag-ultime-notizie-e-news-di-oggi","tag-ultime-notizie-italia","tag-ultimenotizie","tag-ultimenotizieenewsdioggi","tag-ultimenotizieitalia"],"share_on_mastodon":{"url":"https:\/\/pubeurope.com\/@it\/116682000864204425","error":""},"_links":{"self":[{"href":"https:\/\/www.europesays.com\/it\/wp-json\/wp\/v2\/posts\/520435","targetHints":{"allow":["GET"]}}],"collection":[{"href":"https:\/\/www.europesays.com\/it\/wp-json\/wp\/v2\/posts"}],"about":[{"href":"https:\/\/www.europesays.com\/it\/wp-json\/wp\/v2\/types\/post"}],"author":[{"embeddable":true,"href":"https:\/\/www.europesays.com\/it\/wp-json\/wp\/v2\/users\/3"}],"replies":[{"embeddable":true,"href":"https:\/\/www.europesays.com\/it\/wp-json\/wp\/v2\/comments?post=520435"}],"version-history":[{"count":0,"href":"https:\/\/www.europesays.com\/it\/wp-json\/wp\/v2\/posts\/520435\/revisions"}],"wp:featuredmedia":[{"embeddable":true,"href":"https:\/\/www.europesays.com\/it\/wp-json\/wp\/v2\/media\/520436"}],"wp:attachment":[{"href":"https:\/\/www.europesays.com\/it\/wp-json\/wp\/v2\/media?parent=520435"}],"wp:term":[{"taxonomy":"category","embeddable":true,"href":"https:\/\/www.europesays.com\/it\/wp-json\/wp\/v2\/categories?post=520435"},{"taxonomy":"post_tag","embeddable":true,"href":"https:\/\/www.europesays.com\/it\/wp-json\/wp\/v2\/tags?post=520435"}],"curies":[{"name":"wp","href":"https:\/\/api.w.org\/{rel}","templated":true}]}}