{"id":520709,"date":"2026-06-02T22:45:17","date_gmt":"2026-06-02T22:45:17","guid":{"rendered":"https:\/\/www.europesays.com\/it\/520709\/"},"modified":"2026-06-02T22:45:17","modified_gmt":"2026-06-02T22:45:17","slug":"iacchetti-deraglia-sul-fascismo-e-litiga-con-berlinguer-non-posso-dire-un-c-il-tempo","status":"publish","type":"post","link":"https:\/\/www.europesays.com\/it\/520709\/","title":{"rendered":"Iacchetti deraglia sul fascismo e litiga con Berlinguer: &#8220;Non posso dire un c&#8230;&#8221; \u2013 Il Tempo"},"content":{"rendered":"<p>            <img decoding=\"async\" src=\"https:\/\/www.europesays.com\/it\/wp-content\/uploads\/2026\/06\/202528616-dbdb4cc5-6267-42c4-9e2f-e698a0e88759.jpg\" class=\"lazy\" alt=\"\"\/><\/p>\n<p>&#13;<\/p>\n<p>\t\t\t\t\t\t\t<a href=\"\" class=\"author\">Valerio Castro<\/a><\/p>\n<p>\t\t\t\t\t\t\t02 giugno 2026<\/p>\n<p>Parte lancia in resta Enzo Iacchetti ospite della puntata di marted\u00ec 2 giugno di \u00c8 sempre Cartabianca. Ospite di Bianca Berlinguer, il comico intona subito il refrain del pericolo fascista: &#8220;Quando si \u00e8 onorato Giacomo Matteotti alla Camera, i Fratelli d&#8217;Italia non si sono presentati, quindi vuol dire che se Matteotti era un antifascista e stava lottando per la democrazia, il governo italiano \u00e8 un governo simpatizzante del fascismo&#8221;. Un ragionamento tranchant, a cui la conduttrice aggiunge particolari non da poco: &#8220;Diciamo che i parlamentari FdI erano pochini,\u00a0\u00a0meno di 10 su 115, per\u00f2 c&#8217;erano anche altre assenze oltre a loro.\u00a0E invece \u00e8 stato bello il discorso che ha fatto il Presidente della Camera, Lorenzo Fontana, che insomma dobbiamo dire che da quando \u00e8 diventato Presidente la Camera proprio rappresenta bene quell&#8217;istituzione&#8221;.\u00a0<\/p>\n<p>\u00a0<\/p>\n<p>\t\t\t\t\t\t\t\t<a href=\"https:\/\/www.iltempo.it\/spettacoli-tv\/2026\/06\/02\/news\/parata-2-giugno-ultima-sinistra-sfilino-flotilla-ong-associazioni-lgbt-4disera-47995605\/\" rel=\"nofollow noopener\" target=\"_blank\"><\/p>\n<p>\t\t\t\t\t\t\t\t\t\t<img decoding=\"async\" src=\"https:\/\/img.iltempo.it\/images\/2026\/06\/02\/192611269-df4f877d-f5e5-400e-b306-1ac441cff530.jpg\" class=\"lazy\" alt=\"L'ultima della sinistra: Alla Parata sfilino Flotilla, Ong e associazioni Lgbt\" bad-src=\"https:\/\/www.europesays.com\/it\/wp-content\/uploads\/2025\/07\/placeholder_iltempo.png\"\/><\/p>\n<p>\t\t\t\t\t\t\t\t<\/a><\/p>\n<p>Puntualizzazione che fa arrabbiare Iacchetti che si sente limitato nella sua espressione. &#8220;Capisco che tu su Rete 4 certe cose non puoi dirle&#8221;. Berlinguer non ci sta: &#8220;Io su Rete4 o su un&#8217;altra rete dico sempre quello che penso&#8221;. Il comico incalza: &#8220;Ma perch\u00e9 hai dovuto giustificare una mia frase? Perch\u00e9 la giustifichi?&#8221;. E ancora: &#8220;Non posso pi\u00f9 dire un c&#8230; da nessuna parte&#8221;.<\/p>\n","protected":false},"excerpt":{"rendered":"&#13; Valerio Castro 02 giugno 2026 Parte lancia in resta Enzo Iacchetti ospite della puntata di marted\u00ec 2&hellip;\n","protected":false},"author":3,"featured_media":520710,"comment_status":"","ping_status":"","sticky":false,"template":"","format":"standard","meta":{"footnotes":"","_share_on_mastodon":"0"},"categories":[174],"tags":[92751,203,58864,204,1537,90,89],"class_list":["post-520709","post","type-post","status-publish","format-standard","has-post-thumbnail","category-intrattenimento","tag-e-sempre-cartabianca","tag-entertainment","tag-enzo-iacchetti","tag-intrattenimento","tag-it","tag-italia","tag-italy"],"share_on_mastodon":{"url":"https:\/\/pubeurope.com\/@it\/116682944483031116","error":""},"_links":{"self":[{"href":"https:\/\/www.europesays.com\/it\/wp-json\/wp\/v2\/posts\/520709","targetHints":{"allow":["GET"]}}],"collection":[{"href":"https:\/\/www.europesays.com\/it\/wp-json\/wp\/v2\/posts"}],"about":[{"href":"https:\/\/www.europesays.com\/it\/wp-json\/wp\/v2\/types\/post"}],"author":[{"embeddable":true,"href":"https:\/\/www.europesays.com\/it\/wp-json\/wp\/v2\/users\/3"}],"replies":[{"embeddable":true,"href":"https:\/\/www.europesays.com\/it\/wp-json\/wp\/v2\/comments?post=520709"}],"version-history":[{"count":0,"href":"https:\/\/www.europesays.com\/it\/wp-json\/wp\/v2\/posts\/520709\/revisions"}],"wp:featuredmedia":[{"embeddable":true,"href":"https:\/\/www.europesays.com\/it\/wp-json\/wp\/v2\/media\/520710"}],"wp:attachment":[{"href":"https:\/\/www.europesays.com\/it\/wp-json\/wp\/v2\/media?parent=520709"}],"wp:term":[{"taxonomy":"category","embeddable":true,"href":"https:\/\/www.europesays.com\/it\/wp-json\/wp\/v2\/categories?post=520709"},{"taxonomy":"post_tag","embeddable":true,"href":"https:\/\/www.europesays.com\/it\/wp-json\/wp\/v2\/tags?post=520709"}],"curies":[{"name":"wp","href":"https:\/\/api.w.org\/{rel}","templated":true}]}}