{"id":520890,"date":"2026-06-03T01:45:16","date_gmt":"2026-06-03T01:45:16","guid":{"rendered":"https:\/\/www.europesays.com\/it\/520890\/"},"modified":"2026-06-03T01:45:16","modified_gmt":"2026-06-03T01:45:16","slug":"fiorentina-grosso-domani-il-si-gud-e-dodo-ai-saluti-mirino-su-volpato-e-thorstvedt","status":"publish","type":"post","link":"https:\/\/www.europesays.com\/it\/520890\/","title":{"rendered":"Fiorentina-Grosso, domani il s\u00ec. Gud e Dodo ai saluti. Mirino su Volpato e Thorstvedt"},"content":{"rendered":"<p>                                In bilico Gosens, De Gea e pure Kean. In mezzo al campo piace\u00a0Mijnans, classe 2000 dell\u2019AZ Alkmaar, le certezze sono Fagioli,\u00a0Mandragora e Ndour<\/p>\n<p>            <a class=\"image is-50x50\" href=\"https:\/\/www.gazzetta.it\/collaboratori\/ilaria-masini\/\" rel=\"nofollow noopener\" target=\"_blank\"><br \/>\n                <img decoding=\"async\" class=\"is-rounded\" src=\"https:\/\/www.europesays.com\/it\/wp-content\/uploads\/2025\/09\/ilaria-masini.png\" alt=\"Ilaria Masini\"\/><br \/>\n            <\/a><\/p>\n<p>Collaboratore<\/p>\n<p>                    2 giugno 2026 (modifica il 3 giugno 2026 | 00:01)  &#8211; FIRENZE<\/p>\n<p>        <a href=\"https:\/\/www.gazzetta.it\/en\/football\/teams\/fiorentina\/transfer-market\/02-06-2026\/fiorentina-grosso-deal-nears-gud-and-dodo-exit-volpato-and-thorstvedt-targeted.shtml\" class=\"button button--link-dark\" rel=\"nofollow noopener\" target=\"_blank\"><\/p>\n<p>            English version<\/p>\n<p>        <\/a><\/p>\n<p class=\"paragraph\" spellcheck=\"true\">Oggi sar\u00e0 ufficiale la separazione fra Grosso e il Sassuolo. Subito dopo inizier\u00e0 l\u2019operazione Fiorentina con le basi da buttare per la prossima stagione e il vertice allenatore-dirigenza-propriet\u00e0 (che ricever\u00e0 Paratici e Ferrari a domicilio a New York  l\u20198 giugno). Chi tenere? Dodo e Gud via di sicuro. Quanto agli altri big, in bilico Gosens (2), De Gea (3) e pure Kean (4,5) che pesano tanto sul monte ingaggi. Dipender\u00e0 dalle offerte ma anche dalla parola dell\u2019allenatore che dar\u00e0 le sue indicazioni. Fagioli il pi\u00f9 sicuro di restare. In entrata Grosso ha i suoi fedelissimi, gi\u00e0 entrati in orbita viola, primo fra tutti Volpato.    Curiosit\u00e0: nello staff  torna a Firenze Raffaele Longo, protagonista della risorta Florentia Viola, nel 2002 post fallimento.\u00a0<\/p>\n<p>        GUD E DODO I PRIMI DELLA LISTA\u2014 \u00a0<\/p>\n<p class=\"paragraph\" spellcheck=\"true\">\u00a0I primi due nomi di rilievo in partenza sono Gudmundsson e Dodo. Da cercare la miglior soluzione, ma dopo due anni sono ai titoli di coda. L\u2019obiettivo \u00e8 incassare 30-35 milioni oltre a risparmiare sugli ingaggi che non sono i pi\u00f9 alti ma Gud \u00e8 il terzo (2,2)  e Dodo, se rimanesse, dovrebbe essere portato sopra i due.\u00a0<\/p>\n<p><a class=\"is-partner-link\" href=\"https:\/\/abbonamenti.gazzetta.it\/de-promo-mondiali\/?pwcmp=cta&amp;forceBrowser=true\" rel=\"nofollow noopener\" target=\"_blank\">Gazzetta Mondiale: ogni notte un\u2019edizione straordinaria esclusiva. Non perdertela, abbonati a 1\u20ac\/mese!<\/a><\/p>\n<p>        MANOVRE A CENTROCAMPO\u2014 \u00a0<\/p>\n<p class=\"paragraph\" spellcheck=\"true\">Fabbian e Brescianini (costati quasi 30 milioni) saranno da rigenerare e poi serviranno colpi al centro: il nome spuntato Sven Mijnans, classe 2000 dell\u2019AZ Alkmaar. Poi c\u2019\u00e8 il sempreverde Thorstvedt, gi\u00e0 cercato fortemente a gennaio e nei mercati scorsi. L&#8217;arrivo di Grosso sar\u00e0 un motivo in pi\u00f9 per cercare di ingaggiarlo. Tra i giocatori offensivi piace Tomas Aranda, ma la concorrenza \u00e8 altissima. Certezze: Fagioli, Mandragora e Ndour.<\/p>\n<p class=\"is-copyright\">\u00a9 RIPRODUZIONE RISERVATA<\/p>\n","protected":false},"excerpt":{"rendered":"In bilico Gosens, De Gea e pure Kean. In mezzo al campo piace\u00a0Mijnans, classe 2000 dell\u2019AZ Alkmaar, le&hellip;\n","protected":false},"author":3,"featured_media":520891,"comment_status":"","ping_status":"","sticky":false,"template":"","format":"standard","meta":{"footnotes":"","_share_on_mastodon":"0"},"categories":[1452],"tags":[38309,1960,148595,166911,8493,287715,287716,721,2138,17555,287717,287718,3155,287719,287720,277,48772,287721,11504,11374,287722,1740,7560,137110,1537,90,89,1739,245,244],"class_list":["post-520890","post","type-post","status-publish","format-standard","has-post-thumbnail","category-calcio","tag-alkmaar","tag-allenatore","tag-az","tag-az-alkmaar","tag-bilico","tag-bilico-gosens","tag-bilico-gosens-de","tag-calcio","tag-cercare","tag-certezze","tag-certezze-fagioli","tag-certezze-fagioli-mandragora","tag-classe","tag-classe-az","tag-classe-az-alkmaar","tag-de","tag-de-gea","tag-de-gea-kean","tag-dodo","tag-fagioli","tag-fagioli-mandragora","tag-football","tag-grosso","tag-gud","tag-it","tag-italia","tag-italy","tag-soccer","tag-sport","tag-sports"],"share_on_mastodon":{"url":"https:\/\/pubeurope.com\/@it\/116683651691456451","error":""},"_links":{"self":[{"href":"https:\/\/www.europesays.com\/it\/wp-json\/wp\/v2\/posts\/520890","targetHints":{"allow":["GET"]}}],"collection":[{"href":"https:\/\/www.europesays.com\/it\/wp-json\/wp\/v2\/posts"}],"about":[{"href":"https:\/\/www.europesays.com\/it\/wp-json\/wp\/v2\/types\/post"}],"author":[{"embeddable":true,"href":"https:\/\/www.europesays.com\/it\/wp-json\/wp\/v2\/users\/3"}],"replies":[{"embeddable":true,"href":"https:\/\/www.europesays.com\/it\/wp-json\/wp\/v2\/comments?post=520890"}],"version-history":[{"count":0,"href":"https:\/\/www.europesays.com\/it\/wp-json\/wp\/v2\/posts\/520890\/revisions"}],"wp:featuredmedia":[{"embeddable":true,"href":"https:\/\/www.europesays.com\/it\/wp-json\/wp\/v2\/media\/520891"}],"wp:attachment":[{"href":"https:\/\/www.europesays.com\/it\/wp-json\/wp\/v2\/media?parent=520890"}],"wp:term":[{"taxonomy":"category","embeddable":true,"href":"https:\/\/www.europesays.com\/it\/wp-json\/wp\/v2\/categories?post=520890"},{"taxonomy":"post_tag","embeddable":true,"href":"https:\/\/www.europesays.com\/it\/wp-json\/wp\/v2\/tags?post=520890"}],"curies":[{"name":"wp","href":"https:\/\/api.w.org\/{rel}","templated":true}]}}