{"id":520920,"date":"2026-06-03T02:19:15","date_gmt":"2026-06-03T02:19:15","guid":{"rendered":"https:\/\/www.europesays.com\/it\/520920\/"},"modified":"2026-06-03T02:19:15","modified_gmt":"2026-06-03T02:19:15","slug":"milan-il-primo-incontro-con-glasner-cardinale-spinge-per-rangnick-responsabile-dellarea-tecnica-i-dubbi-di-ibra","status":"publish","type":"post","link":"https:\/\/www.europesays.com\/it\/520920\/","title":{"rendered":"Milan, il primo incontro con Glasner. Cardinale spinge per Rangnick responsabile dell&#8217;area tecnica, i dubbi di Ibra"},"content":{"rendered":"<p>    di<br \/>\n    Monica Colombo e Monica Scozzafava<\/p>\n<p class=\"summary-art is-line-h-12\">Primo faccia a faccia con l&#8217;ex allenatore del Crystal Palace, uno dei nomi suggeriti. Muro contro muro con Allegri sulla buonuscita<\/p>\n<p class=\"chapter-paragraph\">Se Roma non fu costruita in solo giorno, per la rifondazione del Milan non \u00e8 bastata una settimana. Ma poich\u00e9 il tempo stringe occorre fare in fretta: mentre le altre squadre scelgono i giocatori, il Diavolo deve decidere chi li compra, chi li allena e chi li paga.<\/p>\n<p class=\"chapter-paragraph\">Dopo giorni di colloqui e analisi, Gerry Cardinale e il suo braccio destro Massimo Calvelli sono ora fortemente orientati ad assegnare le chiavi del progetto sportivo a Ralf Rangnick. Come \u00e8 noto, l\u2019attuale ct dell\u2019Austria per ricoprire il ruolo di direttore dell\u2019area tecnica ha chiesto autonomia completa, senza interferenze e uno staff di una dozzina di persone. Le condizioni che ha posto sono la scelta in prima persona dell\u2019allenatore, del ds e la gestione di tutte le giovanili.    &#13;<br \/>\n&#13;<br \/>\n&#13;<br \/>\n&#13;<br \/>\n&#13;<br \/>\n&#13;<br \/>\n&#13;<br \/>\n&#13;<br \/>\n&#13;<br \/>\n&#13;<br \/>\n&#13;<br \/>\n&#13;<br \/>\n&#13;<br \/>\n&#13;<br \/>\n&#13;<br \/>\n&#13;<br \/>\n&#13;<br \/>\n&#13;<br \/>\n&#13;<br \/>\n&#13;<br \/>\n&#13;<br \/>\n&#13;<br \/>\n&#13;<br \/>\n&#13;<br \/>\n&#13;<br \/>\n&#13;<br \/>\n&#13;<br \/>\n&#13;<br \/>\n&#13;<br \/>\n&#13;<br \/>\n&#13;<br \/>\n&#13;<br \/>\n&#13;<br \/>\n&#13;<br \/>\n&#13;<br \/>\n&#13;<br \/>\n&#13;<br \/>\n&#13;<br \/>\n&#13;<br \/>\n&#13;<br \/>\n&#13;<br \/>\n&#13;<br \/>\n&#13;<br \/>\n&#13;<br \/>\n&#13;<br \/>\n&#13;<br \/>\n&#13;<br \/>\n&#13;<br \/>\n&#13;<br \/>\n&#13;<br \/>\n&#13;<br \/>\n&#13;<br \/>\n&#13;\n<\/p>\n<p>    I colloqui per il nuovo tecnico<\/p>\n<p class=\"chapter-paragraph\">Oggi perci\u00f2 non \u00e8 un giorno banale perch\u00e9 va in scena il primo incontro fra i manager rossoneri con Oliver Glasner, l\u2019ex tecnico del Crystal Palace, uno dei nomi suggeriti da Rangnick. Sar\u00e0 il primo faccia a faccia con l\u2019allenatore austriaco. Da vedere se risolutivo dal momento che in settimana avverr\u00e0 un colloquio anche con Matthias Jaissle, l\u2019altro profilo indicato dal ct della nazionale di Vienna e ora sotto contratto con l\u2019Al Ahli (ha una clausola da 5 milioni). <a href=\"https:\/\/www.corriere.it\/sport\/calciomercato\/26_maggio_31\/milan-slot-casting-ibrahimovic-rangnick-7173929e-8b75-4557-bb5b-3583eac22xlk.shtml\" title=\"Milan, Slot si aggiunge al casting. E Ibrahimovic ha dubbi su un Rangnick plenipotenziario\" rel=\"nofollow noopener\" target=\"_blank\">Ibra, nei due colloqui gi\u00e0 avvenuti con Rangnick,<\/a> ha mostrato ferma contrariet\u00e0 a concedergli carta bianca: verrebbe ridimensionato il ruolo del fido Jovan Kirovski, poi proprio adesso che sta rientrando dal prestito all\u2019Ajax il figlio Maximilian. Resta da capire se Zlatan verr\u00e0 indotto da Cardinale e Calvelli a pi\u00f9 miti consigli, considerando che le lancette scorrono e i candidati scemano (il ds preferito di Ibra, Ramon Planes, non viene liberato dall\u2019Al Ittihad). Entro tre giorni \u00e8 atteso il dentro o fuori con Rangnick: Zlatan far\u00e0 un passo indietro?<\/p>\n<p>    La questione Allegri<\/p>\n<p class=\"chapter-paragraph\">Parallelamente il Milan deve chiudere in maniera formale, con la risoluzione del contratto, il rapporto di lavoro con Max Allegri a cui spetta ancora un anno di stipendio. Finora il braccio di ferro fra i legali delle due parti in causa non ha prodotto l\u2019auspicata fumata bianca: il Milan non intende concedere buonuscite milionarie all\u2019ex tecnico gi\u00e0 in parola con il Napoli (che gli ha prospettato un biennale da 4,5 milioni pi\u00f9 bonus). Tutt\u2019al pi\u00f9 arriverebbe a 500 mila euro. Max invece chiede per s\u00e9 e lo staff 5 milioni lordi: 2 per s\u00e9, i restanti per i collaboratori. Altrimenti minaccia di stare fermo un anno costringendo di fatto il club, nell\u2019anno del profondo rinnovamento, all\u2019esborso complessivo di 13 milioni e 600 mila euro lordi (ovvero 10 milioni e 600 per s\u00e9 e i restanti per il gruppo di lavoro). Conviene alle parti in causa proseguire con il muro contro muro? Non sembrerebbe proprio: il Milan versandogli la buonuscita risparmierebbe, Max potrebbe firmare per il Napoli il contratto che finora ovviamente non \u00e8 stato siglato, il Napoli \u2014 che ieri ha riscattato Alisson \u2014  avrebbe l\u2019erede di Conte. Caos calmo, in attesa del contatto previsto per domani. De Laurentiis segue l\u2019evoluzione della vicenda con relativa tranquillit\u00e0. Un punto di intesa, con buon senso, alla fine si trover\u00e0.<\/p>\n<p class=\"is-last-update\" datetime=\"2026-06-02T13:51:00+02:00\">2 giugno 2026<\/p>\n<p class=\"is-copyright\">\n            \u00a9 RIPRODUZIONE RISERVATA\n        <\/p>\n","protected":false},"excerpt":{"rendered":"di Monica Colombo e Monica Scozzafava Primo faccia a faccia con l&#8217;ex allenatore del Crystal Palace, uno dei&hellip;\n","protected":false},"author":3,"featured_media":520921,"comment_status":"","ping_status":"","sticky":false,"template":"","format":"standard","meta":{"footnotes":"","_share_on_mastodon":"0"},"categories":[176],"tags":[3076,1960,841,136662,842,588,62310,206790,843,1048,1065,6693,22042,22043,287730,5886,7210,724,598,261191,94951,399,1537,90,89,3528,3444,553,4092,16334,248,2381,287731,13459,287732,282518,12285,245,244,3375],"class_list":["post-520920","post","type-post","status-publish","format-standard","has-post-thumbnail","category-sport","tag-allegri","tag-allenatore","tag-area","tag-area-tecnica","tag-bianca","tag-braccio","tag-buonuscita","tag-calvelli","tag-cardinale","tag-causa","tag-colloqui","tag-contratto","tag-crystal","tag-crystal-palace","tag-crystal-palace-nomi","tag-ct","tag-ds","tag-euro","tag-finora","tag-glasner","tag-ibra","tag-incontro","tag-it","tag-italia","tag-italy","tag-lordi","tag-max","tag-milan","tag-muro","tag-muro-muro","tag-napoli","tag-nomi","tag-nomi-suggeriti","tag-palace","tag-palace-nomi","tag-rangnick","tag-se","tag-sport","tag-sports","tag-tecnico"],"share_on_mastodon":{"url":"https:\/\/pubeurope.com\/@it\/116683785228802194","error":""},"_links":{"self":[{"href":"https:\/\/www.europesays.com\/it\/wp-json\/wp\/v2\/posts\/520920","targetHints":{"allow":["GET"]}}],"collection":[{"href":"https:\/\/www.europesays.com\/it\/wp-json\/wp\/v2\/posts"}],"about":[{"href":"https:\/\/www.europesays.com\/it\/wp-json\/wp\/v2\/types\/post"}],"author":[{"embeddable":true,"href":"https:\/\/www.europesays.com\/it\/wp-json\/wp\/v2\/users\/3"}],"replies":[{"embeddable":true,"href":"https:\/\/www.europesays.com\/it\/wp-json\/wp\/v2\/comments?post=520920"}],"version-history":[{"count":0,"href":"https:\/\/www.europesays.com\/it\/wp-json\/wp\/v2\/posts\/520920\/revisions"}],"wp:featuredmedia":[{"embeddable":true,"href":"https:\/\/www.europesays.com\/it\/wp-json\/wp\/v2\/media\/520921"}],"wp:attachment":[{"href":"https:\/\/www.europesays.com\/it\/wp-json\/wp\/v2\/media?parent=520920"}],"wp:term":[{"taxonomy":"category","embeddable":true,"href":"https:\/\/www.europesays.com\/it\/wp-json\/wp\/v2\/categories?post=520920"},{"taxonomy":"post_tag","embeddable":true,"href":"https:\/\/www.europesays.com\/it\/wp-json\/wp\/v2\/tags?post=520920"}],"curies":[{"name":"wp","href":"https:\/\/api.w.org\/{rel}","templated":true}]}}