{"id":521133,"date":"2026-06-03T06:01:17","date_gmt":"2026-06-03T06:01:17","guid":{"rendered":"https:\/\/www.europesays.com\/it\/521133\/"},"modified":"2026-06-03T06:01:17","modified_gmt":"2026-06-03T06:01:17","slug":"tensioni-albania-ue-sul-mega-resort-della-famiglia-trump-sullisola-di-zvernec-rama-e-un-progetto-privato","status":"publish","type":"post","link":"https:\/\/www.europesays.com\/it\/521133\/","title":{"rendered":"Tensioni Albania-Ue sul mega resort della famiglia\u00a0Trump sull\u2019isola di Zvernec. Rama: \u201c\u00c8\u00a0un progetto privato\u201d"},"content":{"rendered":"<p>Roma, 2 giugno 2026 \u2013\u00a0Tensioni fra <strong>Albania\u00a0e Ue<\/strong>\u00a0proprio mentre il Paese sta portando avanti tutti i passi per entrare nell\u2019Unione. A determinarle \u00e8<strong> Donald Trump<\/strong>. O meglio suo genero. E questa volta non c\u2019entrano guerre o dazi. Al centro c\u2019\u00e8 un progetto che sta dividendo l\u2019opinione pubblica albanese scesa addirittura in piazza per protestare.<\/p>\n<p>Il progetto <\/p>\n<p>Infatti il progetto di un <a rel=\"follow nofollow noopener\" href=\"https:\/\/www.quotidiano.net\/esteri\/albania-proteste-resort-famiglia-trump-zona-protetta-fsj1z70q\" target=\"_blank\">maxi resort di lusso a Zvernec<\/a>, sulla costa meridionale dell&#8217;Albania, promosso dal <strong>fondo dal genero <\/strong>(marito della figlia <strong>Ivanka<\/strong>) <strong>di Donald Trump, Jared Kushner<\/strong>, irrompe nella conferenza stampa tra <strong>Edi Rama<\/strong>, primo ministro albanese,\u00a0e<strong> Antonio Costa, <\/strong>presidente del Consiglio europeo.<\/p>\n<p>Le critiche di Costa <\/p>\n<p>&#8220;Non posso commentare un progetto specifico. Ma certamente la Commissione europea \u00e8 in contatto con le autorit\u00e0 albanesi, ascolta la societ\u00e0 civile e, se ci saranno motivi per intervenire, interverr\u00e0\u201d, ha sottolineato Costa, interpellato sulle polemiche che hanno infiammato il dibattito pubblico legate ai titoli di<strong> propriet\u00e0<\/strong>, alla <strong>trasparenza<\/strong> delle procedure e all&#8217;<strong>impatto ambientale<\/strong>. \u201cNon si tratta solo di tradurre in albanese il diritto comunitario europeo, ma di implementarlo\u201d, ha aggiunto il presidente del Consiglio europeo, ricordando che l&#8217;<strong>allineamento alle norme europee<\/strong> resta uno degli aspetti centrali del percorso di adesione di Tirana all&#8217;Ue.<\/p>\n<p> <img alt=\"Ivanka Trump e Jared Kushner\" loading=\"lazy\" width=\"3072\" height=\"2048\" decoding=\"async\" data-nimg=\"1\" style=\"color:transparent;max-width:100%;height:auto\"   src=\"https:\/\/www.europesays.com\/it\/wp-content\/uploads\/2026\/06\/ivanka-trump-e-jared-kushner.webp\"\/><\/p>\n<p>Ivanka Trump e Jared Kushner<\/p>\n<p>La replica di Edi Rama <\/p>\n<p>Pi\u00f9 netta la replica di Rama, che ha respinto le accuse di scarsa trasparenza. &#8220;Quando si parla di trasparenza di un processo o di un progetto, si tratta di una responsabilit\u00e0 condivisa\u201d, ha osservato, ricordando che quello di Zvernec <strong>\u00e8 \u201cun progetto privato\u201d<\/strong>\u00a0e le trattative tra soggetti privati per l&#8217;acquisto di terreni non comportano obblighi di rendicontazione pubblica. \u201cLa trasparenza inizia nel momento in cui il progetto entra nella fase di approvazione e prosegue dopo\u201d, ha spiegato.<\/p>\n<p>Il progetto e le proteste <\/p>\n<p><strong>&#8220;Rama sta svendendo l\u2019Albania ai Trump\u201d<\/strong>, ha gridato\u00a0la gente scesa in piazza ieri\u00a0a Tirana contro la costruzione di un <strong>resort da 4 miliardi di euro previsto a Zv\u00ebrnec<\/strong>, un\u2019isola all&#8217;interno dell<strong>\u2019area protetta della laguna di Narta <\/strong>del comune di Valona, collegata all&#8217;omonimo villaggio da un ponticello in legno lungo circa 270 metri. L\u2019isola \u00e8 una nota meta turistica per il monastero bizzantino di Zv\u00ebrnec, bellissima attrazione turistica e noto centro religioso molto frequentato il 14 e il 15 agosto, in occasione della festa ortodossa dell\u2019Assunzione.<\/p>\n<p> <img alt=\"L'isola di Sazan e il progetto per il resort di Kushner che la cambierebbe\" loading=\"lazy\" width=\"1600\" height=\"900\" decoding=\"async\" data-nimg=\"1\" style=\"color:transparent;max-width:100%;height:auto\"   src=\"https:\/\/www.europesays.com\/it\/wp-content\/uploads\/2026\/06\/l-isola-di-sazan-e-il-progetto-per-il-resort-di-kushner-che-la-cambierebbe.webp\"\/><\/p>\n<p>L&#8217;isola di Sazan e il progetto per il resort di Kushner che la cambierebbe<\/p>\n<p>Le violenze private <\/p>\n<p>Nella capitale albanese la gente \u00e8 scesa in piazza anche perch\u00e9 le immagini provenienti da Zv\u00ebrnec, hanno mostrato una <strong>violenta repressione<\/strong>, e non da parte di agenti pubblici. I cittadini e ambientalisti della zona protestavano davanti ai cantieri della societ\u00e0 immobiliare di lusso legata a Jared Kushner e sua moglie con Ivanka Trump, genero e figlia di Donald Trump, sono stati brutalmente <strong>caricati da diverse guardie di una societ\u00e0 di sicurezza privata<\/strong>. Un anno fa era toccato all\u2019isola di Sazan essere venduta per un\u00a0miliardo di dollari alla famiglia Trump, che ha in progetto di costruire un resort ultra lusso su 660 ettari.<\/p>\n","protected":false},"excerpt":{"rendered":"Roma, 2 giugno 2026 \u2013\u00a0Tensioni fra Albania\u00a0e Ue\u00a0proprio mentre il Paese sta portando avanti tutti i passi per&hellip;\n","protected":false},"author":3,"featured_media":521134,"comment_status":"","ping_status":"","sticky":false,"template":"","format":"standard","meta":{"footnotes":"","_share_on_mastodon":"0"},"categories":[160],"tags":[287773,14,164,165,1909,10714,21392,166,7,15,6894,2851,24443,37277,5267,11,167,12,168,161,162,163,287774],"class_list":["post-521133","post","type-post","status-publish","format-standard","has-post-thumbnail","category-mondo","tag-albaniaue","tag-cronaca","tag-dal-mondo","tag-dalmondo","tag-famiglia","tag-isola","tag-mega","tag-mondo","tag-news","tag-notizie","tag-privato","tag-progetto","tag-rama","tag-resort","tag-tensioni","tag-ultime-notizie","tag-ultime-notizie-di-mondo","tag-ultimenotizie","tag-ultimenotiziedimondo","tag-world","tag-world-news","tag-worldnews","tag-zvernec"],"share_on_mastodon":{"url":"https:\/\/pubeurope.com\/@it\/116684658964534494","error":""},"_links":{"self":[{"href":"https:\/\/www.europesays.com\/it\/wp-json\/wp\/v2\/posts\/521133","targetHints":{"allow":["GET"]}}],"collection":[{"href":"https:\/\/www.europesays.com\/it\/wp-json\/wp\/v2\/posts"}],"about":[{"href":"https:\/\/www.europesays.com\/it\/wp-json\/wp\/v2\/types\/post"}],"author":[{"embeddable":true,"href":"https:\/\/www.europesays.com\/it\/wp-json\/wp\/v2\/users\/3"}],"replies":[{"embeddable":true,"href":"https:\/\/www.europesays.com\/it\/wp-json\/wp\/v2\/comments?post=521133"}],"version-history":[{"count":0,"href":"https:\/\/www.europesays.com\/it\/wp-json\/wp\/v2\/posts\/521133\/revisions"}],"wp:featuredmedia":[{"embeddable":true,"href":"https:\/\/www.europesays.com\/it\/wp-json\/wp\/v2\/media\/521134"}],"wp:attachment":[{"href":"https:\/\/www.europesays.com\/it\/wp-json\/wp\/v2\/media?parent=521133"}],"wp:term":[{"taxonomy":"category","embeddable":true,"href":"https:\/\/www.europesays.com\/it\/wp-json\/wp\/v2\/categories?post=521133"},{"taxonomy":"post_tag","embeddable":true,"href":"https:\/\/www.europesays.com\/it\/wp-json\/wp\/v2\/tags?post=521133"}],"curies":[{"name":"wp","href":"https:\/\/api.w.org\/{rel}","templated":true}]}}