{"id":521139,"date":"2026-06-03T06:11:08","date_gmt":"2026-06-03T06:11:08","guid":{"rendered":"https:\/\/www.europesays.com\/it\/521139\/"},"modified":"2026-06-03T06:11:08","modified_gmt":"2026-06-03T06:11:08","slug":"juan-carlos-ferrero-mi-manca-tutto-di-alcaraz-studiavamo-come-battere-sinner-io-coach-di-jannik-mi-piacerebbe-ma-carlos-e-piu-forte","status":"publish","type":"post","link":"https:\/\/www.europesays.com\/it\/521139\/","title":{"rendered":"Juan Carlos Ferrero: \u00abMi manca tutto di Alcaraz, studiavamo come battere Sinner. Io coach di Jannik? Mi piacerebbe, ma Carlos \u00e8 pi\u00f9 forte\u00bb"},"content":{"rendered":"<p>    di<br \/>\n    Gaia Piccardi<\/p>\n<p class=\"summary-art is-line-h-12\">Intervista all&#8217;ex allenatore dello spagnolo: \u00abI miglioramenti di Alcaraz erano calibrati specificatamente su Sinner. Parlare di Carlos fa affiorare un po&#8217; di tristezza\u00bb<\/p>\n<p class=\"chapter-paragraph\">Il coach pi\u00f9 ambito del circuito sorseggia il caff\u00e8 sotto un ombrellone dell\u2019Academy di Villena che porta il suo nome, un\u2019ora a nord di Alicante. Solo 100 km pi\u00f9 in l\u00e0, <a href=\"https:\/\/www.corriere.it\/sport\/tennis\/26_giugno_02\/carlos-alcaraz-quanto-torna-6fc423c7-cf89-4e32-b78a-b65fa4e9fxlk.shtml\" title=\"Carlos Alcaraz torna ad allenarsi, ma solo con il braccio sinistro: quando riprender\u00e0 a giocare?\" target=\"_blank\" rel=\"nofollow noopener\">Carlos Alcaraz \u00e8 in campo per la prima volta dall\u2019infortunio al polso<\/a>: colpisce la palla con la mano sinistra, per riattivare muscoli e sensazioni. \u00c8 in questa distanza, minima eppure divenuta enorme, una delle ragioni del divorzio tra Carlito e Juan Carlos Ferrero, l\u2019ex n.1  (correva il 2003, anno del trionfo al Roland Garros) a cui chiediamo di leggere la terra rossa di Parigi in assenza di Sinner e del predestinato che dal 2018 alla fine del 2025 ha aiutato a crescere.<\/p>\n<p class=\"chapter-paragraph\"><b>Cosa sta succedendo al Roland Garros?<br \/><\/b>\u00abCose strane. Non c\u2019\u00e8 Alcaraz, che sulla terra sarebbe stato il favorito, e <a href=\"https:\/\/www.corriere.it\/sport\/tennis\/26_giugno_01\/sinner-crollo-fisico-roland-garros-retroscena-85032368-732f-4631-96b6-2a658d246xlk.shtml\" title=\"Sinner, il \u00absono morto\u00bb e quei segnali ignorati in una macchina imperfetta: la confessione a un fisioterapista di Madrid e il relax in Vespa a Montecarlo\" target=\"_blank\" rel=\"nofollow noopener\">Sinner ha perso subito<\/a>. Per tutti gli altri \u00e8 stato un risveglio: hanno aperto gli occhi e pensato che questa \u00e8 l\u2019occasione della vita. Io vedo Zverev pi\u00f9 attrezzato, in ogni caso avremo un nuovo vincitore Slam dopo gli ultimi nove dominati da Carlos o Jannik. In prospettiva, \u00e8 un cambiamento interessante: per almeno un paio d\u2019anni quei due manterranno la loro superiorit\u00e0 ma Parigi 2026 segna un cambio di passo per gli inseguitori, che hanno capito che Sinner non \u00e8 imbattibile. Sar\u00e0 motivante per tutti: chi comanda e chi rincorre\u00bb.    &#13;<br \/>\n&#13;<br \/>\n&#13;<br \/>\n&#13;<br \/>\n&#13;<br \/>\n&#13;<br \/>\n&#13;<br \/>\n&#13;<br \/>\n&#13;<br \/>\n&#13;<br \/>\n&#13;<br \/>\n&#13;<br \/>\n&#13;<br \/>\n&#13;<br \/>\n&#13;<br \/>\n&#13;<br \/>\n&#13;<br \/>\n&#13;<br \/>\n&#13;<br \/>\n&#13;<br \/>\n&#13;<br \/>\n&#13;<br \/>\n&#13;<br \/>\n&#13;<br \/>\n&#13;<br \/>\n&#13;<br \/>\n&#13;<br \/>\n&#13;<br \/>\n&#13;<br \/>\n&#13;<br \/>\n&#13;<br \/>\n&#13;<br \/>\n&#13;<br \/>\n&#13;<br \/>\n&#13;<br \/>\n&#13;<br \/>\n&#13;<br \/>\n&#13;<br \/>\n&#13;<br \/>\n&#13;<br \/>\n&#13;<br \/>\n&#13;<br \/>\n&#13;<br \/>\n&#13;<br \/>\n&#13;<br \/>\n&#13;<br \/>\n&#13;<br \/>\n&#13;<br \/>\n&#13;<br \/>\n&#13;<br \/>\n&#13;<br \/>\n&#13;<br \/>\n&#13;\n<\/p>\n<p class=\"chapter-paragraph\"><b>Ma Alcaraz e Sinner non resteranno a guardare.<br \/><\/b>\u00ab\u00c8 una situazione che conosco bene: per anni ho allenato Carlos allo scopo di battere Jannik. I miglioramenti, cio\u00e8, erano calibrati specificamente su Sinner\u00bb.<\/p>\n<p class=\"chapter-paragraph\"><b>Se si alza il livello medio, ne guadagna il tennis.<br \/><\/b>\u00abNon c\u2019\u00e8 dubbio. Quando giocavo io, c\u2019erano 8-10 giocatori capaci di mettersi in tasca uno Slam. Due creano una bella rivalit\u00e0 ma sono pochi\u00bb.<\/p>\n<p class=\"chapter-paragraph\"><b>Cosa crede che sia successo a Sinner a Parigi? Becker parla di fattore mentale.<br \/><\/b>\u00abNo, a me \u00e8 proprio parsa una crisi fisica. \u00c8 salito 5-1 nel terzo con Cerundolo colpendo la palla benissimo, con superiorit\u00e0 totale. Poi il crollo. Sul 4-1 l\u2019ho visto tornare verso l\u2019asciugamano camminando in modo diverso. Ho pensato: che strano\u2026 <a href=\"https:\/\/www.corriere.it\/sport\/tennis\/26_maggio_30\/sinner-gene-m1cr-dolore-temperatura-89e75d1b-2287-4826-be1b-dc835e91fxlk.shtml\" title=\"Sinner e il gene MC1R che influenza i recettori del dolore e della temperatura: \u00abDovr\u00f2 fare degli accertamenti\u00bb\" target=\"_blank\" rel=\"nofollow noopener\">Faceva caldo ma non c\u2019erano i presupposti per quello che \u00e8 successo<\/a>. La ragione, secondo me, \u00e8 da ricercare nei mesi precedenti: ha giocato tanto, troppo, senza darsi il tempo di recuperare. Ero certo che avrebbe accusato la stanchezza durante il Roland Garros ma pensavo pi\u00f9 avanti. \u00c8 incredibile che con Cerundolo non sia riuscito a resistere un game di pi\u00f9\u00bb.<\/p>\n<p class=\"chapter-paragraph\"><b>Sono crisi che si ripetono con frequenza, e non sempre con il caldo. Si superano?<br \/><\/b>\u00abIl luogo d\u2019origine ha un ruolo: probabilmente Jannik ha una tolleranza del freddo maggiore del caldo. Non penso che da bambino, prima di trasferirsi a Bordighera da Piatti, si sia allenato in condizioni umide e calde. A differenza di Carlos, che \u00e8 nato a Murcia, nel sud della Spagna. Qui a Villena \u00e8 capitato spesso che, in una giornata bollente, io lo tenessi in campo pi\u00f9 a lungo proprio per abituarlo alla sofferenza di quelle temperature. Certo che Jannik pu\u00f2 migliorare. Il passato lo aiuta: ha vinto due volte in Australia, dove fresco non fa, a Miami e a New York, che pu\u00f2 essere umidissima\u00bb.<\/p>\n<p class=\"chapter-paragraph\"><b>Il pi\u00f9 grande talento di Sinner, dal suo punto di vista?<br \/><\/b>\u00ab\u00c8 velocissimo a capire cosa deve migliorare. Ricorda quel Sinner-Alcaraz a Parigi Bercy nel 2021, la prima sfida Atp? Beh allora Jannik giocava solo incrociato: no lungolinea, no vol\u00e9e, no smorzate. Vidi in campo uno straordinario colpitore, nulla a che vedere con il giocatore di oggi. Di testa \u00e8 una roccia, ed \u00e8 una spugna: impara subito\u00bb.<\/p>\n<p class=\"chapter-paragraph\"><b>Qual \u00e8 il suo Alcaraz-Sinner preferito?<br \/><\/b>\u00abIl quarto all\u2019Us Open 2022, con match point annullato da Carlos: quella sfida ha lanciato la rivalit\u00e0. Ma non posso non citare la finale di Parigi dell\u2019anno scorso, con i tre match point per Jannik. Quella domenica successe qualcosa di sovrannaturale. Carlos non molla mai, nemmeno quando sembra morto: dal box gli gridavamo di crederci e lui in situazioni cos\u00ec si esalta, sale di livello. \u00c8 un guerriero\u00bb.<\/p>\n<p class=\"chapter-paragraph\"><b>Cosa le manca di pi\u00f9 della vita con Alcaraz?<br \/><\/b>\u00abIl suo modo di stare in campo: aggressivo ma sempre col sorriso. L\u2019ho visto crescere da quando aveva 15 anni, toccando livelli che non credevo possibili. Con lui avevi la costante sensazione che stavi scrivendo la storia di questo sport\u00bb.<\/p>\n<p class=\"chapter-paragraph\"><b>Lo dice con malinconia.<br \/><\/b>\u00abParlarne fa affiorare i ricordi, un po\u2019 di tristezza \u00e8 normale. Ma sto bene: mi muovo tra Accademia e casa, i viaggi non mi mancano, a Carlos ho dato tutto quello che potevo. Parlarne non \u00e8 mai facile\u00bb.<\/p>\n<p class=\"chapter-paragraph\"><b>Vi sentite ancora?<br \/><\/b>\u00abPoco. Gli ho scritto quando ha vinto in Australia e a Doha. Gli ho parlato in occasione dell\u2019infortunio. Nulla di pi\u00f9. Entrambi avevamo bisogno di spazio per ripartire\u00bb.<\/p>\n<p class=\"chapter-paragraph\"><b>Gli addetti ai lavori ritengono l\u2019Australian Open di gennaio l\u2019ultimo torneo vinto da Carlos grazie a lei, bench\u00e9 gi\u00e0 separati.<br \/><\/b>\u00abLo lascio volentieri dire agli altri. La verit\u00e0 \u00e8 che per un nuovo coach intervenire in un mese \u00e8 impossibile. Il grosso del lavoro \u00e8 stato fatto negli anni precedenti, Lopez ha ricominciato da l\u00ec. Il modo in cui Carlos compete, si muove, sceglie i colpi: tutto il pacchetto arriva da lontano. Non \u00e8 solo merito mio, naturalmente: Samu faceva gi\u00e0 parte del team. Di certo, quando ha messo a segno il match point con Djokovic, mi sono sentito ancora vicinissimo a Carlos\u00bb.<\/p>\n<p class=\"chapter-paragraph\"><b>Tra Alcaraz al top e Sinner al top, chi \u00e8 il pi\u00f9 forte?<br \/><\/b>\u00abSe la giocano sui dettagli. Carlos \u00e8 pi\u00f9 dinamico, ha pi\u00f9 colpi, sa togliere il ritmo a Jannik, che ama giocare soprattutto in un modo: veloce, colpendo alla stessa altezza. Al suo ritmo, \u00e8 difficilissimo da battere. Per me, al cento per cento, Carlos \u00e8 un pelo sopra: tipo 55% -45%. Ma tra quei due sono state e sempre saranno partite apertissime\u00bb.<\/p>\n<p class=\"chapter-paragraph\"><b>Tra i giovani, chi le piace?<br \/><\/b>\u00abFonseca lo conoscevamo ma Jodar ci ha sorpresi tutti. Mentalmente \u00e8 molto solido, allenarsi in Davis con Carlos lo ha aiutato a capire in quali aree deve crescere. Ha potuto migliorare  nel cono d\u2019ombra di Alcaraz, indisturbato. Ricorda Sinner: dritto da perfezionare, rovescio colpo naturale. Per ora a Rafael basta il padre, nel futuro vedremo. Senza dubbio, Fonseca e Jodar sono da titoli Slam\u00bb.<\/p>\n<p class=\"chapter-paragraph\"><b>Se Cahill si ritirer\u00e0, se glielo chiedessero: farebbe da super coach a Sinner?<br \/><\/b>\u00abSolo qualche mese fa, le avrei detto di no: la rottura con Carlos era fresca, non sarei stato pronto. Ma oggi che mi sento pi\u00f9 forte rispondo: perch\u00e9 no? Sinner ama lavorare duro ed \u00e8 disposto a tutto per rimanere n.1: come atteggiamento, mi piace. Sarebbe bellissimo allenarlo\u00bb.<\/p>\n<p class=\"chapter-paragraph\"><b>Riccardo Piatti, che ha subito una separazione da Jannik simile alla sua da Carlos, sul Corriere ammise di essere stato un po\u2019 duro, ma disse anche che era necessario.<br \/><\/b>\u00abCredo che le situazioni siano assimilabili: quando ti mettono in mano un quindicenne, devi insegnargli tutto. Non \u00e8 un lavoro facile. Con il senno di poi, qualcosina cambierei ma non la sostanza. A Carlos ho imposto da subito allenamenti duri e disciplina. L\u2019ho spinto al limite molte volte. L\u2019ho tenuto con i piedi per terra. \u00c8 il mio modo di fare e il lavoro ci ha ripagati\u00bb.<\/p>\n<p class=\"chapter-paragraph\"><b>Piatti dice anche che con lei Alcaraz  non avrebbe mai comprato uno yacht da 9 milioni di dollari.<br \/><\/b>(ride) \u00abHa ragione&#8230; Forse gli ho detto troppi no, ma Carlos per me era famiglia e io i miei figli li educo cos\u00ec\u00bb.<\/p>\n<p class=\"is-last-update\" datetime=\"2026-06-02T21:58:50+02:00\">3 giugno 2026<\/p>\n<p class=\"is-copyright\">\n            \u00a9 RIPRODUZIONE RISERVATA\n        <\/p>\n","protected":false},"excerpt":{"rendered":"di Gaia Piccardi Intervista all&#8217;ex allenatore dello spagnolo: \u00abI miglioramenti di Alcaraz erano calibrati specificatamente su Sinner. Parlare&hellip;\n","protected":false},"author":3,"featured_media":521140,"comment_status":"","ping_status":"","sticky":false,"template":"","format":"standard","meta":{"footnotes":"","_share_on_mastodon":"0"},"categories":[1457],"tags":[287781,287782,287783,11384,287784,287785,8400,287786,287775,4007,1265,83915,25261,15059,3631,25345,1534,287776,921,6880,3363,4627,72015,48558,1275,123708,2023,3081,7714,1341,14841,2606,42627,41970,3440,3650,2885,1537,90,89,1269,156117,12034,46937,63693,6110,4964,287777,962,1894,42550,3783,121411,6114,3205,2006,3171,1289,38604,23,4958,25081,11615,4566,1918,12020,9452,287778,24595,1271,32851,14175,3461,366,17494,3423,245,244,1886,54475,1273,3185,3413,137006,287779,2200,287780],"class_list":["post-521139","post","type-post","status-publish","format-standard","has-post-thumbnail","category-tennis","tag-abituarlo","tag-abituarlo-sofferenza","tag-abituarlo-sofferenza-temperature","tag-academy","tag-academy-villena","tag-academy-villena-porta","tag-accademia","tag-accademia-viaggi","tag-affiorare","tag-aiutato","tag-alcaraz","tag-alcaraz-sinner","tag-allenato","tag-ama","tag-australia","tag-battere","tag-caldo","tag-calibrati","tag-campo","tag-capire","tag-carlos","tag-carlos-alcaraz","tag-carlos-ferrero","tag-cerundolo","tag-coach","tag-colpendo","tag-colpi","tag-crescere","tag-crisi","tag-dubbio","tag-duro","tag-facile","tag-ferrero","tag-fonseca","tag-forte","tag-garros","tag-infortunio","tag-it","tag-italia","tag-italy","tag-jannik","tag-jodar","tag-juan","tag-juan-carlos","tag-juan-carlos-ferrero","tag-livello","tag-manca","tag-manca-alcaraz","tag-mano","tag-match","tag-match-point","tag-mese","tag-miglioramenti","tag-migliorare","tag-occasione","tag-open","tag-palla","tag-parigi","tag-parlarne","tag-pensato","tag-piace","tag-piatti","tag-point","tag-precedenti","tag-quei","tag-ragione","tag-ricorda","tag-ricorda-sinner","tag-ritmo","tag-rivalita","tag-roland","tag-roland-garros","tag-sfida","tag-sinner","tag-situazioni","tag-slam","tag-sport","tag-sports","tag-successo","tag-superiorita","tag-tennis","tag-terra","tag-top","tag-tristezza","tag-villena","tag-vinto","tag-vinto-australia"],"share_on_mastodon":{"url":"","error":"Validation failed: Text character limit of 500 exceeded"},"_links":{"self":[{"href":"https:\/\/www.europesays.com\/it\/wp-json\/wp\/v2\/posts\/521139","targetHints":{"allow":["GET"]}}],"collection":[{"href":"https:\/\/www.europesays.com\/it\/wp-json\/wp\/v2\/posts"}],"about":[{"href":"https:\/\/www.europesays.com\/it\/wp-json\/wp\/v2\/types\/post"}],"author":[{"embeddable":true,"href":"https:\/\/www.europesays.com\/it\/wp-json\/wp\/v2\/users\/3"}],"replies":[{"embeddable":true,"href":"https:\/\/www.europesays.com\/it\/wp-json\/wp\/v2\/comments?post=521139"}],"version-history":[{"count":0,"href":"https:\/\/www.europesays.com\/it\/wp-json\/wp\/v2\/posts\/521139\/revisions"}],"wp:featuredmedia":[{"embeddable":true,"href":"https:\/\/www.europesays.com\/it\/wp-json\/wp\/v2\/media\/521140"}],"wp:attachment":[{"href":"https:\/\/www.europesays.com\/it\/wp-json\/wp\/v2\/media?parent=521139"}],"wp:term":[{"taxonomy":"category","embeddable":true,"href":"https:\/\/www.europesays.com\/it\/wp-json\/wp\/v2\/categories?post=521139"},{"taxonomy":"post_tag","embeddable":true,"href":"https:\/\/www.europesays.com\/it\/wp-json\/wp\/v2\/tags?post=521139"}],"curies":[{"name":"wp","href":"https:\/\/api.w.org\/{rel}","templated":true}]}}