{"id":521240,"date":"2026-06-03T07:45:13","date_gmt":"2026-06-03T07:45:13","guid":{"rendered":"https:\/\/www.europesays.com\/it\/521240\/"},"modified":"2026-06-03T07:45:13","modified_gmt":"2026-06-03T07:45:13","slug":"leclerc-rinnova-il-contratto-con-la-ferrari","status":"publish","type":"post","link":"https:\/\/www.europesays.com\/it\/521240\/","title":{"rendered":"Leclerc rinnova il contratto con la Ferrari"},"content":{"rendered":"<p>                                Alla vigilia del Gran Premio di Montecarlo la casa del Cavallino ufficializza il rinnovo del contratto del 28enne monegasco. &#8220;\u00c8 la squadra che ho sempre amato e di cui ho sognato di far parte fin da quando ero bambino e che, dopo tutti questi anni, \u00e8 diventata per me una seconda famiglia&#8221;<\/p>\n<p class=\"paragraph\" spellcheck=\"true\">Ieri\u00a0in un&#8217;intervista rilasciata a La Gazzetta dello Sport, <b>Charles Leclerc<\/b> aveva definito il matrimonio con <b>Alexandra Saint Mleux<\/b> &#8220;un contratto importante&#8221;, ma anche la storia d&#8217;amore con la <b>Scuderia Ferrari<\/b> \u00e8 destinata a proseguire. Alla vigilia del Gran Premio di Montecarlo, sua gara di casa, infatti, la casa di Maranello ha annunciato il rinnovo del contratto con il 28enne, ex vicecampione del mondo (nel 2022) di <b>Formula 1<\/b>. Si tratta di una mossa che mette a tacere ogni possibile rumor su un trasferimento del monegasco (nel corso della pausa invernale si parlava di un suo possibile trasferimento all&#8217;Aston Martin a partire dal 2027). Il Cavallino non ha ancora annunciato la durata del contratto.\u00a0<\/p>\n<p>        le parole\u2014 \u00a0<\/p>\n<p class=\"paragraph\" spellcheck=\"true\">&#8220;Non potrei essere pi\u00f9 felice di continuare il percorso con Scuderia Ferrari HP che per me \u00e8 molto pi\u00f9 di un team &#8211; ha dichiarato Leclerc -. \u00c8 la squadra che ho sempre amato e di cui ho sognato di far parte fin da quando ero bambino e che, dopo tutti questi anni, \u00e8 diventata per me una seconda famiglia. Insieme abbiamo condiviso momenti incredibili e altri pi\u00f9 difficili, ma credo pi\u00f9 che mai nella Scuderia e sono profondamente grato di poter continuare a lottare per il nostro obiettivo comune che \u00e8 riportare il titolo mondiale a Maranello. Essere un pilota Ferrari \u00e8 un sogno, ma anche una responsabilit\u00e0 mai scontata: continuer\u00f2 a dare tutto me stesso per riportare la Scuderia dove merita, ovvero al vertice, per tutti coloro che lavorano a Maranello e soprattutto per i tifosi, che con la loro passione ne sono il cuore pulsante&#8221;. &#8220;Charles \u00e8 parte della famiglia Ferrari &#8211; spiegano dalla casa del Cavallino &#8211; da tanti anni ormai e questo rinnovo \u00e8 qualcosa di molto naturale per noi. In queste stagioni abbiamo visto crescere non solo uno dei piloti pi\u00f9 forti della Formula 1, ma anche una persona che vive profondamente il legame con questa squadra e tutto ci\u00f2 che Ferrari rappresenta. Apprezziamo il suo talento, amiamo la sua determinazione e il modo in cui affronta ogni giornata insieme alle persone del team, dentro e fuori la pista. Sappiamo quanto questo progetto significhi per lui e siamo felici di continuare a lavorare insieme per conseguire gli obiettivi che condividiamo&#8221;.<\/p>\n","protected":false},"excerpt":{"rendered":"Alla vigilia del Gran Premio di Montecarlo la casa del Cavallino ufficializza il rinnovo del contratto del 28enne&hellip;\n","protected":false},"author":3,"featured_media":521241,"comment_status":"","ping_status":"","sticky":false,"template":"","format":"standard","meta":{"footnotes":"","_share_on_mastodon":"0"},"categories":[176],"tags":[5466,287857,287858,118,694,287859,287860,37481,10871,1365,6693,13035,287861,287862,1909,2097,368,1537,90,89,7754,9266,21730,9270,245,244,1857],"class_list":["post-521240","post","type-post","status-publish","format-standard","has-post-thumbnail","category-sport","tag-amato","tag-amato-sognato","tag-amato-sognato-far","tag-annunciato","tag-bambino","tag-bambino-diventata","tag-bambino-diventata-seconda","tag-cavallino","tag-charles","tag-continuare","tag-contratto","tag-diventata","tag-diventata-seconda","tag-diventata-seconda-famiglia","tag-famiglia","tag-far","tag-ferrari","tag-it","tag-italia","tag-italy","tag-leclerc","tag-maranello","tag-rinnovo","tag-scuderia","tag-sport","tag-sports","tag-squadra"],"share_on_mastodon":{"url":"https:\/\/pubeurope.com\/@it\/116685067186866957","error":""},"_links":{"self":[{"href":"https:\/\/www.europesays.com\/it\/wp-json\/wp\/v2\/posts\/521240","targetHints":{"allow":["GET"]}}],"collection":[{"href":"https:\/\/www.europesays.com\/it\/wp-json\/wp\/v2\/posts"}],"about":[{"href":"https:\/\/www.europesays.com\/it\/wp-json\/wp\/v2\/types\/post"}],"author":[{"embeddable":true,"href":"https:\/\/www.europesays.com\/it\/wp-json\/wp\/v2\/users\/3"}],"replies":[{"embeddable":true,"href":"https:\/\/www.europesays.com\/it\/wp-json\/wp\/v2\/comments?post=521240"}],"version-history":[{"count":0,"href":"https:\/\/www.europesays.com\/it\/wp-json\/wp\/v2\/posts\/521240\/revisions"}],"wp:featuredmedia":[{"embeddable":true,"href":"https:\/\/www.europesays.com\/it\/wp-json\/wp\/v2\/media\/521241"}],"wp:attachment":[{"href":"https:\/\/www.europesays.com\/it\/wp-json\/wp\/v2\/media?parent=521240"}],"wp:term":[{"taxonomy":"category","embeddable":true,"href":"https:\/\/www.europesays.com\/it\/wp-json\/wp\/v2\/categories?post=521240"},{"taxonomy":"post_tag","embeddable":true,"href":"https:\/\/www.europesays.com\/it\/wp-json\/wp\/v2\/tags?post=521240"}],"curies":[{"name":"wp","href":"https:\/\/api.w.org\/{rel}","templated":true}]}}