{"id":521724,"date":"2026-06-03T14:37:16","date_gmt":"2026-06-03T14:37:16","guid":{"rendered":"https:\/\/www.europesays.com\/it\/521724\/"},"modified":"2026-06-03T14:37:16","modified_gmt":"2026-06-03T14:37:16","slug":"ma-come-e-possibile-donato-accetta-per-sbaglio-10mila-euro-de-martino-incredulo-non-puo-fermarlo-perche-il-notaio-dice-no","status":"publish","type":"post","link":"https:\/\/www.europesays.com\/it\/521724\/","title":{"rendered":"\u00abMa come \u00e8 possibile?\u00bb. Donato accetta per sbaglio 10mila euro, De Martino incredulo non pu\u00f2 fermarlo: perch\u00e9 il notaio dice no"},"content":{"rendered":"<p>Ieri sera, una delle puntate pi\u00f9 sorprendenti della stagione di <strong><a href=\"https:\/\/www.ilmessaggero.it\/t\/affari-tuoi\" rel=\"nofollow noopener\" target=\"_blank\">Affari Tuoi<\/a><\/strong>, tra incredulit\u00e0, risate e un colpo di scena che ha lasciato senza parole perfino <strong><a href=\"https:\/\/www.ilmessaggero.it\/t\/stefano-de-martino\" rel=\"nofollow noopener\" target=\"_blank\">Stefano De Martino<\/a><\/strong>. Protagonista della serata \u00e8 stato <strong>Donato Massari<\/strong>, concorrente della Basilicata arrivato da Lavello, in provincia di Potenza, che ha visto sfumare un possibile finale da protagonista dopo una serie di scelte sfortunate e un clamoroso errore di comunicazione. Un momento talmente inatteso da costringere il conduttore a intervenire personalmente per verificare se fosse possibile tornare indietro.<\/p>\n","protected":false},"excerpt":{"rendered":"Ieri sera, una delle puntate pi\u00f9 sorprendenti della stagione di Affari Tuoi, tra incredulit\u00e0, risate e un colpo&hellip;\n","protected":false},"author":3,"featured_media":521725,"comment_status":"","ping_status":"","sticky":false,"template":"","format":"standard","meta":{"footnotes":"","_share_on_mastodon":"0"},"categories":[6],"tags":[33428,14,44622,14812,8,1537,90,89,7,17918,15,82,9,83,10,3501,1766,13,11,80,84,12,81,85],"class_list":["post-521724","post","type-post","status-publish","format-standard","has-post-thumbnail","category-ultime-notizie","tag-affari-tuoi","tag-cronaca","tag-de-martino","tag-donato","tag-headlines","tag-it","tag-italia","tag-italy","tag-news","tag-notaio","tag-notizie","tag-notizie-di-cronaca","tag-notizie-principali","tag-notiziedicronaca","tag-notizieprincipali","tag-rai-1","tag-stefano-de-martino","tag-titoli","tag-ultime-notizie","tag-ultime-notizie-di-cronaca","tag-ultime-notizie-e-news-di-oggi","tag-ultimenotizie","tag-ultimenotiziedicronaca","tag-ultimenotizieenewsdioggi"],"share_on_mastodon":{"url":"https:\/\/pubeurope.com\/@it\/116686687401686072","error":""},"_links":{"self":[{"href":"https:\/\/www.europesays.com\/it\/wp-json\/wp\/v2\/posts\/521724","targetHints":{"allow":["GET"]}}],"collection":[{"href":"https:\/\/www.europesays.com\/it\/wp-json\/wp\/v2\/posts"}],"about":[{"href":"https:\/\/www.europesays.com\/it\/wp-json\/wp\/v2\/types\/post"}],"author":[{"embeddable":true,"href":"https:\/\/www.europesays.com\/it\/wp-json\/wp\/v2\/users\/3"}],"replies":[{"embeddable":true,"href":"https:\/\/www.europesays.com\/it\/wp-json\/wp\/v2\/comments?post=521724"}],"version-history":[{"count":0,"href":"https:\/\/www.europesays.com\/it\/wp-json\/wp\/v2\/posts\/521724\/revisions"}],"wp:featuredmedia":[{"embeddable":true,"href":"https:\/\/www.europesays.com\/it\/wp-json\/wp\/v2\/media\/521725"}],"wp:attachment":[{"href":"https:\/\/www.europesays.com\/it\/wp-json\/wp\/v2\/media?parent=521724"}],"wp:term":[{"taxonomy":"category","embeddable":true,"href":"https:\/\/www.europesays.com\/it\/wp-json\/wp\/v2\/categories?post=521724"},{"taxonomy":"post_tag","embeddable":true,"href":"https:\/\/www.europesays.com\/it\/wp-json\/wp\/v2\/tags?post=521724"}],"curies":[{"name":"wp","href":"https:\/\/api.w.org\/{rel}","templated":true}]}}