{"id":521733,"date":"2026-06-03T14:50:15","date_gmt":"2026-06-03T14:50:15","guid":{"rendered":"https:\/\/www.europesays.com\/it\/521733\/"},"modified":"2026-06-03T14:50:15","modified_gmt":"2026-06-03T14:50:15","slug":"juve-scambio-david-kolo-muani-ecco-perche-sarebbe-possibile","status":"publish","type":"post","link":"https:\/\/www.europesays.com\/it\/521733\/","title":{"rendered":"Juve, scambio David-Kolo Muani: ecco perch\u00e9 sarebbe possibile"},"content":{"rendered":"<p>                                Perso Vlahovic, che lascer\u00e0 a parametro zero, e bocciati da Spalletti gli altri attaccanti in rosa, i bianconeri hanno assoluta necessit\u00e0 di portare presto a Torino un &#8220;nove&#8221;. Scambiare il canadese col francese del Psg potrebbe convenire a entrambi i club<\/p>\n<p class=\"paragraph\" spellcheck=\"true\">A questo punto, per dirla con le parole di Spalletti, un centravanti alla Juve &#8220;serve come il pane&#8221;. Anzi, probabilmente pure due. <a href=\"https:\/\/www.gazzetta.it\/Calcio\/Serie-A\/Juventus\/03-06-2026\/juve-vlahovic-via-a-parametro-zero-interrotte-le-trattative-per-il-rinnovo.shtml?intcmp=hyperlink-articolo-gazit\" title=\"Vlahovic-Juve, \u00e8 finita: interrotte le trattative per il rinnovo\" rel=\"nofollow noopener\" target=\"_blank\">La rottura delle trattative per il rinnovo di contratto di Dusan Vlahovic<\/a> e la sua partenza a parametro zero il prossimo 30 giugno, nella testa del tecnico bianconero lasciano, infatti, la sua rosa praticamente senza un numero &#8220;nove&#8221;: <a href=\"https:\/\/www.gazzetta.it\/Calcio\/Calciomercato\/Juventus\/01-06-2026\/juventus-openda-e-david-grane-milionarie-e-freni-al-mercato.shtml?intcmp=hyperlink-articolo-gazit\" title=\"Juve, e ora come fai? Openda e David: grane milionarie e freni al mercato\" rel=\"nofollow noopener\" target=\"_blank\">bocciati Openda e David<\/a>, inaffidabile Milik dal punto di vista fisico. E rende sempre pi\u00f9 urgente portare a termine la trattativa con il Psg per il ritorno a Torino di Kolo Muani.\u00a0<\/p>\n<p>    juve-kolo muani, la trattativa\u2014 \u00a0<\/p>\n<p class=\"paragraph is-inline\" spellcheck=\"true\">I due club si sono gi\u00e0 incontrati a Budapest a margine della finale di Champions League e il Psg ha ribadito la sua valutazione: 30 milioni e cessione a titolo definitivo. A breve \u00e8 previsto un nuovo summit e la Juve conta sulla forte volont\u00e0 dell&#8217;attaccante francese. Dopo la deludente avventura al Tottenham, infatti, Kolo Muani insiste per tornare a Torino, dove si \u00e8 trovato bene dal punto di vista personale, di gruppo squadra e sportivo: i 10 gol in 22 presenze ne sono una dimostrazione evidente. Cos\u00ec, tra le pieghe della trattativa si sta facendo largo un&#8217;ipotesi che, in economia, verrebbe definita di una situazione &#8220;win-win&#8221;. Ovvero un accordo grazie al quale entrambe le parti soddisfano i propri interessi: <a href=\"https:\/\/www.gazzetta.it\/Calcio\/Calciomercato\/Juventus\/24-03-2026\/juve-kolo-muani-dice-si-vuole-tornare-il-psg-pensa-allo-scambio-con-david.shtml?intcmp=hyperlink-articolo-gazit\" title=\"Juve, Kolo Muani ha detto s\u00ec: vuole tornare. Il Psg pensa allo scambio con David\" rel=\"nofollow noopener\" target=\"_blank\">lo scambio tra Jonathan David e Randal Kolo Muani<\/a>.\u00a0Ma cosa potrebbe rendere fattibile una soluzione del genere?<\/p>\n<p><a class=\"is-partner-link\" href=\"https:\/\/abbonamenti.gazzetta.it\/de-promo-mondiali\/?pwcmp=cta&amp;forceBrowser=true\" rel=\"nofollow noopener\" target=\"_blank\">Gazzetta Mondiale: ogni notte un\u2019edizione straordinaria esclusiva. Non perdertela, abbonati a 1\u20ac\/mese!<\/a><\/p>\n<p>    juve-psg, scambio david-kolo muani?\u2014 \u00a0<\/p>\n<p class=\"paragraph is-inline\" spellcheck=\"true\">Intanto, la situazione dei due attaccanti per i rispettivi club: il francese \u00e8 un esubero per i parigini, il canadese (pur stimato dai dirigenti juventini) \u00e8 stato quasi definitivamente bocciato da Luciano Spalletti. Entrambe le squadre, insomma, si libererebbero di un problema. Oltretutto, a Parigi l&#8217;uomo mercato \u00e8 quel Luis Campos che nel 2020 ha scoperto Jonathan David al Genk, portandolo al Lilla. Il ds portoghese conosce benissimo il numero 30 della Juve, ha vissuto sulla sua pelle le difficolt\u00e0 di ambientamento del canadese al primo anno in Ligue 1 ed \u00e8 consapevole che in bianconero non abbia espresso tutto il suo potenziale. Certo, deve convincere Luis Enrique, cha ha gi\u00e0 in rosa Demb\u00e9l\u00e9 come centravanti titolare e Gon\u00e7alo Ramos come alternativa. Dal punto di vista economico, poi, sia il Psg che la Juve ne trarrebbero vantaggio: se dovesse essere data una valutazione di 30 milioni ai cartellini dei due giocatori (che gi\u00e0 hanno ingaggi simili intorno ai 6 milioni l&#8217;anno), i francesi non registrerebbero minusvalenze per un calciatore strapagato tre anni fa e arrivato a due dalla scadenza, mentre i bianconeri realizzerebbero una corposa plusvalenza grazie al fatto che il canadese \u00e8 arrivato un anno fa a parametro zero. E, grazie all&#8217;addio di Vlahovic, <a href=\"https:\/\/www.gazzetta.it\/Calcio\/Serie-A\/Juventus\/02-06-2026\/juventus-il-calciomercato-tra-bilancio-e-paletti-uefa-spazio-per-investire.shtml?intcmp=hyperlink-articolo-gazit\" title=\"La Juve punta a due colpi top. Ecco come pu\u00f2 permetterseli\" rel=\"nofollow noopener\" target=\"_blank\">che liberer\u00e0 oltre 40 milioni tra ammortamento e stipendio lordo<\/a>, nel bilancio juventino ci sarebbe spazio pure per un secondo &#8220;nove&#8221; di livello.<\/p>\n<p class=\"is-copyright\">\u00a9 RIPRODUZIONE RISERVATA<\/p>\n","protected":false},"excerpt":{"rendered":"Perso Vlahovic, che lascer\u00e0 a parametro zero, e bocciati da Spalletti gli altri attaccanti in rosa, i bianconeri&hellip;\n","protected":false},"author":3,"featured_media":521734,"comment_status":"","ping_status":"","sticky":false,"template":"","format":"standard","meta":{"footnotes":"","_share_on_mastodon":"0"},"categories":[1452],"tags":[3077,3250,585,10575,114300,721,20221,12837,554,12418,288140,288141,12440,1740,3368,1537,90,89,6948,43129,565,572,573,21518,576,3552,6765,14393,494,11631,5569,4578,1739,24806,245,244,1641,2981,6370,578,7778],"class_list":["post-521733","post","type-post","status-publish","format-standard","has-post-thumbnail","category-calcio","tag-arrivato","tag-attaccanti","tag-bianconeri","tag-bianconero","tag-bocciati","tag-calcio","tag-canadese","tag-centravanti","tag-club","tag-david","tag-david-kolo","tag-david-kolo-muani","tag-entrambe","tag-football","tag-francese","tag-it","tag-italia","tag-italy","tag-jonathan","tag-jonathan-david","tag-juve","tag-kolo","tag-kolo-muani","tag-luis","tag-muani","tag-parametro","tag-parametro-zero","tag-psg","tag-punto","tag-punto-vista","tag-rosa","tag-scambio","tag-soccer","tag-spalletti","tag-sport","tag-sports","tag-torino","tag-trattativa","tag-vista","tag-vlahovic","tag-zero"],"share_on_mastodon":{"url":"https:\/\/pubeurope.com\/@it\/116686738461971395","error":""},"_links":{"self":[{"href":"https:\/\/www.europesays.com\/it\/wp-json\/wp\/v2\/posts\/521733","targetHints":{"allow":["GET"]}}],"collection":[{"href":"https:\/\/www.europesays.com\/it\/wp-json\/wp\/v2\/posts"}],"about":[{"href":"https:\/\/www.europesays.com\/it\/wp-json\/wp\/v2\/types\/post"}],"author":[{"embeddable":true,"href":"https:\/\/www.europesays.com\/it\/wp-json\/wp\/v2\/users\/3"}],"replies":[{"embeddable":true,"href":"https:\/\/www.europesays.com\/it\/wp-json\/wp\/v2\/comments?post=521733"}],"version-history":[{"count":0,"href":"https:\/\/www.europesays.com\/it\/wp-json\/wp\/v2\/posts\/521733\/revisions"}],"wp:featuredmedia":[{"embeddable":true,"href":"https:\/\/www.europesays.com\/it\/wp-json\/wp\/v2\/media\/521734"}],"wp:attachment":[{"href":"https:\/\/www.europesays.com\/it\/wp-json\/wp\/v2\/media?parent=521733"}],"wp:term":[{"taxonomy":"category","embeddable":true,"href":"https:\/\/www.europesays.com\/it\/wp-json\/wp\/v2\/categories?post=521733"},{"taxonomy":"post_tag","embeddable":true,"href":"https:\/\/www.europesays.com\/it\/wp-json\/wp\/v2\/tags?post=521733"}],"curies":[{"name":"wp","href":"https:\/\/api.w.org\/{rel}","templated":true}]}}