{"id":521749,"date":"2026-06-03T14:59:21","date_gmt":"2026-06-03T14:59:21","guid":{"rendered":"https:\/\/www.europesays.com\/it\/521749\/"},"modified":"2026-06-03T14:59:21","modified_gmt":"2026-06-03T14:59:21","slug":"nastri-dargento-grandi-serie-2026-premi-a-luisa-ranieri-carlo-verdone-e-lino-guanciale","status":"publish","type":"post","link":"https:\/\/www.europesays.com\/it\/521749\/","title":{"rendered":"Nastri d\u2019Argento Grandi Serie 2026, premi a Luisa Ranieri, Carlo Verdone e Lino Guanciale"},"content":{"rendered":"<p>Primi verdetti per i Nastri d\u2019Argento Grandi Serie 2026 in vista della cerimonia del 6 giugno al Teatro San Carlo di Napoli. A Luisa Ranieri il riconoscimento come Protagonista Grandi Serie dell\u2019anno per La Preside, a Carlo Verdone il premio Personaggio dell\u2019anno grazie a Vita da Carlo \u2013 Stagione finale e Scuola di seduzione. Nastro speciale anche a Lino Guanciale, protagonista di una stagione record con quattro titoli tra Rai e Paramount+<\/p>\n<p><strong>\u00e8 Luisa Ranieri ad inaugurare il palmar\u00e8s dei Nastri d\u2019Argento Grandi Serie che saranno consegnati sabato prossimo 6 giugno al Teatro San Carlo di Napoli<\/strong>,<strong> <\/strong>nella serata<strong> <\/strong>organizzata dai <strong>Giornalisti Cinematografici Italiani<\/strong> (SNGCI) che annunciano oggi i primi premi della sesta edizione della manifestazione ancora una volta realizzata in collaborazione con la <strong>Film Commission Regione Campania<\/strong>.<\/p>\n<p>L\u2019attrice<strong> <\/strong>ricever\u00e0 ancora un Nastro d\u2019Argento non solo per la sua eccellente interpretazione nella serie di Rai Fiction <strong>La Preside<\/strong> \u2013 nata da un\u2019idea di Luca Zingaretti \u2013 trasmessa da Rai 1 con la regia di Luca Miniero, ma anche per la cura e l\u2019impegno appassionato con il quale ha trasformato in un racconto molto amato la storia di un personaggio come Eugenia Liguori, coraggiosa Preside di Caivano, leader di resistenza e cambiamento in un territorio difficile, segnato dalla violenza e a lungo dall\u2019assenza delle istituzioni. Un luogo che, grazie all\u2019impegno della \u2018vera\u2019 Preside e ora alla tenacia di un\u2019attrice speciale, \u00e8 diventato anche un simbolo di speranza.<\/p>\n<p>A <strong>Luisa Ranieri<\/strong> dalla stampa del cinema un riconoscimento che celebra dunque non solo il talento, ma anche la passione con la quale, anche impegnata nella produzione (Bibi Film Tv, Zocotoco in collaborazione con Rai Fiction) e nella scrittura, ha siglato una nuova tappa in una carriera costruita con coerenza attraverso scelte coraggiose, dando anima e corpo al suo ruolo e al suo lavoro, in una prova di grande sensibilit\u00e0 civile.<\/p>\n<p>\u00a0<\/p>\n<p>\t\t \tIl Premio a Carlo Verdone<\/p>\n<p>In questa sesta edizione dei Nastri d\u2019Argento Grandi Serie, realizzati con il supporto del <strong>MiC &#8211; Direzione Generale Cinema e audiovisivo<\/strong>, main partner <strong>SIAE \u2013 Societ\u00e0 Italiana degli Autori ed Editori<\/strong>, il premio \u2018<strong>Personaggio dell\u2019anno<\/strong>\u2019 va a <strong>Carlo Verdone<\/strong>, che con l\u2019autoironia in quattro atti di <strong>Vita da Carlo<\/strong>, si \u00e8 confermato maestro assoluto della commedia anche nella grande serialit\u00e0, nella quale ha inserito, in quest\u2019ultima stagione, il suo nuovo film Scuola di seduzione. A lui va un riconoscimento che rappresenta la chiusura di un cerchio: si conclude infatti l\u2019avventura di una serie Paramount+ &#8211; nata nella factory De Laurentiis &#8211; di ispirazione dichiaratamente autobiografica e di spudorata sincerit\u00e0, che ci ha regalato un ritratto irresistibile, implacabile e autentico del suo privato. Qualit\u00e0 alle quali Verdone ha saputo aggiungere quest\u2019anno il suo inconfondibile tratto comico anche nel secondo titolo ideato per Paramount+, il film Scuola di seduzione, conferma della sua capacit\u00e0 unica di leggere la contemporaneit\u00e0, anche attraverso il cambiamento dei rapporti sentimentali.<\/p>\n<p>Questo premio, che i Giornalisti assegnano a Carlo Verdone proprio nell\u2019anno del 40\u00b0 anniversario di Troppo Forte, sottolinea ancora una volta un talento che continua a sorprendere, in un rapporto di forte empatia con il pubblico, al quale Carlo continua a regalare un cinema costruito sulla sua inconfondibile cifra \u201cmelancomica\u201d.\u00a0<\/p>\n<p>\t\t\t<a class=\"c-inline-card j-inline-card c-inline-card--with-image\" href=\"https:\/\/tg24.sky.it\/spettacolo\/cinema\/2026\/05\/29\/nastri-d-argento-2026-film-candidature\" rel=\"follow nofollow noopener\" data-intcmp=\"skytg24_articolo_approfondimenti_inline\" target=\"_blank\"><\/p>\n<p>\t\t\t         <img decoding=\"async\" crossorigin=\"anonymous\" alt=\"\" src=\"https:\/\/www.europesays.com\/it\/wp-content\/uploads\/2026\/06\/B_C_pant_00647__Philippe_Antonello.JPG\"  loading=\"lazy\"  bad-src=\"https:\/\/www.europesays.com\/it\/wp-content\/uploads\/2026\/06\/B_C_pant_00647__Philippe_Antonello.JPG\"\/><\/p>\n<p>\n\t\t\t         Approfondimento<br \/>\n\t\t\t         Nastri D&#8217;argento 2026, dai film agli attori: tutte le candidature\n\t\t\t      <\/p>\n<p>\t\t\t<\/a><\/p>\n<p>\t\t\tIl premio a Lino Guanciale<\/p>\n<p>In un anno che lo ha visto grande protagonista, con un record di ben quattro titoli di successo, un <strong>Nastro d\u2019Argento speciale<\/strong> \u00e8 stato assegnato, infine, dal Direttivo dei Giornalisti Cinematografici a <strong>Lino Guanciale<\/strong>, volto iconico della serialit\u00e0, interprete fra i pi\u00f9 poliedrici e amati del nostro panorama, a coronamento di una stagione straordinaria, in cui ha interpretato ruoli tra loro diversissimi: dalla profondit\u00e0 emotiva della serie arrivata alla sua terza stagione Il Commissario Ricciardi basata sugli omonimi romanzi di Maurizio de Giovanni, con la regia di Alessandro D\u2019Alatri e poi di Giampaolo Tescari, alla tensione civile de L\u2019invisibile \u2013 La cattura di Matteo Messina Denaro di Michele Soavi, fino all\u2019umanit\u00e0 non convenzionale di Le libere donne (liberamente tratta da \u201cLe Libere donne di Magliano\u201d di Mario Tobino) sempre con la regia di Soavi (tutti e tre titoli Rai), e \u00a0al registro brillante di Scuola di seduzione di Verdone (Paramount+). \u00a0\u00a0\u00a0\u00a0\u00a0\u00a0\u00a0\u00a0\u00a0\u00a0\u00a0\u00a0\u00a0\u00a0\u00a0\u00a0<\/p>\n<p>Un riconoscimento alla sua straordinaria capacit\u00e0 di incarnare personaggi molto diversi tra loro con la stessa intensit\u00e0 e rigore: sia quando d\u00e0 corpo a grandi figure della letteratura, sia quando si misura con la cronaca o esplora le sfumature della commedia, Guanciale sa sempre lasciare il segno, dimostrando una maturit\u00e0 artistica che lo rende a pieno titolo uno dei volti pi\u00f9 rappresentativi e amati della grande serialit\u00e0 italiana.<\/p>\n<p>\t\t \t<strong>I Premi speciali, i partner, gli sponsor<\/strong><\/p>\n<p>Nei prossimi giorni l\u2019annuncio dei Premi di quest\u2019edizione votati come da tradizione dai giornalisti iscritti, ai quali il Direttivo Nazionale aggiunge riconoscimenti e segnalazioni per film e talenti oltre le nomination. Il palmar\u00e8s includer\u00e0 anche il Nastro d\u2019Argento SIAE per la sceneggiatura e i Premi Nuovo Imaie. Sar\u00e0 inoltre assegnato anche il Premio della Fondazione Claudio Nobis.\u00a0<\/p>\n<p>Con il MiC &#8211; Direzione Generale Cinema e audiovisivo e SIAE &#8211; Societ\u00e0 Italiana degli Autori ed Editori, main partner, un grazie agli sponsor e ai partner ufficiali:\u00a0 Italo Treno, Demba Group, GE-Gruppo Eventi e Chateau d\u2019Ax, Campo Marzio, Benedetta Riccio e al maestro orafo Michele Affidato per la realizzazione dei Nastri d\u2019Argento.\u00a0<\/p>\n<p><strong>La selezione ufficiale<\/strong><\/p>\n<p>A cura del Direttivo Nazionale dei Giornalisti Cinematografici Italiani (SNGCI) presieduto da Laura Delli Colli \u00e8 stata condivisa da Paolo Sommaruga (Vicepresidente), Fulvia Caprara, Nicole Bianchi e Damiano Panattoni con la collaborazione di Maurizio di Rienzo e Fabio Falzone per il\u00a0 Consiglio Nazionale. Segreteria organizzativa SNGCI Susanna Rotunno.<\/p>\n<p>La raccolta dei voti e lo spoglio sono affidati, come sempre, al Notaio Alessandra Temperini.<\/p>\n<p>\t\t\t<a class=\"c-inline-card j-inline-card c-inline-card--with-image\" href=\"https:\/\/tg24.sky.it\/spettacolo\/serie-tv\/2026\/05\/14\/nastri-dargento-2026-serie-portobello-marco-bellocchio\" rel=\"follow nofollow noopener\" data-intcmp=\"skytg24_articolo_approfondimenti_inline\" target=\"_blank\"><\/p>\n<p>\t\t\t         <img decoding=\"async\" crossorigin=\"anonymous\" alt=\"\" src=\"https:\/\/www.europesays.com\/it\/wp-content\/uploads\/2026\/06\/1559046731772_dispensa_italiana_nastri_argento.jpg\"  loading=\"lazy\"  bad-src=\"https:\/\/www.europesays.com\/it\/wp-content\/uploads\/2026\/06\/1559046731772_dispensa_italiana_nastri_argento.jpg\"\/><\/p>\n<p>\n\t\t\t         Approfondimento<br \/>\n\t\t\t         Nastri d\u2019Argento 2026, serie tv: tutte le candidature\n\t\t\t      <\/p>\n<p>\t\t\t<\/a><\/p>\n<p>\t            TAG:<\/p>\n","protected":false},"excerpt":{"rendered":"Primi verdetti per i Nastri d\u2019Argento Grandi Serie 2026 in vista della cerimonia del 6 giugno al Teatro&hellip;\n","protected":false},"author":3,"featured_media":521750,"comment_status":"","ping_status":"","sticky":false,"template":"","format":"standard","meta":{"footnotes":"","_share_on_mastodon":"0"},"categories":[174],"tags":[41956,203,204,1537,90,89,37324,288143],"class_list":["post-521749","post","type-post","status-publish","format-standard","has-post-thumbnail","category-intrattenimento","tag-carlo-verdone","tag-entertainment","tag-intrattenimento","tag-it","tag-italia","tag-italy","tag-luisa-ranieri","tag-nastri-d"],"share_on_mastodon":{"url":"https:\/\/pubeurope.com\/@it\/116686774469635144","error":""},"_links":{"self":[{"href":"https:\/\/www.europesays.com\/it\/wp-json\/wp\/v2\/posts\/521749","targetHints":{"allow":["GET"]}}],"collection":[{"href":"https:\/\/www.europesays.com\/it\/wp-json\/wp\/v2\/posts"}],"about":[{"href":"https:\/\/www.europesays.com\/it\/wp-json\/wp\/v2\/types\/post"}],"author":[{"embeddable":true,"href":"https:\/\/www.europesays.com\/it\/wp-json\/wp\/v2\/users\/3"}],"replies":[{"embeddable":true,"href":"https:\/\/www.europesays.com\/it\/wp-json\/wp\/v2\/comments?post=521749"}],"version-history":[{"count":0,"href":"https:\/\/www.europesays.com\/it\/wp-json\/wp\/v2\/posts\/521749\/revisions"}],"wp:featuredmedia":[{"embeddable":true,"href":"https:\/\/www.europesays.com\/it\/wp-json\/wp\/v2\/media\/521750"}],"wp:attachment":[{"href":"https:\/\/www.europesays.com\/it\/wp-json\/wp\/v2\/media?parent=521749"}],"wp:term":[{"taxonomy":"category","embeddable":true,"href":"https:\/\/www.europesays.com\/it\/wp-json\/wp\/v2\/categories?post=521749"},{"taxonomy":"post_tag","embeddable":true,"href":"https:\/\/www.europesays.com\/it\/wp-json\/wp\/v2\/tags?post=521749"}],"curies":[{"name":"wp","href":"https:\/\/api.w.org\/{rel}","templated":true}]}}