{"id":521862,"date":"2026-06-03T16:38:16","date_gmt":"2026-06-03T16:38:16","guid":{"rendered":"https:\/\/www.europesays.com\/it\/521862\/"},"modified":"2026-06-03T16:38:16","modified_gmt":"2026-06-03T16:38:16","slug":"goretzka-chiama-la-juve-prende-tempo-la-situazione","status":"publish","type":"post","link":"https:\/\/www.europesays.com\/it\/521862\/","title":{"rendered":"Goretzka chiama, la Juve prende tempo: la situazione"},"content":{"rendered":"<p>                                Il tedesco sar\u00e0 svincolato tra 27 giorni e dopo la rivoluzione tecnica e societaria dei rossoneri il suo futuro \u00e8 tornato in discussione. I bianconeri lo apprezzano, ma prendono tempo<\/p>\n<p class=\"paragraph\" spellcheck=\"true\">\u00c8 uno dei parametri zero pi\u00f9 preziosi dell&#8217;estate 2026, sembrava destinato alla Serie A, ma da qualche settimana \u00e8 sparito un po&#8217; dai radar: che fine ha fatto Leon Goretzka? Il centrocampista del Bayern Monaco, classe 1995, vedr\u00e0 il suo contratto scadere tra 27 giorni, ma non ha ancora deciso da dover ripartire. Anche perch\u00e9, fino a poco pi\u00f9 di una settimana fa, il suo destino sembrava ben indirizzato: <a href=\"https:\/\/www.gazzetta.it\/Calcio\/Serie-A\/Milan\/21-05-2026\/milan-con-goretzka-una-super-mediana-ballano-275-partite-in-champions.shtml?intcmp=hyperlink-articolo-gazit\" title=\"Milan, Goretzka per una super mediana: con Modric e Rabiot ballano 275 partite in Champions\" rel=\"nofollow noopener\" target=\"_blank\">al Milan di Max Allegri<\/a>, come primo rinforzo per una rosa attesa dal ritorno in Champions League. Il crollo dei rossoneri e <a href=\"https:\/\/www.gazzetta.it\/Calcio\/Serie-A\/Milan\/26-05-2026\/milan-ibrahimovic-rivoluzione-cardinale-sveglia-garlando.shtml?intcmp=hyperlink-articolo-gazit\" title=\"Il Milan diventa ground zero, si salva solo Ibra. E ora che Diavolo apparir\u00e0?\" rel=\"nofollow noopener\" target=\"_blank\">la rivoluzione tecnica e societaria attuata da Gerry Cardinale<\/a>, per\u00f2, hanno rimesso tutto in gioco.\u00a0<\/p>\n<p>    non solo serie a\u2014 \u00a0<\/p>\n<p class=\"paragraph is-inline\" spellcheck=\"true\">Cos\u00ec, l&#8217;entourage del tedesco ha iniziato a riallacciare i rapporti con chi si era interessato a lui: squadre di Premier, tra cui l&#8217;Arsenal, sogno mai nascosto del &#8220;tuttocampista&#8221;, club turchi, sempre pi\u00f9 capaci di attrarre stelle dall&#8217;estero grazie a una ricca politica degli ingaggi, ma pure la Juventus. I dirigenti bianconeri, infatti, <a href=\"https:\/\/www.gazzetta.it\/Calcio\/Serie-A\/Juventus\/10-03-2026\/juve-obiettivi-bernardo-silva-e-goretzka-la-trattativa.shtml?intcmp=hyperlink-articolo-gazit\" title=\"Juve, un top a zero nell&#039;uovo di Pasqua? Continua la caccia a Bernardo Silva e Goretzka\" rel=\"nofollow noopener\" target=\"_blank\">avevano gi\u00e0 preso informazioni su di lui in primavera<\/a>, quando Luciano Spalletti aveva iniziato a far filtrare la necessit\u00e0 di inserire in rosa calciatori esperti e vincenti che potessero alzare il livello caratteriale della squadra, pescando dall&#8217;ampio bacino <a href=\"https:\/\/www.gazzetta.it\/Calcio\/Calciomercato\/Juventus\/storie\/19-03-2026\/mercato-juve-i-parametri-zero-senesi-pellegrini-lewandowski-e\/\" title=\"Juve, mercato a parametro zero: da Senesi a Lewandowski, tutti quelli nel mirino\" rel=\"nofollow noopener\" target=\"_blank\">dei parametri zero disponibili sul mercato<\/a>. E Goretzka si era mostrato comunque intrigato dalla possibilit\u00e0 di fare un&#8217;esperienza in Serie A, come poi l&#8217;accordo praticamente fatto con il Milan ha confermato.<\/p>\n<p><a class=\"is-partner-link\" href=\"https:\/\/abbonamenti.gazzetta.it\/de-promo-mondiali\/?pwcmp=cta&amp;forceBrowser=true\" rel=\"nofollow noopener\" target=\"_blank\">Gazzetta Mondiale: ogni notte un\u2019edizione straordinaria esclusiva. Non perdertela, abbonati a 1\u20ac\/mese!<\/a><\/p>\n<p>    la juventus prende tempo\u00a0\u2014 \u00a0<\/p>\n<p class=\"paragraph is-inline\" spellcheck=\"true\">Due mesi pi\u00f9 tardi, alla Continassa, per\u00f2, le prospettive sono cambiate: intanto, non ci sono pi\u00f9 i milioni garantiti dalla Champions League che avrebbero permesso di offrire al tedesco un ingaggio in linea con quello percepito al Bayern (tra i 6 e i 7 milioni netti all&#8217;anno pi\u00f9 ricchi bonus). Poi, adesso Spalletti e i dirigenti hanno ben chiaro in testa che le priorit\u00e0 del mercato devono essere l&#8217;acquisto di un portiere e di un centravanti. Sistemate queste necessit\u00e0 impellenti, si penser\u00e0 agli altri reparti. Ecco perch\u00e9 la Juve non ha certo chiuso la porta a Goretzka, ma ha preso tempo: se il calciatore fosse ancora svincolato (e magari abbassasse un po&#8217; le pretese di ingaggio) quando il club bianconero avr\u00e0 colmato le lacune pi\u00f9 grandi in rosa, allora se ne potr\u00e0 parlare. D&#8217;altronde, anche il tedesco non ha fretta: &#8220;Non direi che la scelta avverr\u00e0 fra la fine della stagione e l&#8217;inizio dei Mondiali.\u00a0Decider\u00f2 semplicemente quando sentir\u00f2 che \u00e8 il momento di farlo&#8221;, ha detto al termine della stagione. E la Juve aspetta e, in fondo, spera.<\/p>\n<p class=\"is-copyright\">\u00a9 RIPRODUZIONE RISERVATA<\/p>\n","protected":false},"excerpt":{"rendered":"Il tedesco sar\u00e0 svincolato tra 27 giorni e dopo la rivoluzione tecnica e societaria dei rossoneri il suo&hellip;\n","protected":false},"author":3,"featured_media":521863,"comment_status":"","ping_status":"","sticky":false,"template":"","format":"standard","meta":{"footnotes":"","_share_on_mastodon":"0"},"categories":[1452],"tags":[8486,391,585,721,1969,1970,554,6929,1740,140627,7183,6990,1537,90,89,565,558,1980,1412,553,6334,57407,125982,8559,2718,288204,288205,5569,3094,1821,1739,245,244,8233],"class_list":["post-521862","post","type-post","status-publish","format-standard","has-post-thumbnail","category-calcio","tag-bayern","tag-ben","tag-bianconeri","tag-calcio","tag-champions","tag-champions-league","tag-club","tag-dirigenti","tag-football","tag-goretzka","tag-ingaggio","tag-iniziato","tag-it","tag-italia","tag-italy","tag-juve","tag-juventus","tag-league","tag-mercato","tag-milan","tag-necessita","tag-parametri","tag-parametri-zero","tag-preso","tag-rivoluzione","tag-rivoluzione-tecnica","tag-rivoluzione-tecnica-societaria","tag-rosa","tag-rossoneri","tag-serie","tag-soccer","tag-sport","tag-sports","tag-tedesco"],"share_on_mastodon":{"url":"https:\/\/pubeurope.com\/@it\/116687163192485864","error":""},"_links":{"self":[{"href":"https:\/\/www.europesays.com\/it\/wp-json\/wp\/v2\/posts\/521862","targetHints":{"allow":["GET"]}}],"collection":[{"href":"https:\/\/www.europesays.com\/it\/wp-json\/wp\/v2\/posts"}],"about":[{"href":"https:\/\/www.europesays.com\/it\/wp-json\/wp\/v2\/types\/post"}],"author":[{"embeddable":true,"href":"https:\/\/www.europesays.com\/it\/wp-json\/wp\/v2\/users\/3"}],"replies":[{"embeddable":true,"href":"https:\/\/www.europesays.com\/it\/wp-json\/wp\/v2\/comments?post=521862"}],"version-history":[{"count":0,"href":"https:\/\/www.europesays.com\/it\/wp-json\/wp\/v2\/posts\/521862\/revisions"}],"wp:featuredmedia":[{"embeddable":true,"href":"https:\/\/www.europesays.com\/it\/wp-json\/wp\/v2\/media\/521863"}],"wp:attachment":[{"href":"https:\/\/www.europesays.com\/it\/wp-json\/wp\/v2\/media?parent=521862"}],"wp:term":[{"taxonomy":"category","embeddable":true,"href":"https:\/\/www.europesays.com\/it\/wp-json\/wp\/v2\/categories?post=521862"},{"taxonomy":"post_tag","embeddable":true,"href":"https:\/\/www.europesays.com\/it\/wp-json\/wp\/v2\/tags?post=521862"}],"curies":[{"name":"wp","href":"https:\/\/api.w.org\/{rel}","templated":true}]}}