{"id":522155,"date":"2026-06-03T20:44:19","date_gmt":"2026-06-03T20:44:19","guid":{"rendered":"https:\/\/www.europesays.com\/it\/522155\/"},"modified":"2026-06-03T20:44:19","modified_gmt":"2026-06-03T20:44:19","slug":"romagnoli-saluta-la-lazio-e-vola-all-al-sadd","status":"publish","type":"post","link":"https:\/\/www.europesays.com\/it\/522155\/","title":{"rendered":"Romagnoli saluta la Lazio e vola all&#8217; Al-Sadd"},"content":{"rendered":"<p>                                Il difensore lascer\u00e0 il club biancoceleste a titolo definitivo.\u00a0 Affare da 3,5 milioni, ben 6,5 milioni in meno rispetto alla prima offerta\u00a0qatariota durante il mercato invernale<\/p>\n<p>            <a class=\"image is-50x50\" href=\"https:\/\/www.gazzetta.it\/collaboratori\/elmar-bergonzini\/\" rel=\"nofollow noopener\" target=\"_blank\"><br \/>\n                <img decoding=\"async\" class=\"is-rounded\" src=\"https:\/\/www.europesays.com\/it\/wp-content\/uploads\/2025\/09\/1758371590_70_elmar-bergonzini.png\" alt=\"Elmar Bergonzini\"\/><br \/>\n            <\/a><\/p>\n<p>Collaboratore<\/p>\n<p>                    3 giugno &#8211; 21:33  &#8211; MILANO<\/p>\n<p class=\"paragraph\" spellcheck=\"true\">Un rapporto controverso. Al quale Alessio Romagnoli ha deciso di porre fine. Il difensore classe 1995 lascer\u00e0 la Lazio per andare all&#8217;Al-Sadd. Il trasferimento che si era prospettato a gennaio ed era saltato all&#8217;ultimo minuto, si concretizzer\u00e0 adesso, anche se a cifre pi\u00f9 basse: non pi\u00f9 i circa 10 milioni dello scorso inverno, bens\u00ec 3,5.<\/p>\n<p class=\"paragraph\" spellcheck=\"true\"><b>LA STORIA<\/b> &#8211; Romagnoli ha sposato il progetto Lazio nel 2022, quando si \u00e8 svincolato dal Milan da campione d&#8217;Italia. Ha accettato i biancocelesti bench\u00e9 avesse sul piatto offerte molto pi\u00f9 ricche (su tutte quelle del Fulham). Decise di indossare la maglia della squadra che ha sempre tifato, incassando anche la promessa di un rinnovo pi\u00f9 ricco in caso di qualificazione in Champions League. Eppure, bench\u00e9 sia riuscito a portare la Lazio al secondo posto nel 2022-23, il ritocco non \u00e8 mai arrivato. Questo, insieme al ridimensionamento tecnico della squadra, il motivo della sfiducia con la quale il giocatore, nell&#8217;ultimo periodo, \u00e8 rimasto a Formello.<\/p>\n<p>        la rottura\u2014 \u00a0<\/p>\n<p class=\"paragraph\" spellcheck=\"true\">A gennaio, poi, aveva ottenuto il via libera per trasferirsi all&#8217;Al-Sadd, prima di vivere un clamoroso dietrofront di Lotito che si era infine convinto di non abbassare il livello della squadra. \u00c8 rimasto contro voglia, ma ha continuato a giocare con la massima professionalit\u00e0: suo il gol all&#8217;Atalanta nella semifinale di ritorno di Coppa Italia che ha portato la Lazio ai rigori (poi vinti). Ha chiuso la sua avventura in biancoceleste perdendo la finale con l&#8217;Inter: per lui che voleva chiudere regalandosi un trofeo con la Lazio una grandissima delusione.<\/p>\n<p><a class=\"is-partner-link\" href=\"https:\/\/abbonamenti.gazzetta.it\/de-promo-mondiali\/?pwcmp=cta&amp;forceBrowser=true\" rel=\"nofollow noopener\" target=\"_blank\">Gazzetta Mondiale: ogni notte un\u2019edizione straordinaria esclusiva. Non perdertela, abbonati a 1\u20ac\/mese!<\/a><\/p>\n<p>        futuro\u2014 \u00a0<\/p>\n<p class=\"paragraph\" spellcheck=\"true\">Per sostituirlo a Formello stanno pensando a Diogo Leite, 27enne mancino (proprio come Romagnoli) che si sta per svincolare dall&#8217;Union Berlino. Il portoghese \u00e8 per\u00f2 cercato anche dall&#8217;Eintracht Francoforte, al momento la sua destinazione preferita.<\/p>\n<p class=\"is-copyright\">\u00a9 RIPRODUZIONE RISERVATA<\/p>\n","protected":false},"excerpt":{"rendered":"Il difensore lascer\u00e0 il club biancoceleste a titolo definitivo.\u00a0 Affare da 3,5 milioni, ben 6,5 milioni in meno&hellip;\n","protected":false},"author":3,"featured_media":522156,"comment_status":"","ping_status":"","sticky":false,"template":"","format":"standard","meta":{"footnotes":"","_share_on_mastodon":"0"},"categories":[1452],"tags":[11697,263714,263715,12386,21458,721,4053,13205,55325,1740,62705,2614,1537,90,89,44391,5188,127031,5240,8689,26909,30453,1739,245,244,1857],"class_list":["post-522155","post","type-post","status-publish","format-standard","has-post-thumbnail","category-calcio","tag-abbassare","tag-abbassare-livello","tag-abbassare-livello-squadra","tag-benche","tag-biancoceleste","tag-calcio","tag-difensore","tag-diogo","tag-diogo-leite","tag-football","tag-formello","tag-gennaio","tag-it","tag-italia","tag-italy","tag-lascera","tag-lazio","tag-leite","tag-promessa","tag-rimasto","tag-romagnoli","tag-sadd","tag-soccer","tag-sport","tag-sports","tag-squadra"],"share_on_mastodon":{"url":"https:\/\/pubeurope.com\/@it\/116688130850409017","error":""},"_links":{"self":[{"href":"https:\/\/www.europesays.com\/it\/wp-json\/wp\/v2\/posts\/522155","targetHints":{"allow":["GET"]}}],"collection":[{"href":"https:\/\/www.europesays.com\/it\/wp-json\/wp\/v2\/posts"}],"about":[{"href":"https:\/\/www.europesays.com\/it\/wp-json\/wp\/v2\/types\/post"}],"author":[{"embeddable":true,"href":"https:\/\/www.europesays.com\/it\/wp-json\/wp\/v2\/users\/3"}],"replies":[{"embeddable":true,"href":"https:\/\/www.europesays.com\/it\/wp-json\/wp\/v2\/comments?post=522155"}],"version-history":[{"count":0,"href":"https:\/\/www.europesays.com\/it\/wp-json\/wp\/v2\/posts\/522155\/revisions"}],"wp:featuredmedia":[{"embeddable":true,"href":"https:\/\/www.europesays.com\/it\/wp-json\/wp\/v2\/media\/522156"}],"wp:attachment":[{"href":"https:\/\/www.europesays.com\/it\/wp-json\/wp\/v2\/media?parent=522155"}],"wp:term":[{"taxonomy":"category","embeddable":true,"href":"https:\/\/www.europesays.com\/it\/wp-json\/wp\/v2\/categories?post=522155"},{"taxonomy":"post_tag","embeddable":true,"href":"https:\/\/www.europesays.com\/it\/wp-json\/wp\/v2\/tags?post=522155"}],"curies":[{"name":"wp","href":"https:\/\/api.w.org\/{rel}","templated":true}]}}