{"id":522222,"date":"2026-06-03T21:45:16","date_gmt":"2026-06-03T21:45:16","guid":{"rendered":"https:\/\/www.europesays.com\/it\/522222\/"},"modified":"2026-06-03T21:45:16","modified_gmt":"2026-06-03T21:45:16","slug":"la-juve-prova-a-sfidare-linter-per-palestra","status":"publish","type":"post","link":"https:\/\/www.europesays.com\/it\/522222\/","title":{"rendered":"La Juve prova a sfidare l&#8217;Inter per Palestra"},"content":{"rendered":"<p>La sfida per l&#8217;esterno italiano si allarga anche in Serie A. La Juventus prova il sorpasso sull&#8217;Inter<\/p>\n<p>Tutti lo cercano, tutti lo vogliono e c&#8217;\u00e8 chi, grazie a lui, si sta letteralmente fregando le mani. Stiamo parlando di <b><strong>Marco Palestra<\/strong><\/b>, terzino destro classe 2005 che, dopo un anno di prestito al Cagliari in cui \u00e8 letteralmente esploso, torner\u00e0 di propriet\u00e0 <b><strong>dell&#8217;Atalanta <\/strong><\/b>come uno dei giocatori pi\u00f9 contesi sul mercato degli esterni difensivi\/quinti di centrocampo. <\/p>\n<p>Da tempo <b><strong>l&#8217;Inter<\/strong><\/b> lo ha messo nel mirino per sostituire Denzel Dumfries, ma i nerazzurri non sono da soli non solo in una competizione internazionale (soprattutto inglese), ma anche in Italia dove nelle ultime ore si \u00e8 fatta sotto per lui anche la <b><strong>Juventus<\/strong><\/b>. <\/p>\n","protected":false},"excerpt":{"rendered":"La sfida per l&#8217;esterno italiano si allarga anche in Serie A. La Juventus prova il sorpasso sull&#8217;Inter Tutti&hellip;\n","protected":false},"author":3,"featured_media":522223,"comment_status":"","ping_status":"","sticky":false,"template":"","format":"standard","meta":{"footnotes":"","_share_on_mastodon":"0"},"categories":[176],"tags":[569,353,5368,350,1537,90,89,558,151785,13564,245,244,355],"class_list":["post-522222","post","type-post","status-publish","format-standard","has-post-thumbnail","category-sport","tag-atalanta","tag-calciomercato","tag-chelsea","tag-inter","tag-it","tag-italia","tag-italy","tag-juventus","tag-m-palestra","tag-manchester-city","tag-sport","tag-sports","tag-transfers"],"share_on_mastodon":{"url":"https:\/\/pubeurope.com\/@it\/116688370181562844","error":""},"_links":{"self":[{"href":"https:\/\/www.europesays.com\/it\/wp-json\/wp\/v2\/posts\/522222","targetHints":{"allow":["GET"]}}],"collection":[{"href":"https:\/\/www.europesays.com\/it\/wp-json\/wp\/v2\/posts"}],"about":[{"href":"https:\/\/www.europesays.com\/it\/wp-json\/wp\/v2\/types\/post"}],"author":[{"embeddable":true,"href":"https:\/\/www.europesays.com\/it\/wp-json\/wp\/v2\/users\/3"}],"replies":[{"embeddable":true,"href":"https:\/\/www.europesays.com\/it\/wp-json\/wp\/v2\/comments?post=522222"}],"version-history":[{"count":0,"href":"https:\/\/www.europesays.com\/it\/wp-json\/wp\/v2\/posts\/522222\/revisions"}],"wp:featuredmedia":[{"embeddable":true,"href":"https:\/\/www.europesays.com\/it\/wp-json\/wp\/v2\/media\/522223"}],"wp:attachment":[{"href":"https:\/\/www.europesays.com\/it\/wp-json\/wp\/v2\/media?parent=522222"}],"wp:term":[{"taxonomy":"category","embeddable":true,"href":"https:\/\/www.europesays.com\/it\/wp-json\/wp\/v2\/categories?post=522222"},{"taxonomy":"post_tag","embeddable":true,"href":"https:\/\/www.europesays.com\/it\/wp-json\/wp\/v2\/tags?post=522222"}],"curies":[{"name":"wp","href":"https:\/\/api.w.org\/{rel}","templated":true}]}}