{"id":522500,"date":"2026-06-04T01:50:16","date_gmt":"2026-06-04T01:50:16","guid":{"rendered":"https:\/\/www.europesays.com\/it\/522500\/"},"modified":"2026-06-04T01:50:16","modified_gmt":"2026-06-04T01:50:16","slug":"alvin-lascia-battiti-live-fabio-rovazzi-affianchera-ilary-blasi","status":"publish","type":"post","link":"https:\/\/www.europesays.com\/it\/522500\/","title":{"rendered":"Alvin lascia Battiti Live, Fabio Rovazzi affiancher\u00e0 Ilary Blasi"},"content":{"rendered":"<p><strong>Alvin<\/strong> lascia <strong>Battiti Live<\/strong> e torna all\u2019<strong>Isola dei Famosi<\/strong>. \u00c8 uno dei cambi di scena pi\u00f9 significativi della prossima stagione televisiva Mediaset. Dopo aver affiancato per anni<strong> Ilary Blasi<\/strong> nel programma musicale dell\u2019estate, il conduttore e inviato sar\u00e0 infatti impegnato nelle registrazioni della nuova edizione del reality show, dove torner\u00e0 a ricoprire uno dei suoi ruoli di maggior successo.<\/p>\n<p>Perch\u00e9 Alvin lascia Battiti Live<\/p>\n<p>L\u2019Isola dei Famosi 2026 continua a prendere forma e, dopo<a href=\"https:\/\/dilei.it\/spettacolo\/selvaggia-lucarelli-conduce-isola-dei-famosi\/2397800\/\" data-doctype=\"\" rel=\"nofollow noopener\" target=\"_blank\"> l\u2019annuncio di Selvaggia Lucarelli alla conduzione<\/a> e la diffusione dei <a href=\"https:\/\/dilei.it\/spettacolo\/isola-famosi-2026-naufraghi\/2398107\/\" data-doctype=\"\" rel=\"nofollow noopener\" target=\"_blank\">primi nomi del cast<\/a>, arriva un\u2019altra conferma importante. <strong>A ricoprire il ruolo di inviato sar\u00e0 infatti Alvin<\/strong>, volto ormai profondamente legato al reality e considerato uno dei principali punti di riferimento del programma.<\/p>\n<p>Sar\u00e0 lui a seguire da vicino l\u2019avventura dei concorrenti nelle Filippine, raccontando le dinamiche quotidiane del gruppo e facendo da collegamento con lo studio televisivo. Per Alvin si tratta di<strong> un ritorno a un incarico che conosce bene<\/strong>: nel corso degli anni \u00e8 stato infatti inviato dell\u2019Isola per cinque edizioni consecutive, diventando una presenza familiare per il pubblico del programma.<\/p>\n<p>Lo scorso anno il suo posto era stato affidato a Pierpaolo Pretelli, che questa volta sar\u00e0 invece tra i concorrenti chiamati a confrontarsi con le difficolt\u00e0 della sopravvivenza sull\u2019isola. Nel 2024, invece, nel ruolo di inviata c\u2019era Elenoire Casalegno.<\/p>\n<p>Un ritorno gradito, quello di Alvin, che coincide anche con <strong>una fase di profondo cambiamento<\/strong> per il format. Stando alle anticipazioni emerse nelle ultime settimane, l\u2019edizione 2026 segner\u00e0 una svolta significativa rispetto al passato. Per la prima volta il reality dovrebbe essere interamente registrato e non pi\u00f9 trasmesso in diretta.<\/p>\n<p>Una scelta destinata a modificare radicalmente il racconto televisivo del programma. Le puntate, undici in totale, saranno costruite attraverso il montaggio del materiale raccolto durante la permanenza dei concorrenti nelle Filippine, avvicinando l\u2019Isola a format come Pechino Express e Temptation Island. Anche <strong>il sistema delle eliminazioni<\/strong> dovrebbe cambiare: niente televoto tradizionale, ma uscite determinate da prove, nomination interne e dinamiche di gioco.<\/p>\n<p>Fabio Rovazzi a Battiti Live con Ilary Blasi<\/p>\n<p>L\u2019impegno nelle registrazioni dell\u2019Isola dei Famosi impedir\u00e0 ad Alvin di prendere parte a un altro appuntamento televisivo che negli ultimi anni lo ha visto protagonista: Battiti Live. Il programma musicale estivo, in onda su Canale 5 nei mesi pi\u00f9 caldi, dovr\u00e0 fare a meno della sua presenza accanto a <a href=\"https:\/\/dilei.it\/star-e-vip\/ilary-blasi\/\" data-doctype=\"\" rel=\"nofollow noopener\" target=\"_blank\">Ilary Blasi<\/a>.<\/p>\n<p>Secondo quanto riportato dal settimanale Chi, la produzione avrebbe gi\u00e0 individuato il sostituto. A raccogliere l\u2019eredit\u00e0 di Alvin dovrebbe essere <strong>Fabio Rovazzi<\/strong>, artista, conduttore e personaggio televisivo che si prepara cos\u00ec a una nuova esperienza professionale.<\/p>\n<p>Per <a href=\"https:\/\/dilei.it\/star-e-vip\/fabio-rovazzi\/\" data-doctype=\"\" rel=\"nofollow noopener\" target=\"_blank\">Rovazzi<\/a> si tratterebbe di un<strong> debutto assoluto<\/strong> alla conduzione di Battiti Live. La sua capacit\u00e0 di muoversi tra musica, televisione e linguaggio digitale rappresenterebbe una scelta in linea con la volont\u00e0 di rinnovare il format e intercettare un pubblico sempre pi\u00f9 trasversale.<\/p>\n<p>A rendere ancora pi\u00f9 interessante l\u2019operazione sarebbe la partnership con Ilary: una <strong>coppia televisiva del tutto inedita<\/strong> che promette di attirare l\u2019attenzione del pubblico e di diventare uno degli elementi pi\u00f9 curiosi della prossima edizione della kermesse musicale di Mediaset.<\/p>\n<p>\t\t\t\tScopri i personaggi in trend, le storie del momento e molto altro.<br \/>Dove? Sul <a href=\"https:\/\/whatsapp.com\/channel\/0029Vb68mVyHVvTWezDm7d0R\" target=\"_blank\" rel=\"noopener nofollow\">canale WhatsApp di DiLei!<\/a><\/p>\n<p>\t\t\t<a class=\"buttonCall\" href=\"https:\/\/whatsapp.com\/channel\/0029Vb68mVyHVvTWezDm7d0R\" target=\"_blank\" rel=\"noopener nofollow\" title=\"Seguici su WhatsApp\"><br \/>\n\t\t\t\tSeguici su WhatsApp<br \/>\n\t\t\t<\/a><\/p>\n","protected":false},"excerpt":{"rendered":"Alvin lascia Battiti Live e torna all\u2019Isola dei Famosi. \u00c8 uno dei cambi di scena pi\u00f9 significativi della&hellip;\n","protected":false},"author":3,"featured_media":522501,"comment_status":"","ping_status":"","sticky":false,"template":"","format":"standard","meta":{"footnotes":"","_share_on_mastodon":"0"},"categories":[174],"tags":[464,203,32190,217,204,14322,1537,90,89,1519,35988,214],"class_list":["post-522500","post","type-post","status-publish","format-standard","has-post-thumbnail","category-intrattenimento","tag-battiti-live","tag-entertainment","tag-fabio-rovazzi","tag-ilary-blasi","tag-intrattenimento","tag-isola-dei-famosi","tag-it","tag-italia","tag-italy","tag-reality-show","tag-selvaggia-lucarelli","tag-spettacolo"],"share_on_mastodon":{"url":"https:\/\/pubeurope.com\/@it\/116689333641426868","error":""},"_links":{"self":[{"href":"https:\/\/www.europesays.com\/it\/wp-json\/wp\/v2\/posts\/522500","targetHints":{"allow":["GET"]}}],"collection":[{"href":"https:\/\/www.europesays.com\/it\/wp-json\/wp\/v2\/posts"}],"about":[{"href":"https:\/\/www.europesays.com\/it\/wp-json\/wp\/v2\/types\/post"}],"author":[{"embeddable":true,"href":"https:\/\/www.europesays.com\/it\/wp-json\/wp\/v2\/users\/3"}],"replies":[{"embeddable":true,"href":"https:\/\/www.europesays.com\/it\/wp-json\/wp\/v2\/comments?post=522500"}],"version-history":[{"count":0,"href":"https:\/\/www.europesays.com\/it\/wp-json\/wp\/v2\/posts\/522500\/revisions"}],"wp:featuredmedia":[{"embeddable":true,"href":"https:\/\/www.europesays.com\/it\/wp-json\/wp\/v2\/media\/522501"}],"wp:attachment":[{"href":"https:\/\/www.europesays.com\/it\/wp-json\/wp\/v2\/media?parent=522500"}],"wp:term":[{"taxonomy":"category","embeddable":true,"href":"https:\/\/www.europesays.com\/it\/wp-json\/wp\/v2\/categories?post=522500"},{"taxonomy":"post_tag","embeddable":true,"href":"https:\/\/www.europesays.com\/it\/wp-json\/wp\/v2\/tags?post=522500"}],"curies":[{"name":"wp","href":"https:\/\/api.w.org\/{rel}","templated":true}]}}