{"id":522538,"date":"2026-06-04T02:22:14","date_gmt":"2026-06-04T02:22:14","guid":{"rendered":"https:\/\/www.europesays.com\/it\/522538\/"},"modified":"2026-06-04T02:22:14","modified_gmt":"2026-06-04T02:22:14","slug":"malore-in-spiaggia-a-jesolo-si-accascia-sulla-sabbia-e-muore-sotto-gli-occhi-della-sorella","status":"publish","type":"post","link":"https:\/\/www.europesays.com\/it\/522538\/","title":{"rendered":"Malore in spiaggia a Jesolo, si accascia sulla sabbia e muore sotto gli occhi della sorella"},"content":{"rendered":"<p><strong><a href=\"https:\/\/www.ilgazzettino.it\/t\/jesolo\" rel=\"nofollow noopener\" target=\"_blank\">JESOLO<\/a><\/strong> &#8211; Si accascia sulla <strong><a href=\"https:\/\/www.ilgazzettino.it\/t\/spiaggia\" rel=\"nofollow noopener\" target=\"_blank\">spiaggia<\/a><\/strong> a muore sotto gli occhi dei bagnanti e della sorella.\u00a0\u00c8 accaduto nella giornata di oggi, mercoled\u00ec 3 giugno, nella zona dell&#8217;arenile corrispondente alla torretta 5, nella zona di via Mascagni. La 75enne si \u00e8 accasciata sulla sabbia, mentre si trovava vicino agli ombrelloni. L&#8217;allarme \u00e8 stato lanciato dalla sorella.\u00a0<\/p>\n<p>I soccorsi<\/p>\n<p>Vani i soccorsi. Gli addetti al salvataggio sono intervenuti immediatamente, avviando le pratiche di rianimazione in attesa dell&#8217;arrivo dei soccorsi. Il personale sanitario del Suem 118 ha tentato di rianimare la 75enne, ma nonostante i tentativi i sanitari hanno constato il decesso. Sul posto la polizia locale.\u00a0<\/p>\n","protected":false},"excerpt":{"rendered":"JESOLO &#8211; Si accascia sulla spiaggia a muore sotto gli occhi dei bagnanti e della sorella.\u00a0\u00c8 accaduto nella&hellip;\n","protected":false},"author":3,"featured_media":522539,"comment_status":"","ping_status":"","sticky":false,"template":"","format":"standard","meta":{"footnotes":"","_share_on_mastodon":"0"},"categories":[6],"tags":[14,8,1537,90,89,5121,7,15,82,9,83,10,13498,13,11,80,84,12,81,85],"class_list":["post-522538","post","type-post","status-publish","format-standard","has-post-thumbnail","category-ultime-notizie","tag-cronaca","tag-headlines","tag-it","tag-italia","tag-italy","tag-jesolo","tag-news","tag-notizie","tag-notizie-di-cronaca","tag-notizie-principali","tag-notiziedicronaca","tag-notizieprincipali","tag-spiaggia","tag-titoli","tag-ultime-notizie","tag-ultime-notizie-di-cronaca","tag-ultime-notizie-e-news-di-oggi","tag-ultimenotizie","tag-ultimenotiziedicronaca","tag-ultimenotizieenewsdioggi"],"share_on_mastodon":{"url":"https:\/\/pubeurope.com\/@it\/116689459372129702","error":""},"_links":{"self":[{"href":"https:\/\/www.europesays.com\/it\/wp-json\/wp\/v2\/posts\/522538","targetHints":{"allow":["GET"]}}],"collection":[{"href":"https:\/\/www.europesays.com\/it\/wp-json\/wp\/v2\/posts"}],"about":[{"href":"https:\/\/www.europesays.com\/it\/wp-json\/wp\/v2\/types\/post"}],"author":[{"embeddable":true,"href":"https:\/\/www.europesays.com\/it\/wp-json\/wp\/v2\/users\/3"}],"replies":[{"embeddable":true,"href":"https:\/\/www.europesays.com\/it\/wp-json\/wp\/v2\/comments?post=522538"}],"version-history":[{"count":0,"href":"https:\/\/www.europesays.com\/it\/wp-json\/wp\/v2\/posts\/522538\/revisions"}],"wp:featuredmedia":[{"embeddable":true,"href":"https:\/\/www.europesays.com\/it\/wp-json\/wp\/v2\/media\/522539"}],"wp:attachment":[{"href":"https:\/\/www.europesays.com\/it\/wp-json\/wp\/v2\/media?parent=522538"}],"wp:term":[{"taxonomy":"category","embeddable":true,"href":"https:\/\/www.europesays.com\/it\/wp-json\/wp\/v2\/categories?post=522538"},{"taxonomy":"post_tag","embeddable":true,"href":"https:\/\/www.europesays.com\/it\/wp-json\/wp\/v2\/tags?post=522538"}],"curies":[{"name":"wp","href":"https:\/\/api.w.org\/{rel}","templated":true}]}}