{"id":522968,"date":"2026-06-04T09:31:21","date_gmt":"2026-06-04T09:31:21","guid":{"rendered":"https:\/\/www.europesays.com\/it\/522968\/"},"modified":"2026-06-04T09:31:21","modified_gmt":"2026-06-04T09:31:21","slug":"delfin-raggiunto-laccordo-sul-riassetto-tra-leonardo-maria-del-vecchio-e-rocco-basilico","status":"publish","type":"post","link":"https:\/\/www.europesays.com\/it\/522968\/","title":{"rendered":"Delfin, raggiunto l\u2019accordo sul riassetto tra Leonardo Maria Del Vecchio e Rocco Basilico"},"content":{"rendered":"<p>    di<br \/>\n    Redazione Economia<\/p>\n<p class=\"summary-art is-line-h-12 is-mr-t-20\">Il recente riavvicinamento tra Leonardo Maria Del Vecchio e Rocco Basilico sembra riportare il sereno sull&#8217;intricata vicenda dell&#8217;eredit\u00e0 miliardaria del fondatore di Luxottica<\/p>\n<p class=\"chapter-paragraph\">Pace fatta tra Leonardo Maria Del Vecchio e Rocco Basilico.<b> I due fratelli avrebbero raggiunto un accordo sul riassetto di Delfin<\/b> &#8211; la cassaforte che oltre a essere il maggior azionista di EssilorLuxottica ha in mano le partecipazioni finanziarie in Mps, Generali e Unicredit &#8211; rinunciando alle azioni legali annunciate negli ultimi giorni. Lo apprende l&#8217;Ansa da fonti vicine al quartogenito del fondatore di Luxottica Leonardo Maria Del Vecchio, che esprimono soddisfazione per la ritrovata intesa con il primo figlio della madre, Nicoletta Zampillo, e del banchiere Paolo Basilico.<\/p>\n<p>    I precedenti<\/p>\n<p class=\"chapter-paragraph\">Nelle scorse settimane Basilico si era rivolto al Tribunale del Lussemburgo nel tentativo di bloccare il riassetto di Delfin. Il primo figlio della vedova Del Vecchio aveva impugnato davanti alla corte del Granducato le delibere dell&#8217;ultima assemblea Delfin sull&#8217;aumento del dividendo e sul trasferimento a Leonardo Maria Del Vecchio delle quote della sorella Paola e del fratello Luca. Un ricorso \u00abinfondato\u00bb secondo Delfin, che non ha bloccato il riassetto &#8211; con i<b>l quartogenito del fondatore di Luxottica pronto a salire al 37,5% <\/b>con l&#8217;acquisto del 25% da sorella e fratello e vicino a un accordo per ottenere la nuda propriet\u00e0 sulla quota, anch&#8217;essa pari al 12,5%, della madre Nicoletta Zampillo &#8211; ma che rischiava di rendere pi\u00f9 complicato il finanziamento da 10 miliardi di euro per l&#8217;acquisto del 25% dal momento che \u00e8 previsto che il veicolo Lmdv Capital dia in pegno alla banche le azioni della holding lussemburghese.    &#13;<br \/>\n&#13;<br \/>\n&#13;<br \/>\n&#13;<br \/>\n&#13;<br \/>\n&#13;<br \/>\n&#13;<br \/>\n&#13;<br \/>\n&#13;<br \/>\n&#13;<br \/>\n&#13;<br \/>\n&#13;<br \/>\n&#13;<br \/>\n&#13;<br \/>\n&#13;<br \/>\n&#13;<br \/>\n&#13;<br \/>\n&#13;<br \/>\n&#13;<br \/>\n&#13;<br \/>\n&#13;<br \/>\n&#13;<br \/>\n&#13;<br \/>\n&#13;<br \/>\n&#13;<br \/>\n&#13;<br \/>\n&#13;<br \/>\n&#13;<br \/>\n&#13;<br \/>\n&#13;<br \/>\n&#13;<br \/>\n&#13;<br \/>\n&#13;<br \/>\n&#13;<br \/>\n&#13;<br \/>\n&#13;<br \/>\n&#13;<br \/>\n&#13;<br \/>\n&#13;<br \/>\n&#13;<br \/>\n&#13;<br \/>\n&#13;<br \/>\n&#13;<br \/>\n&#13;<br \/>\n&#13;<br \/>\n&#13;<br \/>\n&#13;<br \/>\n&#13;<br \/>\n&#13;<br \/>\n&#13;<br \/>\n&#13;<br \/>\n&#13;<br \/>\n&#13;\n<\/p>\n<p>    Il ruolo della madre Nicoletta Zampillo<\/p>\n<p class=\"chapter-paragraph\">A fine maggio Nicoletta Zampillo aveva inviato una lettera al board di Delfin nella quale affermava di voler annullare la decisione di rinunciare a met\u00e0 della quota del 25% a lei destinata dal marito a favore del figlio Rocco. Decisione che quest&#8217;ultimo sembrava <b>voler impugnare intimando a Delfin di non procedere a modificare il suo status di socio.<\/b> Nelle ultime ore, invece, il riavvicinamento tra Leonardo Maria Del Vecchio e Rocco Basilico sembra riportare il sereno sull&#8217;intricata vicenda dell&#8217;eredit\u00e0 miliardaria del fondatore di Luxottica.<\/p>\n<p><a href=\"https:\/\/www.corriere.it\/app-economia\/?intcmp=DL-app_nd_011024_corriere_ss_conomia\" target=\"_blank\" class=\"bck-app-banner\" rel=\"nofollow noopener\"><img decoding=\"async\" class=\"bck-app-img\" src=\"https:\/\/www.europesays.com\/it\/wp-content\/uploads\/2025\/08\/1756449670_863_app.png\"\/><\/p>\n<p>Nuova app <strong>L&#8217;Economia<\/strong>. News, approfondimenti e l&#8217;assistente virtuale al tuo servizio.<\/p>\n<p>SCARICA L&#8217; APP<\/p>\n<p><img decoding=\"async\" src=\"https:\/\/www.europesays.com\/it\/wp-content\/uploads\/2025\/07\/eco.png\"\/><\/a><\/p>\n<p>Iscriviti alle <a href=\"https:\/\/www.corriere.it\/newsletter\/?theme=4\" rel=\"nofollow noopener\" target=\"_blank\">newsletter de L&#8217;Economia<\/a>. Analisi e commenti sui principali avvenimenti\u00a0economici a cura delle firme del Corriere.<\/p>\n<p class=\"is-last-update\" datetime=\"2026-06-04T09:27:40+02:00\">4 giugno 2026<\/p>\n<p class=\"is-copyright\">\n            \u00a9 RIPRODUZIONE RISERVATA\n        <\/p>\n","protected":false},"excerpt":{"rendered":"di Redazione Economia Il recente riavvicinamento tra Leonardo Maria Del Vecchio e Rocco Basilico sembra riportare il sereno&hellip;\n","protected":false},"author":3,"featured_media":480780,"comment_status":"","ping_status":"","sticky":false,"template":"","format":"standard","meta":{"footnotes":"","_share_on_mastodon":"0"},"categories":[172],"tags":[579,178,11842,177,15134,2716,15291,215910,1537,90,89,6775,68812,68813,15305,1259,127806,288774,61638,84221,140884,24596,127804,34776,288775,288776,84213],"class_list":["post-522968","post","type-post","status-publish","format-standard","has-post-thumbnail","category-affari","tag-accordo","tag-affari","tag-basilico","tag-business","tag-delfin","tag-figlio","tag-fondatore","tag-fondatore-luxottica","tag-it","tag-italia","tag-italy","tag-leonardo","tag-leonardo-maria","tag-leonardo-maria-vecchio","tag-luxottica","tag-maria","tag-maria-vecchio","tag-maria-vecchio-rocco","tag-nicoletta","tag-nicoletta-zampillo","tag-riassetto","tag-rocco","tag-rocco-basilico","tag-vecchio","tag-vecchio-rocco","tag-vecchio-rocco-basilico","tag-zampillo"],"share_on_mastodon":{"url":"https:\/\/pubeurope.com\/@it\/116691146960255406","error":""},"_links":{"self":[{"href":"https:\/\/www.europesays.com\/it\/wp-json\/wp\/v2\/posts\/522968","targetHints":{"allow":["GET"]}}],"collection":[{"href":"https:\/\/www.europesays.com\/it\/wp-json\/wp\/v2\/posts"}],"about":[{"href":"https:\/\/www.europesays.com\/it\/wp-json\/wp\/v2\/types\/post"}],"author":[{"embeddable":true,"href":"https:\/\/www.europesays.com\/it\/wp-json\/wp\/v2\/users\/3"}],"replies":[{"embeddable":true,"href":"https:\/\/www.europesays.com\/it\/wp-json\/wp\/v2\/comments?post=522968"}],"version-history":[{"count":0,"href":"https:\/\/www.europesays.com\/it\/wp-json\/wp\/v2\/posts\/522968\/revisions"}],"wp:featuredmedia":[{"embeddable":true,"href":"https:\/\/www.europesays.com\/it\/wp-json\/wp\/v2\/media\/480780"}],"wp:attachment":[{"href":"https:\/\/www.europesays.com\/it\/wp-json\/wp\/v2\/media?parent=522968"}],"wp:term":[{"taxonomy":"category","embeddable":true,"href":"https:\/\/www.europesays.com\/it\/wp-json\/wp\/v2\/categories?post=522968"},{"taxonomy":"post_tag","embeddable":true,"href":"https:\/\/www.europesays.com\/it\/wp-json\/wp\/v2\/tags?post=522968"}],"curies":[{"name":"wp","href":"https:\/\/api.w.org\/{rel}","templated":true}]}}