{"id":523076,"date":"2026-06-04T11:15:15","date_gmt":"2026-06-04T11:15:15","guid":{"rendered":"https:\/\/www.europesays.com\/it\/523076\/"},"modified":"2026-06-04T11:15:15","modified_gmt":"2026-06-04T11:15:15","slug":"mercato-real-city-riquelme-promette-haaland-e-rodri-il-city-minaccia-azioni-legali","status":"publish","type":"post","link":"https:\/\/www.europesays.com\/it\/523076\/","title":{"rendered":"Mercato, Real-City: Riquelme promette Haaland e Rodri, il City minaccia azioni legali"},"content":{"rendered":"<p>                                Lo sfidante di Perez per la presidenza promette due colpi stellari (&#8220;Se non ce la faccio ripagher\u00f2 i soci&#8221;), il City replica con un duro comunicato e annuncia azioni legali per l\u2019utilizzo dell\u2019immagine dell\u2019attaccante norvegese<\/p>\n<p class=\"paragraph\" spellcheck=\"true\">&#8220;Vi porto Haaland e Rodri&#8221;. &#8220;Vi quereliamo&#8221;. La sfida Real Madrid-Manchester City esce dal campo e si sposta negli studi legali. \u00c8 tutto nato dopo <a href=\"https:\/\/www.gazzetta.it\/Calcio\/Liga\/03-06-2026\/mourinho-per-il-real-la-mossa-di-florentino-perez-scuote-le-elezioni.shtml?intcmp=hyperlink-articolo-gazit\" target=\"_blank\" rel=\"nofollow noopener\">le dichiarazioni del candidato alla presidenza dei Blancos<\/a>, Enrique Riquelme, che domenica tenter\u00e0 di prendere il posto di Florentino Perez, in sella dal 2009. Lo sfidante ha alzato subito il livello della contesa. Non solo per le promesse di non vendere parti del club, ma per un paio di annunci stellari. &#8220;Haaland ha una clausola e vuole venire al Madrid. Rodri? \u00c8 un grande giocatore, un Pallone d\u2019Oro in una posizione in cui il Madrid deve rinforzarsi. Se sar\u00f2 presidente, Rodri giocher\u00e0 nel Real Madrid, con rispetto per il City&#8221;. Con tanto di firma dal notaio: &#8220;Mi impegno sui due giocatori che ho annunciato e ho firmato una garanzia notarile personale: se non dovessi rispettarla, pagher\u00f2 il 100% dell\u2019intera quota dei 100.000 soci del Real Madrid&#8221;. E Perez, in contemporanea, sull&#8217;account twitter della sua candidatura annuncia che Mourinho sar\u00e0 il prossimo allenatore, con tanto di video dello Special One con la maglia dei Blancos che pronuncia un semplice &#8220;S\u00ec&#8221;. Boom.<\/p>\n<p>    contrattacco\u2014 \u00a0<\/p>\n<p class=\"paragraph is-inline\" spellcheck=\"true\">La risposta del City non si \u00e8 fatta attendere. Va bene che Pep Guardiola ha deciso di lasciare dopo 10 anni, <a href=\"https:\/\/www.gazzetta.it\/Calcio\/Premier-League\/18-05-2026\/guardiola-lascia-il-manchester-city.shtml?intcmp=hyperlink-articolo-gazit\" rel=\"nofollow noopener\" target=\"_blank\">ma il futuro \u00e8 gi\u00e0 scritto<\/a> e non prevede cali di livello, n\u00e9 di obiettivi. La reazione alle dichiarazioni di Riquelme \u00e8 arrivata con parole durissime: &#8220;Le notizie arrivate dalla Spagna sul futuro di Erling Haaland non sono vere. Non c\u2019\u00e8 alcuna possibilit\u00e0 che ci\u00f2 accada e non esiste alcuna clausola contrattuale che lo consenta. Stiamo valutando azioni legali per l\u2019utilizzo dell\u2019immagine del nostro giocatore in questo contesto\u201d. Il padre di Haaland, Alfie, e l&#8217;agente Rafaela Pimenta, abbassano la serranda: &#8220;Tutto molto divertente, ma non vero. Auguriamo il meglio a entrambi i candidati nelle elezioni del Real Madrid\u201d. Per la par condicio, Mourinho smentisce l&#8217;annuncio di Perez:\u00a0 chiama il Benfica per specificare che il suo video con la maglia del Madrid \u00e8 stato fatto con l&#8217;intelligenza artificiale.<\/p>\n<p><a class=\"is-partner-link\" href=\"https:\/\/fantacampionato.gazzetta.it\/home?intcmp=CTAMondiale26\" rel=\"nofollow noopener\" target=\"_blank\">Dimostra di essere il migliore: il fantaconcorso pi\u00f9 ricco d&#8217;Italia diventa Mondiale! Abbonati a soli 9,99\u20ac<\/a><\/p>\n<p class=\"is-above-copyright is-mr-r-10\" spellcheck=\"true\">La Gazzetta dello Sport<\/p>\n<p class=\"is-copyright\">\u00a9 RIPRODUZIONE RISERVATA<\/p>\n","protected":false},"excerpt":{"rendered":"Lo sfidante di Perez per la presidenza promette due colpi stellari (&#8220;Se non ce la faccio ripagher\u00f2 i&hellip;\n","protected":false},"author":3,"featured_media":523077,"comment_status":"","ping_status":"","sticky":false,"template":"","format":"standard","meta":{"footnotes":"","_share_on_mastodon":"0"},"categories":[176],"tags":[271,873,40141,288869,107629,820,63744,1102,123,288870,564,75933,288871,6852,1537,90,89,11062,288872,288873,6110,5382,2219,6048,20981,11377,28270,169490,80431,245,244],"class_list":["post-523076","post","type-post","status-publish","format-standard","has-post-thumbnail","category-sport","tag-annuncia","tag-azioni","tag-azioni-legali","tag-azioni-legali-utilizzo","tag-blancos","tag-city","tag-clausola","tag-dichiarazioni","tag-elezioni","tag-elezioni-real","tag-giocatore","tag-haaland","tag-haaland-rodri","tag-immagine","tag-it","tag-italia","tag-italy","tag-legali","tag-legali-utilizzo","tag-legali-utilizzo-immagine","tag-livello","tag-madrid","tag-maglia","tag-mourinho","tag-perez","tag-real","tag-real-madrid","tag-riquelme","tag-rodri","tag-sport","tag-sports"],"share_on_mastodon":{"url":"https:\/\/pubeurope.com\/@it\/116691555194823478","error":""},"_links":{"self":[{"href":"https:\/\/www.europesays.com\/it\/wp-json\/wp\/v2\/posts\/523076","targetHints":{"allow":["GET"]}}],"collection":[{"href":"https:\/\/www.europesays.com\/it\/wp-json\/wp\/v2\/posts"}],"about":[{"href":"https:\/\/www.europesays.com\/it\/wp-json\/wp\/v2\/types\/post"}],"author":[{"embeddable":true,"href":"https:\/\/www.europesays.com\/it\/wp-json\/wp\/v2\/users\/3"}],"replies":[{"embeddable":true,"href":"https:\/\/www.europesays.com\/it\/wp-json\/wp\/v2\/comments?post=523076"}],"version-history":[{"count":0,"href":"https:\/\/www.europesays.com\/it\/wp-json\/wp\/v2\/posts\/523076\/revisions"}],"wp:featuredmedia":[{"embeddable":true,"href":"https:\/\/www.europesays.com\/it\/wp-json\/wp\/v2\/media\/523077"}],"wp:attachment":[{"href":"https:\/\/www.europesays.com\/it\/wp-json\/wp\/v2\/media?parent=523076"}],"wp:term":[{"taxonomy":"category","embeddable":true,"href":"https:\/\/www.europesays.com\/it\/wp-json\/wp\/v2\/categories?post=523076"},{"taxonomy":"post_tag","embeddable":true,"href":"https:\/\/www.europesays.com\/it\/wp-json\/wp\/v2\/tags?post=523076"}],"curies":[{"name":"wp","href":"https:\/\/api.w.org\/{rel}","templated":true}]}}