{"id":523102,"date":"2026-06-04T11:39:20","date_gmt":"2026-06-04T11:39:20","guid":{"rendered":"https:\/\/www.europesays.com\/it\/523102\/"},"modified":"2026-06-04T11:39:20","modified_gmt":"2026-06-04T11:39:20","slug":"alvin-torna-inviato-allisola-dei-famosi-fabio-rovazzi-nuovo-co-conduttore-di-battiti-live","status":"publish","type":"post","link":"https:\/\/www.europesays.com\/it\/523102\/","title":{"rendered":"Alvin torna inviato all\u2019Isola dei Famosi, Fabio Rovazzi nuovo co-conduttore di Battiti Live"},"content":{"rendered":"<p>\n                            Ogni giorno le notizie pi\u00f9 lette della giornata<br \/>\n                            <b>Iscriviti<\/b> e ricevi le notizie via email\n                        <\/p>\n<p>Il cast della prossima stagione televisiva si arricchisce di un attesissimo ritorno. <strong><a href=\"https:\/\/www.ilmattino.it\/t\/alvin\" rel=\"nofollow noopener\" target=\"_blank\">Alvin<\/a> sar\u00e0 nuovamente l&#8217;inviato della prossima edizione de L\u2019<a href=\"https:\/\/www.ilmattino.it\/t\/isola-dei-famosi\" rel=\"nofollow noopener\" target=\"_blank\">Isola dei Famosi<\/a><\/strong>. Il conduttore, considerato un vero e proprio veterano del reality adventure di Canale 5, come riporta Chi, \u00e8 pronto a gestire i complessi collegamenti per affiancare la conduttrice <a href=\"https:\/\/www.ilmattino.it\/t\/selvaggia-lucarelli\" rel=\"nofollow noopener\" target=\"_blank\">Selvaggia Lucarelli<\/a>. Le registrazioni delle puntate entreranno nel vivo gi\u00e0 nel giro di poche settimane nelle <a href=\"https:\/\/www.ilmattino.it\/t\/filippine\" rel=\"nofollow noopener\" target=\"_blank\">Filippine<\/a>, mentre la messa in onda ufficiale sul piccolo schermo \u00e8 prevista per il prossimo autunno.<\/p>\n<p>&#13;<\/p>\n<p>APPROFONDIMENTI<\/p>\n<p>&#13;<br \/>\n    &#13;<\/p>\n<p>Per quanto riguarda il gruppo dei naufraghi, tra i primi nomi del cast inizia a circolare con insistenza quello di Pierpaolo Pretelli.\u00a0Questo importante ritorno alle origini comporta per\u00f2 un inevitabile cambio di guardia sul fronte estivo. Essendo impegnato sul set dell&#8217;<a href=\"https:\/\/www.ilmattino.it\/t\/isola\" rel=\"nofollow noopener\" target=\"_blank\">Isola<\/a> proprio nei mesi di giugno e luglio, Alvin non potr\u00e0 mantenere il suo posto alla guida di Battiti Live, la storica kermesse musicale dell&#8217;estate <a href=\"https:\/\/www.ilmattino.it\/t\/mediaset\" rel=\"nofollow noopener\" target=\"_blank\">Mediaset<\/a>.<\/p>\n<p><strong>Fabio Rovazzi sostituisce Alvin a Battiti Live<\/strong> <\/p>\n<p>Per non lasciare sola <a href=\"https:\/\/www.ilmattino.it\/t\/ilary-blasi\" rel=\"nofollow noopener\" target=\"_blank\">Ilary Blasi<\/a> sul palco dell&#8217;evento musicale, la produzione,come riporta Chi,\u00a0ha gi\u00e0 individuato il sostituto ideale:\u00a0\u00abAlvin, gi\u00e0 inviato in cinque edizioni, sar\u00e0 impegnato con le registrazioni fra giugno e luglio nelle Filippine\u2026 Per questa ragione non potr\u00e0 affiancare Ilary Blasi alla guida di Battiti Live. Ilary per\u00f2 non sar\u00e0 sola e avr\u00e0 un nuovo partner al suo fianco: si tratta di <a href=\"https:\/\/www.ilmattino.it\/t\/fabio-rovazzi\" rel=\"nofollow noopener\" target=\"_blank\">Fabio Rovazzi<\/a>\u2026\u00bb.\u00a0Per Rovazzi si tratta di una promozione di rilievo all&#8217;interno del daytime estivo di Canale 5, ma il cantante e regista non \u00e8 affatto un volto nuovo per il pubblico di della rete. Negli ultimi mesi ha infatti consolidato la sua presenza in tv prima nel ruolo di giurato nel programma Io Canto e, successivamente, come spalla di <a href=\"https:\/\/www.ilmattino.it\/t\/federica-panicucci\" rel=\"nofollow noopener\" target=\"_blank\">Federica Panicucci<\/a> nella conduzione dell&#8217;ultimo Capodanno in Musica.<\/p>\n","protected":false},"excerpt":{"rendered":"Ogni giorno le notizie pi\u00f9 lette della giornata Iscriviti e ricevi le notizie via email Il cast della&hellip;\n","protected":false},"author":3,"featured_media":523103,"comment_status":"","ping_status":"","sticky":false,"template":"","format":"standard","meta":{"footnotes":"","_share_on_mastodon":"0"},"categories":[1444],"tags":[19367,203,32190,37575,39654,217,204,10714,288108,1537,90,89,9060,35988,253],"class_list":["post-523102","post","type-post","status-publish","format-standard","has-post-thumbnail","category-tv","tag-alvin","tag-entertainment","tag-fabio-rovazzi","tag-federica-panicucci","tag-filippine","tag-ilary-blasi","tag-intrattenimento","tag-isola","tag-isoladei-famosi","tag-it","tag-italia","tag-italy","tag-mediaset","tag-selvaggia-lucarelli","tag-tv"],"share_on_mastodon":{"url":"https:\/\/pubeurope.com\/@it\/116691649686509371","error":""},"_links":{"self":[{"href":"https:\/\/www.europesays.com\/it\/wp-json\/wp\/v2\/posts\/523102","targetHints":{"allow":["GET"]}}],"collection":[{"href":"https:\/\/www.europesays.com\/it\/wp-json\/wp\/v2\/posts"}],"about":[{"href":"https:\/\/www.europesays.com\/it\/wp-json\/wp\/v2\/types\/post"}],"author":[{"embeddable":true,"href":"https:\/\/www.europesays.com\/it\/wp-json\/wp\/v2\/users\/3"}],"replies":[{"embeddable":true,"href":"https:\/\/www.europesays.com\/it\/wp-json\/wp\/v2\/comments?post=523102"}],"version-history":[{"count":0,"href":"https:\/\/www.europesays.com\/it\/wp-json\/wp\/v2\/posts\/523102\/revisions"}],"wp:featuredmedia":[{"embeddable":true,"href":"https:\/\/www.europesays.com\/it\/wp-json\/wp\/v2\/media\/523103"}],"wp:attachment":[{"href":"https:\/\/www.europesays.com\/it\/wp-json\/wp\/v2\/media?parent=523102"}],"wp:term":[{"taxonomy":"category","embeddable":true,"href":"https:\/\/www.europesays.com\/it\/wp-json\/wp\/v2\/categories?post=523102"},{"taxonomy":"post_tag","embeddable":true,"href":"https:\/\/www.europesays.com\/it\/wp-json\/wp\/v2\/tags?post=523102"}],"curies":[{"name":"wp","href":"https:\/\/api.w.org\/{rel}","templated":true}]}}