{"id":523162,"date":"2026-06-04T12:25:14","date_gmt":"2026-06-04T12:25:14","guid":{"rendered":"https:\/\/www.europesays.com\/it\/523162\/"},"modified":"2026-06-04T12:25:14","modified_gmt":"2026-06-04T12:25:14","slug":"michele-bartoli-academy-viaggio-al-centro-di-un-nuovo-ciclismo-gallery","status":"publish","type":"post","link":"https:\/\/www.europesays.com\/it\/523162\/","title":{"rendered":"MICHELE BARTOLI ACADEMY, VIAGGIO AL CENTRO DI UN NUOVO CICLISMO. GALLERY"},"content":{"rendered":"<p>L&#8217;estate \u00e8 arrivata e l&#8217;attivit\u00e0 della<strong> Michele Bartoli Academy<\/strong> sta entrando nel vivo. Marted\u00ec 2 giugno il Trofeo Coni per giovanissimi, che si \u00e8 svolto a Laterina (curiosamente il paese di Daniele Tortoli, mentore di Michele Bartoli fra i dilettanti), ha visto i quattro selezionati chiudere al quarto posto.\n            <\/p>\n<p>A giugno poi <strong>il Meeting Nazionale di Viareggio<\/strong> sar\u00e0 il momento pi\u00f9 importante della stagione. Ed \u00e8 proprio il delicato rapporto fra i giovanissimi e gli appuntamenti pi\u00f9 importanti che il direttore sportivo Mirco Buti gestisce con la massima attenzione. Nel ciclismo che anticipa i tempi in ogni categoria, \u00e8 molto importante preservare l&#8217;infanzia e le sue prerogative.\n            <\/p>\n<p><strong>Mirco Buti, come si spiega a una squadra di bambini che arrivano gli appuntamenti importanti?<\/strong><\/p>\n<p>\u00abDico sempre ai bimbi che \u00e8 importante capire anche la tipologia della gara che andiamo a affrontare. Non gliela facciamo vivere come una gara, togliamo la pressione, per\u00f2 chiaramente sono in grado di capire che il Meeting Nazionale non \u00e8 la corsa di paese. Anche se la viviamo sul piano del gioco e del divertimento, \u00e8 inevitabile che abbiano la voglia di fare bene. Ho a che fare con i bimbi da 20 anni e so quanto ci tengono al risultato. Perch\u00e9 si allenano e si preparano con l&#8217;idea di fare bene\u00bb.<\/p>\n<p><strong>Sono tutti uguali oppure ci sono quelli pi\u00f9 precoci e chi invece \u00e8 davvero timido?<\/strong><\/p>\n<p>\u00abSono totalmente diversi. Abbiamo in squadra dei bimbi cui a volte abbiamo difficolt\u00e0 a dire cosa fare, perch\u00e9 sono gi\u00e0 preparati mentalmente. Sanno affrontare la gara, sanno stare in gruppo, sanno il momento giusto per affrontare la volata. Invece abbiamo dei bimbi che hanno gi\u00e0 10-11 anni, ma la vivono completamente come bambini, quindi come un gioco\u00bb.<\/p>\n<p><strong>Bambini, allenatori e genitori: si fa fatica a tenere dei buoni rapporti?<\/strong><\/p>\n<p>\u00abQuando andiamo alle gare, abbiamo due gazebo: uno per noi e i bambini, uno per i genitori. Questo non perch\u00e9 non vogliamo i genitori sotto il nostro gazebo, anche perch\u00e9 li mettiamo proprio attaccati. Solo vogliamo che i bimbi abbiano anche un po&#8217; di autonomia\u00bb.<\/p>\n<p><strong>Ad esempio? <\/strong><\/p>\n<p>\u00abSe li vedono mettere il numero sulla maglia, i genitori arrivano e fanno loro. Invece noi vogliamo abituare il bambino a gestire il pre-gara, a fare un po&#8217; di cose anche da solo, senza avere il genitore che ti vuol dare una mano o ti vuol dire una cosa\u00bb.<\/p>\n<p><strong>I genitori capiscono bene questo aspetto?<\/strong><\/p>\n<p>\u00abSiamo contentissimi, perch\u00e9 abbiamo un gruppo di genitori che hanno capito bene la situazione, anzi l&#8217;hanno condivisa e approvata. E poi comunque siamo consapevoli che sono bambini e che un G0 ha 5 anni e non puoi impedire a un genitore di avvicinarsi. Anzi, noi abbiamo bisogno dei genitori. Quello che gli chiediamo \u00e8 di rispettare il tempo della piccola riunione che facciamo con i bimbi prima della gara, quando gli spieghiamo il percorso. In quel momento, noi tecnici vogliamo essere sotto al gazebo con i bimbi e parlare con loro, spiegare tutte le cose anche per un discorso di concentrazione e di attenzione\u00bb.<\/p>\n<p><strong>Continui a chiamarli bimbi, quando inizieranno a chiamarsi corridori?<\/strong><\/p>\n<p>\u00abPurtroppo, per come va il ciclismo, non ha ancora senso chiamarli corridori, per\u00f2 mi rendo conto che gi\u00e0 da G6 si hanno difficolt\u00e0 a trovare squadra negli esordienti. Un esordiente ha difficolt\u00e0 a trovare squadra negli allievi, quindi siamo al punto che purtroppo anche nei giovanissimi un G6 deve dimostrare qualcosa altrimenti non trova squadra\u00bb.<\/p>\n<p><strong>Per questo la Michele Bartoli Academy guarda gi\u00e0 verso gli esordienti?<\/strong><\/p>\n<p>\u00abMichele secondo me sta facendo qualcosa di nuovo, qualcosa di veramente bello anche per i bimbi. Riuscire a far star tranquillo un bimbo, sapendo che da G6 ha gi\u00e0 la squadra negli esordienti, secondo me \u00e8 una cosa importante\u00bb.<\/p>\n<p><strong>La Michele Bartoli Academy \u00e8 stata presentata ufficialmente l&#8217;8 marzo 2026. Conta 20 bambini della categoria Giovanissimi, a partire da sette G0.<\/strong><\/p>\n<p>\u00abLa societ\u00e0 \u00e8 guidata dalla presidente Alessandra Ciuffardi, accanto a lei i vicepresidenti Mauro Bartoli e Roberto Cecchi. Oltre a essere l&#8217;ispiratore del progetto, Michele Bartoli figura come tecnico allenatore di terzo livello e accanto a lui ci sono i tre direttori sportivi: Mirco Buti, Virginia Gelichi e Gabriele Cantini\u00bb.<\/p>\n","protected":false},"excerpt":{"rendered":"L&#8217;estate \u00e8 arrivata e l&#8217;attivit\u00e0 della Michele Bartoli Academy sta entrando nel vivo. Marted\u00ec 2 giugno il Trofeo&hellip;\n","protected":false},"author":3,"featured_media":523163,"comment_status":"","ping_status":"","sticky":false,"template":"","format":"standard","meta":{"footnotes":"","_share_on_mastodon":"0"},"categories":[1456],"tags":[1824,49276,1825,1974,18885,1537,90,89,288905,245,244],"class_list":["post-523162","post","type-post","status-publish","format-standard","has-post-thumbnail","category-ciclismo","tag-ciclismo","tag-ciclismo-giovanile","tag-cycling","tag-formazione","tag-giovanissimi","tag-it","tag-italia","tag-italy","tag-michele-bartoli-academy","tag-sport","tag-sports"],"share_on_mastodon":{"url":"https:\/\/pubeurope.com\/@it\/116691830515142156","error":""},"_links":{"self":[{"href":"https:\/\/www.europesays.com\/it\/wp-json\/wp\/v2\/posts\/523162","targetHints":{"allow":["GET"]}}],"collection":[{"href":"https:\/\/www.europesays.com\/it\/wp-json\/wp\/v2\/posts"}],"about":[{"href":"https:\/\/www.europesays.com\/it\/wp-json\/wp\/v2\/types\/post"}],"author":[{"embeddable":true,"href":"https:\/\/www.europesays.com\/it\/wp-json\/wp\/v2\/users\/3"}],"replies":[{"embeddable":true,"href":"https:\/\/www.europesays.com\/it\/wp-json\/wp\/v2\/comments?post=523162"}],"version-history":[{"count":0,"href":"https:\/\/www.europesays.com\/it\/wp-json\/wp\/v2\/posts\/523162\/revisions"}],"wp:featuredmedia":[{"embeddable":true,"href":"https:\/\/www.europesays.com\/it\/wp-json\/wp\/v2\/media\/523163"}],"wp:attachment":[{"href":"https:\/\/www.europesays.com\/it\/wp-json\/wp\/v2\/media?parent=523162"}],"wp:term":[{"taxonomy":"category","embeddable":true,"href":"https:\/\/www.europesays.com\/it\/wp-json\/wp\/v2\/categories?post=523162"},{"taxonomy":"post_tag","embeddable":true,"href":"https:\/\/www.europesays.com\/it\/wp-json\/wp\/v2\/tags?post=523162"}],"curies":[{"name":"wp","href":"https:\/\/api.w.org\/{rel}","templated":true}]}}