{"id":523166,"date":"2026-06-04T12:29:20","date_gmt":"2026-06-04T12:29:20","guid":{"rendered":"https:\/\/www.europesays.com\/it\/523166\/"},"modified":"2026-06-04T12:29:20","modified_gmt":"2026-06-04T12:29:20","slug":"juve-piu-milioni-per-il-mercato-ma-meno-gol-pro-e-contro-delladdio-di-vlahovic","status":"publish","type":"post","link":"https:\/\/www.europesays.com\/it\/523166\/","title":{"rendered":"Juve, pi\u00f9 milioni per il mercato, ma meno gol: pro e contro dell&#8217;addio di Vlahovic"},"content":{"rendered":"<p>                                Il mancato rinnovo del contratto dell&#8217;attaccante serbo permette alla dirigenza di liberare spazio a bilancio per gli acquisti, ma priva Spalletti forse dell&#8217;unica certezza nel reparto offensivo<\/p>\n<p class=\"paragraph\" spellcheck=\"true\">Ogni scelta porta con s\u00e9 convinzioni e dubbi.\u00a0Sono questi i sentimenti che stanno respirando in queste ore i tifosi della Juventus, che da ieri hanno saputo che le loro strade <a href=\"https:\/\/www.gazzetta.it\/Calcio\/Serie-A\/Juventus\/03-06-2026\/juve-vlahovic-via-a-parametro-zero-interrotte-le-trattative-per-il-rinnovo.shtml?intcmp=hyperlink-articolo-gazit\" title=\"Vlahovic-Juve, \u00e8 finita: interrotte le trattative per il rinnovo. Chiellini: \" a=\"\" queste=\"\" cifre=\"\" non=\"\" rimarr=\"\" in=\"\" italia=\"\" itali rel=\"nofollow noopener\" target=\"_blank\">si separeranno da quella di Dusan Vlahovic<\/a>. Un calciatore arrivato con grandi aspettative e incapace di mantenerle totalmente, ma che, come ha sottolineato anche Chiellini\u00a0&#8220;\u00e8 una persona seria e fino all\u2019ultimo ha tenuto alla Juve&#8221;. Una scelta con pro e contro, insomma, che solo il tempo (e il campo) potr\u00e0 dimostrare se sia stata giusta o sbagliata.<\/p>\n<p>    i pro dell&#8217;addio di vlahovic\u2014 \u00a0<\/p>\n<p class=\"paragraph is-inline\" spellcheck=\"true\">Costato 70 milioni di euro pi\u00f9 10 di bonus e 11,6 di commissioni, Vlahovic ha ricevuto oltre 80 milioni di stipendi lordi in 4 anni e mezzo e ha garantito alla Juve 68 gol in 168 presenze. Allo stesso tempo, per\u00f2, ha subito anche numerosi infortuni muscolari che ne hanno limitato l&#8217;impiego, tra cui la fastidiosa pubalgia dell&#8217;inverno 2022 e la lesione di alto grado della giunzione muscolo-tendinea dell&#8217;adduttore lungo di sinistra del novembre scorso, problema che l&#8217;ha tenuto fuori per 4 mesi. Cos\u00ec, tra stipendio lordo e ammortamento, ogni sua rete \u00e8 costata al club bianconero circa 2,4 milioni mentre ogni suo minuto giocato pi\u00f9 di 14.000 euro. Decisamente troppo.\u00a0Non rinnovando il contratto di Vlahovic, <a href=\"https:\/\/www.gazzetta.it\/Calcio\/Serie-A\/Juventus\/02-06-2026\/juventus-il-calciomercato-tra-bilancio-e-paletti-uefa-spazio-per-investire.shtml?intcmp=hyperlink-articolo-gazit\" title=\"La Juve punta a due colpi top. Ecco come pu\u00f2 permetterseli\" rel=\"nofollow noopener\" target=\"_blank\">la Juve libera una cifra decisamente corposa a bilancio<\/a>: oltre 40 milioni tra ammortamento e ingaggio monstre, nell&#8217;ultimo anno, da 12 milioni netti all&#8217;anno (circa 22 milioni lordi). In uno scenario in cui sar\u00e0 necessario operare profondamente sul mercato per fornire a Spalletti <a href=\"https:\/\/www.gazzetta.it\/Calcio\/Serie-A\/Juventus\/01-06-2026\/juve-bonus-scudetto-nel-contratto-di-spalletti-i-dettagli.shtml?intcmp=hyperlink-articolo-gazit\" title=\"Far\u00e0 l&#039;Europa League, ma punta allo scudetto: Juve, c&#039;\u00e8 un maxi bonus nel contratto di Spalletti\" rel=\"nofollow noopener\" target=\"_blank\">una squadra in grado di lottare per lo scudetto<\/a>, \u00e8 una grande boccata d&#8217;ossigeno. Basti pensare che, se dovesse essere raggiunto l&#8217;accordo con il Psg per l&#8217;arrivo di Kolo Muani, questo peserebbe sul bilancio bianconero per poco pi\u00f9 di un terzo rispetto al serbo. E quindi ci sarebbe spazio per altri 2\/3 colpi simili. Quel <a href=\"https:\/\/www.gazzetta.it\/Calcio\/Calciomercato\/Juventus\/14-04-2026\/juve-comolli-alisson-bernardo.shtml?intcmp=hyperlink-articolo-gazit\" title=\"Comolli non si nasconde: \" alisson=\"\" e=\"\" bernardo=\"\" silva=\"\" i=\"\" big=\"\" sono=\"\" attratti=\"\" dalla=\"\" juve=\"\" attratt juv rel=\"nofollow noopener\" target=\"_blank\">mercato &#8220;ambizioso&#8221; annunciato dall&#8217;ad Comolli<\/a>.<\/p>\n<p><a class=\"is-partner-link\" href=\"https:\/\/fantacampionato.gazzetta.it\/home?intcmp=CTAMondiale26\" rel=\"nofollow noopener\" target=\"_blank\">Dimostra di essere il migliore: il fantaconcorso pi\u00f9 ricco d&#8217;Italia diventa Mondiale! Abbonati a soli 9,99\u20ac<\/a><\/p>\n<p> I sondaggi online di Gazzetta.it non hanno un valore statistico,<br \/>\n            si tratta di rilevazioni non basate su un campione elaborato scientificamente. Hanno lo scopo di permettere<br \/>\n            ai lettori di esprimere la propria opinione sui temi di attualit\u00e0. Le percentuali non tengono conto<br \/>\n            dei valori decimali. In alcuni casi, quindi, la somma pu\u00f2 risultare superiore a 100.<\/p>\n<p>    gli aspetti negativi\u2014 \u00a0<\/p>\n<p class=\"paragraph is-inline\" spellcheck=\"true\">Allo stesso tempo, per\u00f2, con l&#8217;addio di Vlahovic la Juve perde una certezza, forse addirittura l&#8217;unica nel reparto offensivo: nel corso del suo quadriennio, infatti, sulla panchina bianconera si alternati numerosi allenatori, ma tutti hanno sempre scelto il serbo come loro punto di riferimento dell&#8217;attacco. Che, alla fine, pur palesando molta discontinuit\u00e0, ha garantito una rete ogni 163&#8242; e una media punti di 1,72. L&#8217;ultimo in ordine di tempo \u00e8 stato Spalletti, che, non a caso, non ha mai nascosto che avrebbe gradito di poter lavorare ancora con l&#8217;ex Fiorentina. D&#8217;altronde, gli ultimi arrivati in casa juventina sono la conferma che non \u00e8 cos\u00ec semplice ambientarsi in Serie A: <a href=\"https:\/\/www.gazzetta.it\/Calcio\/Calciomercato\/Juventus\/01-06-2026\/juventus-openda-e-david-grane-milionarie-e-freni-al-mercato.shtml?intcmp=hyperlink-articolo-gazit\" title=\"Juve, e ora come fai? Openda e David: grane milionarie e freni al mercato\" rel=\"nofollow noopener\" target=\"_blank\">David e Openda<\/a> erano sbarcati forti di numeri da bomber di razza, ma non sono riusciti ad affermarsi nel nostro campionato. E chiss\u00e0 se andr\u00e0 meglio ai loro successori. Giusto o sbagliato, quindi, rinunciare a Vlahovic? I tifosi della Juve si interrogano, almeno finch\u00e9 il tempo (e il campo) non emetteranno la sentenza&#8230;<\/p>\n<p class=\"is-copyright\">\u00a9 RIPRODUZIONE RISERVATA<\/p>\n","protected":false},"excerpt":{"rendered":"Il mancato rinnovo del contratto dell&#8217;attaccante serbo permette alla dirigenza di liberare spazio a bilancio per gli acquisti,&hellip;\n","protected":false},"author":3,"featured_media":523167,"comment_status":"","ping_status":"","sticky":false,"template":"","format":"standard","meta":{"footnotes":"","_share_on_mastodon":"0"},"categories":[1452],"tags":[2983,288677,39025,10575,1033,721,921,5204,6693,16684,724,1740,80166,1976,4941,1537,90,89,565,3528,1412,27798,5303,1465,288906,288907,5528,254358,2518,1360,12154,1739,24806,8041,245,244,14210,578],"class_list":["post-523166","post","type-post","status-publish","format-standard","has-post-thumbnail","category-calcio","tag-addio","tag-addio-vlahovic","tag-ammortamento","tag-bianconero","tag-bilancio","tag-calcio","tag-campo","tag-certezza","tag-contratto","tag-decisamente","tag-euro","tag-football","tag-garantito","tag-gol","tag-grado","tag-it","tag-italia","tag-italy","tag-juve","tag-lordi","tag-mercato","tag-numerosi","tag-offensivo","tag-pro","tag-pro-addio","tag-pro-addio-vlahovic","tag-reparto","tag-reparto-offensivo","tag-rete","tag-scelta","tag-serbo","tag-soccer","tag-spalletti","tag-spazio","tag-sport","tag-sports","tag-tenuto","tag-vlahovic"],"share_on_mastodon":{"url":"https:\/\/pubeurope.com\/@it\/116691846441672027","error":""},"_links":{"self":[{"href":"https:\/\/www.europesays.com\/it\/wp-json\/wp\/v2\/posts\/523166","targetHints":{"allow":["GET"]}}],"collection":[{"href":"https:\/\/www.europesays.com\/it\/wp-json\/wp\/v2\/posts"}],"about":[{"href":"https:\/\/www.europesays.com\/it\/wp-json\/wp\/v2\/types\/post"}],"author":[{"embeddable":true,"href":"https:\/\/www.europesays.com\/it\/wp-json\/wp\/v2\/users\/3"}],"replies":[{"embeddable":true,"href":"https:\/\/www.europesays.com\/it\/wp-json\/wp\/v2\/comments?post=523166"}],"version-history":[{"count":0,"href":"https:\/\/www.europesays.com\/it\/wp-json\/wp\/v2\/posts\/523166\/revisions"}],"wp:featuredmedia":[{"embeddable":true,"href":"https:\/\/www.europesays.com\/it\/wp-json\/wp\/v2\/media\/523167"}],"wp:attachment":[{"href":"https:\/\/www.europesays.com\/it\/wp-json\/wp\/v2\/media?parent=523166"}],"wp:term":[{"taxonomy":"category","embeddable":true,"href":"https:\/\/www.europesays.com\/it\/wp-json\/wp\/v2\/categories?post=523166"},{"taxonomy":"post_tag","embeddable":true,"href":"https:\/\/www.europesays.com\/it\/wp-json\/wp\/v2\/tags?post=523166"}],"curies":[{"name":"wp","href":"https:\/\/api.w.org\/{rel}","templated":true}]}}