{"id":523339,"date":"2026-06-04T14:44:15","date_gmt":"2026-06-04T14:44:15","guid":{"rendered":"https:\/\/www.europesays.com\/it\/523339\/"},"modified":"2026-06-04T14:44:15","modified_gmt":"2026-06-04T14:44:15","slug":"esposito-che-numeri-tra-inter-e-italia-in-azzurro-dietro-solo-a-due-leggende","status":"publish","type":"post","link":"https:\/\/www.europesays.com\/it\/523339\/","title":{"rendered":"Esposito, che numeri tra Inter e Italia: in azzurro dietro solo a due leggende"},"content":{"rendered":"<p>                                Il paragone nei numeri tra Bobo e Pio. E solo Meazza e Rivera han segnato di pi\u00f9 del centravanti interista in azzurro prima dei 21 anni.\u00a0<\/p>\n<p class=\"paragraph\" spellcheck=\"true\">Il parallelismo vien da s\u00e9, basta metterli vicini. Esposito viene paragonato a Christian Vieri fin da quando ha messo piede per la prima volta in Serie A. Questione di similitudini: Pio \u00e8 la punta titolare dell\u2019Inter, gioca e segna in Nazionale, \u00e8 alto, grosso ed esulta mostrando i muscoli. Per certi aspetti, banalmente numerici, Esposito \u00e8 riuscito anche a far meglio di Bobo, che ha debuttato in Nazionale a 23 anni segnando a Trieste contro la Moldavia. La punta di Castellammare, invece, ha esordito a venti e ha segnato quasi subito, pungendo l\u2019Estonia al suo secondo match con la maglia azzurra. E dopo otto presenze \u00e8 gi\u00e0 a quattro gol, l&#8217;ultimo decisivo contro il Lussemburgo: \u00e8 solo il terzo giocatore a realizzare pi\u00f9 di tre gol con la maglia della Nazionale maggiore prima di compiere 21 anni, dopo Giuseppe Meazza (11 reti) e Gianni Rivera (cinque).<\/p>\n<p>        pio-vieri: similutidini, non paragoni\u2014 \u00a0<\/p>\n<p class=\"paragraph\" spellcheck=\"true\">Premessa d\u2019obbligo: niente paragoni. L\u2019ha detto Pio e l\u2019ha ribadito anche Vieri: \u201cQuando entra fare la differenza. \u00c8 bello, ma \u00e8 anche stressante perch\u00e9 ha tanta pressione\u201d. Insomma, il confronto non esiste. Almeno per ora: Vieri \u00e8 stato la punta titolare dell\u2019Italia per quasi un decennio, ha giocato due Mondiali infilando nove gol e ha chiuso l\u2019avventura azzurra con 23 reti in 49 partite. Tuttavia, i numeri di Esposito in azzurro restano: come detto quattro gol in otto partite, di cui una sola da titolare. Ha punto Estonia, Moldavia, Lussemburgo e Norvegia, l\u2019avversaria pi\u00f9 forte incontrata fin qui. Le altre erano molto pi\u00f9 abbordabili. All\u2019et\u00e0 di Esposito, Vieri giocava a vinceva con l\u2019Under 21 di Cesare Maldini, con cui vinse due europei di categoria. E per arrivare a quattro gol con la nazionale maggiore gli servirono 10 partite, di cui per\u00f2 tre ai Mondiali 1998. C&#8217;\u00e8 anche da dire che erano quasi vent&#8217;anni che la punta titolare dell&#8217;Italia &#8211; o tra le candidate a esserlo&#8230; &#8211; non vestiva la maglia dell&#8217;Inter. L&#8217;ultimo? Proprio Bobo (Balotelli si consolid\u00f2 in azzurro dopo aver salutato Milano).\u00a0<\/p>\n<p><a class=\"is-partner-link\" href=\"https:\/\/fantacampionato.gazzetta.it\/home?intcmp=CTAMondiale26\" rel=\"nofollow noopener\" target=\"_blank\">Dimostra di essere il migliore: il fantaconcorso pi\u00f9 ricco d&#8217;Italia diventa Mondiale! Abbonati a soli 9,99\u20ac<\/a><\/p>\n<p>        il percorso\u2014 \u00a0<\/p>\n<p class=\"paragraph\" spellcheck=\"true\">Il percorso resta simile, anche se adeguato ai tempi di oggi. Vieri ha vissuto un\u2019epoca dove le punte cresciute in settori giovanili importanti giravano l\u2019Italia per armarsi di gavetta: Pisa, Ravenna, Venezia. Bobo debutt\u00f2 in Serie A a 18 anni con Mondonico, ma tra i 19 e i 21 gioc\u00f2 sempre in Serie B, prima di sbarcare tra i grandi con l\u2019Atalanta. Pio, promosso quest\u2019anno da Chivu in prima squadra, s\u2019\u00e8 distinto in seconda serie con lo Spezia siglando 19 reti in 40 partite. I tempi sono cambiati, la gavetta si \u00e8 accorciata, il percorso \u00e8 diverso. Pio ha chiuso il primo anno in Serie A con sette reti in 35 partite, di cui 15 dall\u2019inizio. Gli stessi squilli di Vieri nel 1995-96 al vecchio Atleti Azzurri d\u2019Italia. Qualche similitudine c\u2019\u00e8.<\/p>\n<p class=\"is-copyright\">\u00a9 RIPRODUZIONE RISERVATA<\/p>\n","protected":false},"excerpt":{"rendered":"Il paragone nei numeri tra Bobo e Pio. E solo Meazza e Rivera han segnato di pi\u00f9 del&hellip;\n","protected":false},"author":3,"featured_media":523340,"comment_status":"","ping_status":"","sticky":false,"template":"","format":"standard","meta":{"footnotes":"","_share_on_mastodon":"0"},"categories":[1452],"tags":[3187,7920,80919,721,2206,7171,99238,39541,1740,5229,1976,350,1537,90,89,56617,775,2219,44214,65188,4422,1294,62225,4283,491,7173,7634,288989,288991,15313,288990,111052,22850,1821,1739,245,244,3971,26462,28925],"class_list":["post-523339","post","type-post","status-publish","format-standard","has-post-thumbnail","category-calcio","tag-azzurra","tag-azzurro","tag-bobo","tag-calcio","tag-chiuso","tag-esposito","tag-esposito-vieri","tag-estonia","tag-football","tag-gavetta","tag-gol","tag-inter","tag-it","tag-italia","tag-italy","tag-lussemburgo","tag-maggiore","tag-maglia","tag-meazza","tag-moldavia","tag-mondiali","tag-numeri","tag-paragoni","tag-partite","tag-percorso","tag-pio","tag-punta","tag-punta-titolare","tag-punta-titolare-italia","tag-reti","tag-reti-partite","tag-rivera","tag-segnato","tag-serie","tag-soccer","tag-sport","tag-sports","tag-tempi","tag-titolare","tag-vieri"],"share_on_mastodon":{"url":"https:\/\/pubeurope.com\/@it\/116692377446528462","error":""},"_links":{"self":[{"href":"https:\/\/www.europesays.com\/it\/wp-json\/wp\/v2\/posts\/523339","targetHints":{"allow":["GET"]}}],"collection":[{"href":"https:\/\/www.europesays.com\/it\/wp-json\/wp\/v2\/posts"}],"about":[{"href":"https:\/\/www.europesays.com\/it\/wp-json\/wp\/v2\/types\/post"}],"author":[{"embeddable":true,"href":"https:\/\/www.europesays.com\/it\/wp-json\/wp\/v2\/users\/3"}],"replies":[{"embeddable":true,"href":"https:\/\/www.europesays.com\/it\/wp-json\/wp\/v2\/comments?post=523339"}],"version-history":[{"count":0,"href":"https:\/\/www.europesays.com\/it\/wp-json\/wp\/v2\/posts\/523339\/revisions"}],"wp:featuredmedia":[{"embeddable":true,"href":"https:\/\/www.europesays.com\/it\/wp-json\/wp\/v2\/media\/523340"}],"wp:attachment":[{"href":"https:\/\/www.europesays.com\/it\/wp-json\/wp\/v2\/media?parent=523339"}],"wp:term":[{"taxonomy":"category","embeddable":true,"href":"https:\/\/www.europesays.com\/it\/wp-json\/wp\/v2\/categories?post=523339"},{"taxonomy":"post_tag","embeddable":true,"href":"https:\/\/www.europesays.com\/it\/wp-json\/wp\/v2\/tags?post=523339"}],"curies":[{"name":"wp","href":"https:\/\/api.w.org\/{rel}","templated":true}]}}